{"id":9431,"date":"2024-03-24T09:33:21","date_gmt":"2024-03-24T07:33:21","guid":{"rendered":"https:\/\/andersadlercreutz.fi\/blog\/?p=9431"},"modified":"2024-03-24T10:37:35","modified_gmt":"2024-03-24T08:37:35","slug":"ajatuksiani-rkp-puheenjohtajuudesta","status":"publish","type":"post","link":"https:\/\/andersadlercreutz.fi\/blog\/uncategorized\/ajatuksiani-rkp-puheenjohtajuudesta\/?lang=fi","title":{"rendered":"Ajatuksiani RKP: puheenjohtajuudesta"},"content":{"rendered":"<p><span style=\"font-weight: 400;\">Kolme viikkoa sitten <a href=\"https:\/\/www.is.fi\/politiikka\/art-2000010256462.html\">ilmoitin<\/a>, ett\u00e4 olen ehdolla puolueemme puheenjohtajavaaleissa. T\u00e4ss\u00e4 j\u00e4senkirjeess\u00e4 haluan kertoa, miksi.\u00a0<\/span><\/p>\n<p><span style=\"font-weight: 400;\">Toivon, ett\u00e4 luette ja tutustutte ajatuksiini ja otatte matalalla kynnyksell\u00e4 yhteytt\u00e4, jos ne her\u00e4tt\u00e4v\u00e4t kysymyksi\u00e4 tai jos haluatte keskustella ajankohtaisista aiheista syv\u00e4llisemmin.<\/span><\/p>\n<p><span style=\"font-weight: 400;\">T\u00e4m\u00e4n tekstin lomassa ja lopussa on linkkej\u00e4, jotka syvent\u00e4v\u00e4t ajatuksiani.\u00a0<\/span><\/p>\n<h2><span style=\"font-weight: 400;\">Mist\u00e4 kaikki sai alkunsa?<\/span><\/h2>\n<p><span style=\"font-weight: 400;\">Poliittinen urani sai alkunsa er\u00e4\u00e4n\u00e4 syyskuisena aamuna vuonna 2012, kun yst\u00e4v\u00e4ni Annika kehotti minua asettumaan ehdolle kunnallisvaaleissa. Tuo p\u00e4\u00e4t\u00f6s ehdokkuudesta vei minut ensin kunnallispolitiikkaan, sitten eduskuntaan ja nyt viimeksi ministerivastuuseen. Olen saanut paljon, ja olen puolueelle paljosta kiitollinen.\u00a0<\/span><\/p>\n<p><span style=\"font-weight: 400;\">Viimeisten 12 vuoden aikana olen matkustellut ymp\u00e4ri Suomea. Olen syvent\u00e4nyt omaa ymm\u00e4rryst\u00e4ni puolueemme toiminnasta paikallisella tasolla, rakentanut ja vaalinut suhteitamme muihin puolueisiin ja solminut kontakteja kollegoihin Pohjoismaissa ja Euroopassa.<\/span><\/p>\n<p><span style=\"font-weight: 400;\">N\u00e4iden vuosien aikana koen saaneeni realistisen kokonaiskuvan puolueestamme ja sen tilasta. Olen aktiivisesti pohtinut, mit\u00e4 puolueemme pit\u00e4isi tehd\u00e4 vahvistaakseen omia vaikutusmahdollisuuksiaan.<\/span><\/p>\n<p><span style=\"font-weight: 400;\">Meid\u00e4n RKP:mme muodostuu kahvilanomistajista Porvoossa ja opettajista Mustasaaressa. Perunanviljelij\u00f6ist\u00e4 Kristiinankaupungissa ja lauttureista Nauvossa. Insin\u00f6\u00f6reist\u00e4 Vaasassa ja sairaanhoitajista Oulussa. RKP on kaikkea t\u00e4t\u00e4 \u2013 ja paljon muuta.<\/span><\/p>\n<p><span style=\"font-weight: 400;\">Minulla on ollut etuoikeus ty\u00f6skennell\u00e4 kansanedustajana yhdeks\u00e4n vuoden ajan. Nelj\u00e4n\u00e4 niist\u00e4 olen toiminut ryhm\u00e4n puheenjohtajana ja l\u00e4hes vuoden ministerin\u00e4. Sit\u00e4 ennen palvelin kolme vuotta puolueen varapuheenjohtajana.\u00a0<\/span><\/p>\n<p><span style=\"font-weight: 400;\">Olen vastannut suurista kokonaisuuksista hallitusohjelmaneuvotteluissa \u2013 viimeksi viime kev\u00e4\u00e4n\u00e4 talous- ja veropolitiikasta. Nelj\u00e4n vuoden ajan olen neuvotellut niin sanotusta joululahjarahoista alueillemme. Niiden avulla monet hankkeet, kuten vaikkapa tiet Loviisasta Kokkolaan, ovat toteutuneet. Olen istunut useissa eri valiokunnissa ja muodostanut k\u00e4sityksen Suomen haasteista ja mahdollisuuksista.<\/span><\/p>\n<p><span style=\"font-weight: 400;\">Haluan kertoa teille, millaisena n\u00e4en RKP:n. Haluan my\u00f6s kertoa, miksi olen vakuuttunut siit\u00e4, ett\u00e4 tulevaisuutemme on valoisa.<\/span><\/p>\n<h2><span style=\"font-weight: 400;\">Mik\u00e4 RKP on ja mihin sit\u00e4 tarvitaan?<\/span><\/h2>\n<p><span style=\"font-weight: 400;\">RKP on ainoa uskottavasti liberaali porvarillinen puolue. Meid\u00e4n asemamme poliittisella kartalla, on uniikki. Muut poliittiset ryhmittym\u00e4t ovat siirtym\u00e4ss\u00e4 poliittisen kartan reunoille. Retoriikka kovenee ja sosiaalisen median algoritmit ohjaavat keskustelua yh\u00e4 polarisoituneempaan suuntaan.<\/span><\/p>\n<p><span style=\"font-weight: 400;\">T\u00e4ss\u00e4 todellisuudessa on haastavaa olla liberaali, pragmaattinen puolue. Pragmaattisuus ja suvaitsevaisuus ei kirvota yht\u00e4 mehukkaita otsikoita kuin \u00e4kkiv\u00e4\u00e4r\u00e4 populismi.<\/span><\/p>\n<p><span style=\"font-weight: 400;\">Samalla, kun meill\u00e4 on ehk\u00e4 ep\u00e4mukavampi olo kuin aikoihin, meit\u00e4 my\u00f6s tarvitaan enemm\u00e4n kuin koskaan.<\/span><\/p>\n<p><span style=\"font-weight: 400;\">SFP on sillanrakentaja, joka toimii polarisaatiota vastaan ja oikeusvaltion<\/span> <span style=\"font-weight: 400;\">puolesta. Olemme sivistyspuolue, joka ymm\u00e4rt\u00e4\u00e4, ett\u00e4 kulttuuria, koulutusta ja innovaatioita tarvitaan taloudellisen menestyksen turvaamiseksi. Olemme puolue, joka ymm\u00e4rt\u00e4\u00e4 monimuotoisuuden merkityksen maailmassa, jossa on yh\u00e4 enemm\u00e4n vastakkainasettelua, ja puolue, joka n\u00e4kee luonnollisen ja vahvan yhteyden maaseudun ja kaupunkien elinvoimaisuuden v\u00e4lill\u00e4. Ymm\u00e4rr\u00e4mme, ett\u00e4 maa- ja mets\u00e4talouden arki on turvattava \u2013 ja ett\u00e4 hoidon ja hoivan on oltava ihmist\u00e4 l\u00e4hell\u00e4. RKP on puolue, jolle yritt\u00e4jyys on elinkeinopolitiikan keski\u00f6ss\u00e4.<\/span><\/p>\n<h2><span style=\"font-weight: 400;\">Ilmassa on ep\u00e4varmuutta &#8211; minne olemme menossa?<\/span><\/h2>\n<p><span style=\"font-weight: 400;\">Kolme viikkoa sitten l\u00e4hett\u00e4m\u00e4ss\u00e4ni <a href=\"https:\/\/andersadlercreutz.us10.list-manage.com\/subscribe?u=20c8f2a66002efe17283cac8a&amp;id=719c25096c\">uutiskirjeess\u00e4ni<\/a> pyysin uutiskirjeeni tilaajia jakamaan ajatuksiaan\u00a0 ja pohdintojaan RKP:st\u00e4. Sain runsaasti postia ja my\u00f6s kysymyksi\u00e4. Kiitos niist\u00e4! Olen julkaissut vastaukset eniten toistuneisiin kysymyksiin <a href=\"https:\/\/andersadlercreutz.fi\/blog\/ni-fragar-jag-svarar\/\">verkkosivuillani<\/a>.<\/span><\/p>\n<p><span style=\"font-weight: 400;\">Kysymykset antavat osviittaa siit\u00e4, millaiset asiat teit\u00e4 t\u00e4ll\u00e4 hetkell\u00e4 askarruttavat. Esille nousi huoli maaseudun tulevaisuudesta, yhteiskunnan polarisoitumisesta ja puolueemme heikosta kannatuksesta. Useampi teist\u00e4 jakoi my\u00f6s huolen puolueemme jakautuneisuudesta.<\/span><\/p>\n<p><span style=\"font-weight: 400;\">Lis\u00e4ksi etsitte vastausta kysymykseen, miten saamme nuoret vahvemmin mukaan toimintaamme ja miten voimme varmistaa, ett\u00e4 tulemme jatkossakin toimeen maassamme omalla \u00e4idinkielell\u00e4mme.<\/span> <span style=\"font-weight: 400;\">Joku pohti, olemmeko menett\u00e4m\u00e4ss\u00e4 identiteettimme t\u00e4ss\u00e4 poliittisessa myllerryksess\u00e4.<\/span><\/p>\n<h2><span style=\"font-weight: 400;\">Yes, we can.<\/span><\/h2>\n<p><span style=\"font-weight: 400;\">Ymm\u00e4rr\u00e4n huolen. Samalla haluan kuitenkin sanoa teille, ettei mill\u00e4\u00e4n puolueella ole yht\u00e4 hyvi\u00e4 edellytyksi\u00e4 ratkaista n\u00e4it\u00e4 ongelmia kuin meill\u00e4. Meill\u00e4 on pitk\u00e4 historia ja kirkkaat arvot. Poliittisen ideologiamme ydin on pysynyt samana vuosikymmenest\u00e4 toiseen ja se on nyt ajankohtaisempi kuin koskaan aikaisemmin.\u00a0<\/span><\/p>\n<p><span style=\"font-weight: 400;\">Juuri ainutlaatuisen asemamme vuoksi RKP:ll\u00e4 on suuri kasvupotentiaali. T\u00e4m\u00e4n osoittavat my\u00f6s kyselytutkimukset: kiinnostus puoluettamme kohtaan on paljon suurempaa kuin mit\u00e4 \u00e4\u00e4nestysk\u00e4ytt\u00e4ytyminen antaa ymm\u00e4rt\u00e4\u00e4. Olemme monille ihmisille aidosti varteenotettava vaihtoehto.<\/span><\/p>\n<p><span style=\"font-weight: 400;\">Koko puolueen sitouttaminen t\u00e4m\u00e4n potentiaalin realisoimiseen on tulevan puheenjohtajan t\u00e4rkein teht\u00e4v\u00e4.<\/span><\/p>\n<p><span style=\"font-weight: 400;\">Puolueellemme on ominaista vahva omistautuminen ja sitoutuminen puolueen toimintaan paikallistasolla. Yhdistyksiss\u00e4 ja j\u00e4rjest\u00f6iss\u00e4 on tahtoa tehd\u00e4 ja tahtoa toimia. T\u00e4ll\u00e4 tahdonvoimalla voimme siirt\u00e4\u00e4 vuoria ja nostaa kannatuslukuja.<\/span><\/p>\n<blockquote><p><span style=\"font-weight: 400;\">\u201cUsko, ett\u00e4 pystyt, ja olet jo l\u00e4hell\u00e4 onnistumista\u201d, sanoi Theodore Roosevelt.\u00a0<\/span><\/p><\/blockquote>\n<p><span style=\"font-weight: 400;\">Ja min\u00e4 tied\u00e4n, ett\u00e4 me pystymme.<\/span><\/p>\n<p><span style=\"font-weight: 400;\">Meill\u00e4 on paremmat mahdollisuudet kuin mill\u00e4\u00e4n muulla puolueella yhdist\u00e4\u00e4 kaupungit ja maaseutu, koska toisin kuin muut puolueet, tunnemme molemmat todellisuudet. Meist\u00e4 tuntuu tarpeettomalta luoda vastakkainasettelua n\u00e4iden kahden v\u00e4lille; Meit\u00e4 yhdist\u00e4\u00e4 jokin muu, kuin asuinpaikka.<\/span><\/p>\n<p><span style=\"font-weight: 400;\">Puolueemme on rakentunut v\u00e4hemmist\u00f6n toimesta. Me ymm\u00e4rr\u00e4mme, ett\u00e4 monimuotoisuus on vahvuus. Se tekee yhteiskunnastamme kest\u00e4v\u00e4mm\u00e4n. Haluamme olla \u2013 ja olemme \u2013 puolue, joka torjuu polarisaatiota ja jakautumista enemm\u00e4n kuin mik\u00e4\u00e4n muu puolue.<\/span><\/p>\n<p><span style=\"font-weight: 400;\">Kysymys ei siis ole siit\u00e4, pystymmek\u00f6 me lis\u00e4\u00e4m\u00e4\u00e4n omaa vaikutusvaltaamme. Kysymys on siit\u00e4, miten teemme sen. Yhdess\u00e4 keksimme keinot.<\/span><\/p>\n<h2><span style=\"font-weight: 400;\">Mit\u00e4 johtajuus merkitsee minulle?<\/span><\/h2>\n<p><span style=\"font-weight: 400;\">Puolueen puheenjohtaja johtaa puoluetta, mutta kaiken toiminnan keski\u00f6ss\u00e4 on puolueen j\u00e4senet. Puolueemme tulevaisuus riippuu meist\u00e4 puolueen j\u00e4senist\u00e4\u00a0 ja meid\u00e4n sitoutuneisuudestamme toimintaan. Me olemme yht\u00e4 kuin puolue.<\/span><\/p>\n<p><span style=\"font-weight: 400;\">Olen kasvanut yritt\u00e4j\u00e4perheess\u00e4. Ruokap\u00f6yd\u00e4ss\u00e4mme keskusteltiin usein perheyrityksemme tilanteesta. Joskus olimme huolissamme yrityksen p\u00e4rj\u00e4\u00e4misest\u00e4. Tuolloin vanhempani saattoivat todeta, ett\u00e4 meid\u00e4n on perheen\u00e4 aika \u201ckirist\u00e4\u00e4 vy\u00f6t\u00e4\u201d, yrityksen vuoksi. Minulle on aina ollut selv\u00e4\u00e4, ett\u00e4 yrityksen etu eli yrityksen selviytyminen, on etusijalla. Toimitusjohtajia ja muita johtajia tulee ja menee, mutta yritys on ja pysyy.\u00a0<\/span><\/p>\n<p><span style=\"font-weight: 400;\">N\u00e4in on my\u00f6s meid\u00e4n kaltaisessamme puolueessa. Puoluetta ei tietenk\u00e4\u00e4n johdeta kuin yrityst\u00e4, mutta sama perusperiaate p\u00e4tee: puolueen puheenjohtaja on puolueen ty\u00f6kalu, ei p\u00e4invastoin.<\/span><\/p>\n<p><span style=\"font-weight: 400;\">Johtaminen on ennen kaikkea ihmisten kohtaamista ja kuuntelemista. Johtajuus on empatiaa ja ymm\u00e4rt\u00e4mist\u00e4. Johtajuus on yhteisty\u00f6t\u00e4. Hyv\u00e4 johtajuus antaa tilaa menestykselle, mielipiteille ja ideoille \u2013 mutta my\u00f6s ep\u00e4onnistumiselle.<\/span><\/p>\n<p><span style=\"font-weight: 400;\">Ja tietysti: johtajuus on kyky\u00e4 tehd\u00e4 vaikeitakin p\u00e4\u00e4t\u00f6ksi\u00e4 ja kyky\u00e4 seist\u00e4 niiden takana.<\/span><\/p>\n<h2><span style=\"font-weight: 400;\">Miten johtaisin RKP:t\u00e4?<\/span><\/h2>\n<p><span style=\"font-weight: 400;\">Euroopan parlamenttivaaleihin on alle 80 p\u00e4iv\u00e4\u00e4 ja kunnallisvaaleihin ja aluevaaleihin hieman yli vuosi. Kolmen vuoden kuluttua j\u00e4rjestet\u00e4\u00e4n seuraavat eduskuntavaalit. Valmistautuessamme n\u00e4ihin vaaleihin meid\u00e4n on vahvistettava profiiliamme ja ter\u00e4v\u00f6itett\u00e4v\u00e4 viestej\u00e4mme. Meid\u00e4n on l\u00f6ydett\u00e4v\u00e4 ne keinot, joilla tavoitamme laajemman yleis\u00f6n \u2013 tinkim\u00e4tt\u00e4 t\u00e4rkeist\u00e4 ydinkysymyksist\u00e4mme. T\u00e4m\u00e4 vaatii kovaa ty\u00f6t\u00e4.<\/span><\/p>\n<p><span style=\"font-weight: 400;\">Kyse on siit\u00e4, miten toimimme sis\u00e4isesti ja miten hy\u00f6dynn\u00e4mme vahvuuksiamme. Kyse on tavasta, jolla ty\u00f6skentelemme ja siit\u00e4, miten n\u00e4emme itsemme puolueena.<\/span><\/p>\n<p><span style=\"font-weight: 400;\">Olen <a href=\"https:\/\/www.hbl.fi\/artikel\/b35a10a3-de57-5358-a2aa-1d743601fecd\">sanonut<\/a>, ett\u00e4 puoluettamme on johdettu ylh\u00e4\u00e4lt\u00e4 alas. Emme ole hy\u00f6dynt\u00e4neet t\u00e4ysim\u00e4\u00e4r\u00e4isesti kaikkia niit\u00e4 resursseja, joita meill\u00e4 on.<\/span><\/p>\n<p><span style=\"font-weight: 400;\">Pieness\u00e4 puolueessa meid\u00e4n pit\u00e4isi kuitenkin olla erityisen hyvi\u00e4 nostamaan toisiamme esille ja antamaan toisillemme tilaa.<\/span><\/p>\n<p><span style=\"font-weight: 400;\">Puheenjohtajana haluaisin antaa enemm\u00e4n tilaa puolueemme aktiiveille puolueen kaikilla tasoilla, koska vain siten voimme kasvaa yhdess\u00e4. Pienell\u00e4 puolueella ei ole varaa kutistaa itse\u00e4\u00e4n tai j\u00e4tt\u00e4\u00e4 varjoon kyvykk\u00e4it\u00e4 ihmisi\u00e4. Puolueen puheenjohtajana haluaisin tavata s\u00e4\u00e4nn\u00f6llisesti kaikkia piirej\u00e4 ja j\u00e4senyhdistyksi\u00e4. Haluan pit\u00e4\u00e4 sormeni pulssilla ja ymm\u00e4rt\u00e4\u00e4, mit\u00e4 puolueemme eri j\u00e4senet ajattelevat ajankohtaisista asioista.<\/span><\/p>\n<p><span style=\"font-weight: 400;\">Arvostan suoraa puhetta ja suoraa, rakentavaa kritiikki\u00e4. Se, ett\u00e4 tuemme toisiamme, ei est\u00e4 sit\u00e4, ettemmek\u00f6 voisi my\u00f6s haastaa toinen toisiamme. Uskallus kyseenalaistaa toistemme ajatuksia ja erilaisia toimintamalleja on ainoa tapa kehitty\u00e4. Ja jotta uskaltaisimme kyseenalaistaa, meid\u00e4n on tunnettava olomme turvallisiksi. Haluan luoda toimintakulttuurin, jossa t\u00e4m\u00e4 on mahdollista.<\/span><\/p>\n<p><span style=\"font-weight: 400;\">En ole paikallispoliitikko sanan perinteisess\u00e4 merkityksess\u00e4. Oma kotiseutuni on minulle t\u00e4rke\u00e4, mutta kansanedustajana olen johdonmukaisesti ty\u00f6skennellyt kaikkien alueiden puolesta, koska n\u00e4in pieness\u00e4 puolueessa mielest\u00e4ni kuuluu toimia.\u00a0<\/span><\/p>\n<p><span style=\"font-weight: 400;\">Jos kollegani Pohjanmaalta puhuu Vaasan energiaklusterin puolesta, se saa vastakaikua. Mutta jos kansanedustaja Uudeltamaalta tukee h\u00e4nt\u00e4 t\u00e4ss\u00e4, viesti vahvistuu entisest\u00e4\u00e4n. Kun useampi RKP:l\u00e4inen toistaa samaa viesti\u00e4, se osoittaa, ett\u00e4 ajamme puolueen yhteist\u00e4 linjaa, ett\u00e4 kyseess\u00e4 on yhteinen n\u00e4kemys ja yhteinen tavoite. N\u00e4in torjumme my\u00f6s aktiivisesti alueellisten jakolinjojen syntymist\u00e4.<\/span><\/p>\n<p><span style=\"font-weight: 400;\">Ja sitten suureen kysymykseen:\u00a0<\/span><\/p>\n<h2><span style=\"font-weight: 400;\">Miten kasvatamme kannatustamme?<\/span><\/h2>\n<p><span style=\"font-weight: 400;\">Kysymys on siit\u00e4, miten ne, jotka voisivat meit\u00e4 \u00e4\u00e4nest\u00e4\u00e4, todella tekisiv\u00e4t niin. \u00c4\u00e4nest\u00e4jiemme on l\u00f6ydett\u00e4v\u00e4 listoiltamme ehdokkaita, jotka he kokevat omikseen. Meid\u00e4n on toimittava niin, ett\u00e4 sek\u00e4 \u00e4\u00e4nest\u00e4j\u00e4t ett\u00e4 ehdokkaat tuntevat tulevansa n\u00e4hdyiksi ja kuulluiksi.<\/span><\/p>\n<p><span style=\"font-weight: 400;\">RKP:n arvot puhuttelevat monia suomalaisia, taustasta riippumatta. Poliittisella nelikent\u00e4ll\u00e4 meill\u00e4 ei ole todellisia kilpailijoita. RKP on puolue kaikille, jotka uskovat yritt\u00e4jyyteen ja taloudelliseen vastuullisuuteen, jotka n\u00e4kev\u00e4t moninaisuudessa potentiaalia pelon sijaan ja jotka luonnollisesti haluavat vaalia Suomen kaksikielisyytt\u00e4.<\/span><\/p>\n<p><span style=\"font-weight: 400;\">T\u00e4m\u00e4 on meille tilaisuus. Jo t\u00e4n\u00e4\u00e4n kannatuksemme ylitt\u00e4\u00e4 monin paikoin ruotsinkielisen v\u00e4est\u00f6n osuuden. Meill\u00e4 on arvot ja visio, jotka vet\u00e4v\u00e4t puoleensa. Me voimme olla tulevaisuudessa puolueena nykyist\u00e4 suurempi ja vaikuttavampi.<\/span><\/p>\n<blockquote><p><span style=\"font-weight: 400;\">Se ei tarkoita, ett\u00e4 meid\u00e4n pit\u00e4isi luopua ydinkysymyksist\u00e4mme. Se tarkoittaa sit\u00e4, ett\u00e4 maksimoimme mahdollisuutemme vaikuttaa.<\/span><\/p><\/blockquote>\n<p><span style=\"font-weight: 400;\">Henkil\u00f6 tai puolue, jolla ei ole juuria ja vahvaa identiteetti\u00e4, ei voi menestyksekk\u00e4\u00e4sti harjoittaa arvopohjaista politiikkaa.<\/span> <span style=\"font-weight: 400;\">Siksi meid\u00e4n pit\u00e4\u00e4 vaalia niit\u00e4. Samalla meid\u00e4n on huolehdittava siit\u00e4, ett\u00e4 emme rakenna ymp\u00e4rillemme sellaisia muureja, jotka est\u00e4v\u00e4t muita kuin ruotsia \u00e4idinkielen\u00e4\u00e4n puhuvia tulemaan mukaan toimintaamme. Kaikkien ideologiamme omaksi kokevien tulee voida n\u00e4hd\u00e4 meid\u00e4t poliittisena kotinaan.<\/span><\/p>\n<p><span style=\"font-weight: 400;\">Nuorten identiteetti ei en\u00e4\u00e4 muodostu yht\u00e4 vahvasti kielen ymp\u00e4rille. Kielellinen identiteetti on osa kokonaisidentiteetti\u00e4, mutta my\u00f6s monet muut osa-alueet ovat t\u00e4rkeit\u00e4. Puolueena meid\u00e4n on ymm\u00e4rrett\u00e4v\u00e4 ja tunnustettava t\u00e4m\u00e4. Meid\u00e4n on reagoitava muutokseen.<\/span><\/p>\n<p><span style=\"font-weight: 400;\">On kiistatonta, ett\u00e4 RKP:ss\u00e4 puoluepoliittinen identiteetti on muodostunut kielen kautta. Samaan aikaan on kiistatonta, ett\u00e4 joillakin alueilla ruotsin kieli on toissijainen syy olla mukana puolueemme toiminnassa. Siksi meid\u00e4n on toimittava eri tavoin Utsjoella, Vantaalla tai Mustasaaressa.<\/span><\/p>\n<p><span style=\"font-weight: 400;\">Kielellinen identiteetti on siis RKP:lle t\u00e4rke\u00e4, mutta meid\u00e4n on oltava relevantteja my\u00f6s laajemmin. T\u00e4m\u00e4 tarkoittaa, ett\u00e4 meill\u00e4 tulee olla selke\u00e4 oma linjamme esimerkiksi talouden, maatalouden,\u00a0 ilmaston, turvallisuuden, terveydenhuollon ja monien muiden asioiden suhteen.\u00a0<\/span><\/p>\n<p><span style=\"font-weight: 400;\">Olemme t\u00e4ss\u00e4 jo jossain m\u00e4\u00e4rin onnistuneetkin: kannatuksemme ylitt\u00e4\u00e4 monin paikoin ruotsinkielisten osuuden. Meill\u00e4 on visio, joka vet\u00e4\u00e4 puoleensa. Meill\u00e4 on missio, joka on merkityksellinen. Meill\u00e4 on jo nyt monin paikoin kokoamme suurempi rooli.<\/span><\/p>\n<p><span style=\"font-weight: 400;\">Laajemman yleis\u00f6n tavoittaminen ja tavoitteleminen ei tarkoita, ett\u00e4 RKP:n pit\u00e4isi muuttua. Se ei tarkoita, ett\u00e4 RKP luopuisi ydinkysymyksist\u00e4\u00e4n. P\u00e4in vastoin: olemme kiinnostava puolue juuri niist\u00e4 johtuen.\u00a0<\/span><\/p>\n<h2><span style=\"font-weight: 400;\">Miksi olen ehdolla puheenjohtajaksi?<\/span><\/h2>\n<p><span style=\"font-weight: 400;\">Olen <a href=\"https:\/\/youtu.be\/XLZKDXuJw_M\">kertonut<\/a> teille, millaisena n\u00e4en puolueen t\u00e4n\u00e4\u00e4n, millaisena n\u00e4en mahdollisuutemme ja miten haluan hy\u00f6dynt\u00e4\u00e4 vahvuuksiamme. Toivon, ett\u00e4 saan luottamuksenne johtaa t\u00e4t\u00e4 ty\u00f6t\u00e4.<\/span><\/p>\n<p><span style=\"font-weight: 400;\">Koen, ett\u00e4 ty\u00f6ni kansanedustajana, eduskuntaryhm\u00e4n puheenjohtajana ja ministerin\u00e4 on antanut minulle arvokasta kokemusta t\u00e4t\u00e4 teht\u00e4v\u00e4\u00e4 varten.<\/span><\/p>\n<p><span style=\"font-weight: 400;\">Olen perheenis\u00e4<\/span> <span style=\"font-weight: 400;\">, yritt\u00e4j\u00e4, poliitikko, yritt\u00e4j\u00e4n ja maanviljelij\u00e4n puoliso. Kaikissa n\u00e4iss\u00e4 rooleissa olen saanut kokemuksia, joista uskon olevan hy\u00f6ty\u00e4 puolueen puheenjohtajan ty\u00f6ss\u00e4.<\/span><\/p>\n<h2><span style=\"font-weight: 400;\">Hyv\u00e4t yst\u00e4v\u00e4t, hyv\u00e4t RKP:l\u00e4iset<\/span><\/h2>\n<p><span style=\"font-weight: 400;\">T\u00e4m\u00e4 on minun <a href=\"https:\/\/youtu.be\/XLZKDXuJw_M\">n\u00e4kemykseni<\/a> RKP:st\u00e4 ja puolueen puheenjohtajuudesta. Toivon, ett\u00e4 se inspiroi monia, mutta olen varma, ett\u00e4 se her\u00e4tt\u00e4\u00e4 joistain teiss\u00e4 my\u00f6s kysymyksi\u00e4. Toivon, ett\u00e4 otatte minuun <a href=\"mailto:info@andersadlercreutz.fi\">yhteytt\u00e4<\/a> matalalla kynnyksell\u00e4. Haluan kuulla, mit\u00e4 mielt\u00e4 te olette asioista. Millaisia ajatuksia ja ideoita teill\u00e4 on puolueemme kehitt\u00e4miseen liittyen.<\/span><\/p>\n<p><span style=\"font-weight: 400;\">Minulla ei ole kaikkia ratkaisuja \u2013 ne me l\u00f6yd\u00e4mme yhdess\u00e4. Olemme tilanteessa, joka vaatii sek\u00e4 strategian hiomista ett\u00e4 reagointia t\u00e4ss\u00e4 hetkess\u00e4. Menestyksekk\u00e4\u00e4n tulevaisuuden varmistaaksemme, meid\u00e4n on k\u00e4yt\u00e4v\u00e4 vilkasta vuoropuhelua. T\u00e4h\u00e4n vuoropuheluun haluan osallistaa niin j\u00e4senet piiri- ja paikallisosastoissa kuin RKP-nuoret, Svenska Kvinnof\u00f6rbundetin ja Senioritkin. Sill\u00e4 se on minun tapani ty\u00f6skennell\u00e4 ja johtaa. Olen vakuuttunut siit\u00e4, ett\u00e4 se on ainoa kest\u00e4v\u00e4 tie eteenp\u00e4in.<\/span><\/p>\n<p><span style=\"font-weight: 400;\">Kuten sanonta kuuluu, johtaja sy\u00f6 viimeisen\u00e4. Olen valmis tekem\u00e4\u00e4n ty\u00f6t\u00e4 niin, ett\u00e4 puolueen etu tulee ennen omaa etuani.\u00a0<\/span><\/p>\n<p><span style=\"font-weight: 400;\">Syd\u00e4meni sykkii RKP:lle. Uskon RKP:hen ja kykyymme k\u00e4\u00e4nt\u00e4\u00e4 haasteet mahdollisuuksiksi ja voitoiksi.<\/span><\/p>\n<p><br style=\"font-weight: 400;\" \/><br style=\"font-weight: 400;\" \/><span style=\"font-weight: 400;\">Henkil\u00f6haastattelu lehdess\u00e4 <a href=\"https:\/\/www.kyrkpressen.fi\/nyheter\/59983-Anders-Adlercreutz-Folk-har-i-allm-nhet-goda-avsikter.html\">Kyrkpressen<\/a> .<\/span><\/p>\n<p><span style=\"font-weight: 400;\">Henkil\u00f6haastattelu <a href=\"https:\/\/www.hs.fi\/visio\/art-2000009699658.html\">Helsingin Sanomissa\u00a0<\/a> .<\/span><\/p>\n<p><span style=\"font-weight: 400;\">Tilaa uutiskirjeeni <a href=\"https:\/\/andersadlercreutz.us10.list-manage.com\/subscribe?u=20c8f2a66002efe17283cac8a&amp;id=719c25096c\">t\u00e4\u00e4lt\u00e4<\/a>.\u00a0<\/span><\/p>\n<p>Kampanja-avauksen puheen l\u00f6yd\u00e4t videona <a href=\"https:\/\/youtu.be\/XLZKDXuJw_M\">t\u00e4\u00e4lt\u00e4<\/a>.<\/p>\n<p>Ota yhteytt\u00e4 <a href=\"mailto:info@andersadlercreutz.fi\">s\u00e4hk\u00f6postitse<\/a> tai numerosta 0449810191<\/p>\n","protected":false},"excerpt":{"rendered":"<p>Kolme viikkoa sitten ilmoitin, ett\u00e4 olen ehdolla puolueemme puheenjohtajavaaleissa. T\u00e4ss\u00e4 j\u00e4senkirjeess\u00e4 haluan kertoa, miksi.\u00a0 Toivon, ett\u00e4 luette ja tutustutte ajatuksiini ja otatte matalalla kynnyksell\u00e4 yhteytt\u00e4, jos ne her\u00e4tt\u00e4v\u00e4t kysymyksi\u00e4 tai jos haluatte keskustella ajankohtaisista aiheista syv\u00e4llisemmin. T\u00e4m\u00e4n tekstin lomassa ja lopussa on linkkej\u00e4, jotka syvent\u00e4v\u00e4t ajatuksiani.\u00a0 Mist\u00e4 kaikki sai alkunsa? Poliittinen urani sai alkunsa er\u00e4\u00e4n\u00e4 [&hellip;]<\/p>\n","protected":false},"author":1,"featured_media":9442,"comment_status":"open","ping_status":"open","sticky":false,"template":"","format":"standard","meta":{"jetpack_post_was_ever_published":false,"_jetpack_newsletter_access":"","jetpack_publicize_message":"","jetpack_is_tweetstorm":false,"jetpack_publicize_feature_enabled":true,"jetpack_social_post_already_shared":true,"jetpack_social_options":{"image_generator_settings":{"template":"highway","enabled":false}}},"categories":[18,1],"tags":[],"jetpack_publicize_connections":[],"yoast_head":"<!-- This site is optimized with the Yoast SEO plugin v20.12 - https:\/\/yoast.com\/wordpress\/plugins\/seo\/ -->\n<title>Ajatuksiani RKP: puheenjohtajuudesta - Anders Adlercreutz<\/title>\n<meta name=\"robots\" content=\"index, follow, max-snippet:-1, max-image-preview:large, max-video-preview:-1\" \/>\n<link rel=\"canonical\" href=\"https:\/\/andersadlercreutz.fi\/blog\/uncategorized\/ajatuksiani-rkp-puheenjohtajuudesta\/\" \/>\n<meta property=\"og:locale\" content=\"sv_SE\" \/>\n<meta property=\"og:type\" content=\"article\" \/>\n<meta property=\"og:title\" content=\"Ajatuksiani RKP: puheenjohtajuudesta - Anders Adlercreutz\" \/>\n<meta property=\"og:description\" content=\"Kolme viikkoa sitten ilmoitin, ett\u00e4 olen ehdolla puolueemme puheenjohtajavaaleissa. T\u00e4ss\u00e4 j\u00e4senkirjeess\u00e4 haluan kertoa, miksi.\u00a0 Toivon, ett\u00e4 luette ja tutustutte ajatuksiini ja otatte matalalla kynnyksell\u00e4 yhteytt\u00e4, jos ne her\u00e4tt\u00e4v\u00e4t kysymyksi\u00e4 tai jos haluatte keskustella ajankohtaisista aiheista syv\u00e4llisemmin. T\u00e4m\u00e4n tekstin lomassa ja lopussa on linkkej\u00e4, jotka syvent\u00e4v\u00e4t ajatuksiani.\u00a0 Mist\u00e4 kaikki sai alkunsa? Poliittinen urani sai alkunsa er\u00e4\u00e4n\u00e4 [&hellip;]\" \/>\n<meta property=\"og:url\" content=\"https:\/\/andersadlercreutz.fi\/blog\/uncategorized\/ajatuksiani-rkp-puheenjohtajuudesta\/?lang=fi\" \/>\n<meta property=\"og:site_name\" content=\"Anders Adlercreutz\" \/>\n<meta property=\"article:published_time\" content=\"2024-03-24T07:33:21+00:00\" \/>\n<meta property=\"article:modified_time\" content=\"2024-03-24T08:37:35+00:00\" \/>\n<meta property=\"og:image\" content=\"https:\/\/andersadlercreutz.fi\/blog\/wp-content\/uploads\/2024\/03\/O45A8603_mob-1.png\" \/>\n\t<meta property=\"og:image:width\" content=\"600\" \/>\n\t<meta property=\"og:image:height\" content=\"320\" \/>\n\t<meta property=\"og:image:type\" content=\"image\/png\" \/>\n<meta name=\"author\" content=\"Anders\" \/>\n<meta name=\"twitter:card\" content=\"summary_large_image\" \/>\n<meta name=\"twitter:label1\" content=\"Skriven av\" \/>\n\t<meta name=\"twitter:data1\" content=\"Anders\" \/>\n\t<meta name=\"twitter:label2\" content=\"Ber\u00e4knad l\u00e4stid\" \/>\n\t<meta name=\"twitter:data2\" content=\"9 minuter\" \/>\n<script type=\"application\/ld+json\" class=\"yoast-schema-graph\">{\"@context\":\"https:\/\/schema.org\",\"@graph\":[{\"@type\":\"WebPage\",\"@id\":\"https:\/\/andersadlercreutz.fi\/blog\/uncategorized\/ajatuksiani-rkp-puheenjohtajuudesta\/?lang=fi\",\"url\":\"https:\/\/andersadlercreutz.fi\/blog\/uncategorized\/ajatuksiani-rkp-puheenjohtajuudesta\/?lang=fi\",\"name\":\"Ajatuksiani RKP: puheenjohtajuudesta - Anders Adlercreutz\",\"isPartOf\":{\"@id\":\"https:\/\/andersadlercreutz.fi\/blog\/#website\"},\"datePublished\":\"2024-03-24T07:33:21+00:00\",\"dateModified\":\"2024-03-24T08:37:35+00:00\",\"author\":{\"@id\":\"https:\/\/andersadlercreutz.fi\/blog\/#\/schema\/person\/47d4b72eded862b484f74bb4b3a2354f\"},\"breadcrumb\":{\"@id\":\"https:\/\/andersadlercreutz.fi\/blog\/uncategorized\/ajatuksiani-rkp-puheenjohtajuudesta\/?lang=fi#breadcrumb\"},\"inLanguage\":\"sv-SE\",\"potentialAction\":[{\"@type\":\"ReadAction\",\"target\":[\"https:\/\/andersadlercreutz.fi\/blog\/uncategorized\/ajatuksiani-rkp-puheenjohtajuudesta\/?lang=fi\"]}]},{\"@type\":\"BreadcrumbList\",\"@id\":\"https:\/\/andersadlercreutz.fi\/blog\/uncategorized\/ajatuksiani-rkp-puheenjohtajuudesta\/?lang=fi#breadcrumb\",\"itemListElement\":[{\"@type\":\"ListItem\",\"position\":1,\"name\":\"Home\",\"item\":\"https:\/\/andersadlercreutz.fi\/blog\/blogg\/?lang=sv\"},{\"@type\":\"ListItem\",\"position\":2,\"name\":\"Ajatuksiani RKP: puheenjohtajuudesta\"}]},{\"@type\":\"WebSite\",\"@id\":\"https:\/\/andersadlercreutz.fi\/blog\/#website\",\"url\":\"https:\/\/andersadlercreutz.fi\/blog\/\",\"name\":\"Anders Adlercreutz\",\"description\":\"Du. Jag. Vi. Kest&auml;v&auml;sti optimisti\",\"potentialAction\":[{\"@type\":\"SearchAction\",\"target\":{\"@type\":\"EntryPoint\",\"urlTemplate\":\"https:\/\/andersadlercreutz.fi\/blog\/?s={search_term_string}\"},\"query-input\":\"required name=search_term_string\"}],\"inLanguage\":\"sv-SE\"},{\"@type\":\"Person\",\"@id\":\"https:\/\/andersadlercreutz.fi\/blog\/#\/schema\/person\/47d4b72eded862b484f74bb4b3a2354f\",\"name\":\"Anders\",\"image\":{\"@type\":\"ImageObject\",\"inLanguage\":\"sv-SE\",\"@id\":\"https:\/\/andersadlercreutz.fi\/blog\/#\/schema\/person\/image\/\",\"url\":\"https:\/\/secure.gravatar.com\/avatar\/a144c9bda7a581ff6fabba169027e620?s=96&d=mm&r=g\",\"contentUrl\":\"https:\/\/secure.gravatar.com\/avatar\/a144c9bda7a581ff6fabba169027e620?s=96&d=mm&r=g\",\"caption\":\"Anders\"},\"url\":\"https:\/\/andersadlercreutz.fi\/blog\/author\/admin\/\"}]}<\/script>\n<!-- \/ Yoast SEO plugin. -->","yoast_head_json":{"title":"Ajatuksiani RKP: puheenjohtajuudesta - Anders Adlercreutz","robots":{"index":"index","follow":"follow","max-snippet":"max-snippet:-1","max-image-preview":"max-image-preview:large","max-video-preview":"max-video-preview:-1"},"canonical":"https:\/\/andersadlercreutz.fi\/blog\/uncategorized\/ajatuksiani-rkp-puheenjohtajuudesta\/","og_locale":"sv_SE","og_type":"article","og_title":"Ajatuksiani RKP: puheenjohtajuudesta - Anders Adlercreutz","og_description":"Kolme viikkoa sitten ilmoitin, ett\u00e4 olen ehdolla puolueemme puheenjohtajavaaleissa. T\u00e4ss\u00e4 j\u00e4senkirjeess\u00e4 haluan kertoa, miksi.\u00a0 Toivon, ett\u00e4 luette ja tutustutte ajatuksiini ja otatte matalalla kynnyksell\u00e4 yhteytt\u00e4, jos ne her\u00e4tt\u00e4v\u00e4t kysymyksi\u00e4 tai jos haluatte keskustella ajankohtaisista aiheista syv\u00e4llisemmin. T\u00e4m\u00e4n tekstin lomassa ja lopussa on linkkej\u00e4, jotka syvent\u00e4v\u00e4t ajatuksiani.\u00a0 Mist\u00e4 kaikki sai alkunsa? Poliittinen urani sai alkunsa er\u00e4\u00e4n\u00e4 [&hellip;]","og_url":"https:\/\/andersadlercreutz.fi\/blog\/uncategorized\/ajatuksiani-rkp-puheenjohtajuudesta\/?lang=fi","og_site_name":"Anders Adlercreutz","article_published_time":"2024-03-24T07:33:21+00:00","article_modified_time":"2024-03-24T08:37:35+00:00","og_image":[{"width":600,"height":320,"url":"https:\/\/andersadlercreutz.fi\/blog\/wp-content\/uploads\/2024\/03\/O45A8603_mob-1.png","type":"image\/png"}],"author":"Anders","twitter_card":"summary_large_image","twitter_misc":{"Skriven av":"Anders","Ber\u00e4knad l\u00e4stid":"9 minuter"},"schema":{"@context":"https:\/\/schema.org","@graph":[{"@type":"WebPage","@id":"https:\/\/andersadlercreutz.fi\/blog\/uncategorized\/ajatuksiani-rkp-puheenjohtajuudesta\/?lang=fi","url":"https:\/\/andersadlercreutz.fi\/blog\/uncategorized\/ajatuksiani-rkp-puheenjohtajuudesta\/?lang=fi","name":"Ajatuksiani RKP: puheenjohtajuudesta - Anders Adlercreutz","isPartOf":{"@id":"https:\/\/andersadlercreutz.fi\/blog\/#website"},"datePublished":"2024-03-24T07:33:21+00:00","dateModified":"2024-03-24T08:37:35+00:00","author":{"@id":"https:\/\/andersadlercreutz.fi\/blog\/#\/schema\/person\/47d4b72eded862b484f74bb4b3a2354f"},"breadcrumb":{"@id":"https:\/\/andersadlercreutz.fi\/blog\/uncategorized\/ajatuksiani-rkp-puheenjohtajuudesta\/?lang=fi#breadcrumb"},"inLanguage":"sv-SE","potentialAction":[{"@type":"ReadAction","target":["https:\/\/andersadlercreutz.fi\/blog\/uncategorized\/ajatuksiani-rkp-puheenjohtajuudesta\/?lang=fi"]}]},{"@type":"BreadcrumbList","@id":"https:\/\/andersadlercreutz.fi\/blog\/uncategorized\/ajatuksiani-rkp-puheenjohtajuudesta\/?lang=fi#breadcrumb","itemListElement":[{"@type":"ListItem","position":1,"name":"Home","item":"https:\/\/andersadlercreutz.fi\/blog\/blogg\/?lang=sv"},{"@type":"ListItem","position":2,"name":"Ajatuksiani RKP: puheenjohtajuudesta"}]},{"@type":"WebSite","@id":"https:\/\/andersadlercreutz.fi\/blog\/#website","url":"https:\/\/andersadlercreutz.fi\/blog\/","name":"Anders Adlercreutz","description":"Du. Jag. Vi. Kest&auml;v&auml;sti optimisti","potentialAction":[{"@type":"SearchAction","target":{"@type":"EntryPoint","urlTemplate":"https:\/\/andersadlercreutz.fi\/blog\/?s={search_term_string}"},"query-input":"required name=search_term_string"}],"inLanguage":"sv-SE"},{"@type":"Person","@id":"https:\/\/andersadlercreutz.fi\/blog\/#\/schema\/person\/47d4b72eded862b484f74bb4b3a2354f","name":"Anders","image":{"@type":"ImageObject","inLanguage":"sv-SE","@id":"https:\/\/andersadlercreutz.fi\/blog\/#\/schema\/person\/image\/","url":"https:\/\/secure.gravatar.com\/avatar\/a144c9bda7a581ff6fabba169027e620?s=96&d=mm&r=g","contentUrl":"https:\/\/secure.gravatar.com\/avatar\/a144c9bda7a581ff6fabba169027e620?s=96&d=mm&r=g","caption":"Anders"},"url":"https:\/\/andersadlercreutz.fi\/blog\/author\/admin\/"}]}},"jetpack_featured_media_url":"https:\/\/i0.wp.com\/andersadlercreutz.fi\/blog\/wp-content\/uploads\/2024\/03\/O45A8603_mob-1.png?fit=600%2C320&ssl=1","jetpack_shortlink":"https:\/\/wp.me\/p4T6Dh-2s7","jetpack_sharing_enabled":true,"_links":{"self":[{"href":"https:\/\/andersadlercreutz.fi\/blog\/wp-json\/wp\/v2\/posts\/9431"}],"collection":[{"href":"https:\/\/andersadlercreutz.fi\/blog\/wp-json\/wp\/v2\/posts"}],"about":[{"href":"https:\/\/andersadlercreutz.fi\/blog\/wp-json\/wp\/v2\/types\/post"}],"author":[{"embeddable":true,"href":"https:\/\/andersadlercreutz.fi\/blog\/wp-json\/wp\/v2\/users\/1"}],"replies":[{"embeddable":true,"href":"https:\/\/andersadlercreutz.fi\/blog\/wp-json\/wp\/v2\/comments?post=9431"}],"version-history":[{"count":9,"href":"https:\/\/andersadlercreutz.fi\/blog\/wp-json\/wp\/v2\/posts\/9431\/revisions"}],"predecessor-version":[{"id":9491,"href":"https:\/\/andersadlercreutz.fi\/blog\/wp-json\/wp\/v2\/posts\/9431\/revisions\/9491"}],"wp:featuredmedia":[{"embeddable":true,"href":"https:\/\/andersadlercreutz.fi\/blog\/wp-json\/wp\/v2\/media\/9442"}],"wp:attachment":[{"href":"https:\/\/andersadlercreutz.fi\/blog\/wp-json\/wp\/v2\/media?parent=9431"}],"wp:term":[{"taxonomy":"category","embeddable":true,"href":"https:\/\/andersadlercreutz.fi\/blog\/wp-json\/wp\/v2\/categories?post=9431"},{"taxonomy":"post_tag","embeddable":true,"href":"https:\/\/andersadlercreutz.fi\/blog\/wp-json\/wp\/v2\/tags?post=9431"}],"curies":[{"name":"wp","href":"https:\/\/api.w.org\/{rel}","templated":true}]}}