{"id":9479,"date":"2024-04-16T23:12:27","date_gmt":"2024-04-16T20:12:27","guid":{"rendered":"https:\/\/andersadlercreutz.fi\/blog\/?p=9479"},"modified":"2024-04-17T11:32:41","modified_gmt":"2024-04-17T08:32:41","slug":"adlercreutz-om-ramrian-en-utmanande-men-nodvandig-ria-som-ocksa-bygger-tillvaxt","status":"publish","type":"post","link":"https:\/\/andersadlercreutz.fi\/blog\/pressmeddelande\/adlercreutz-om-ramrian-en-utmanande-men-nodvandig-ria-som-ocksa-bygger-tillvaxt\/","title":{"rendered":"Adlercreutz om ramrian: En utmanande men n\u00f6dv\u00e4ndig ria som ocks\u00e5 bygger tillv\u00e4xt\u00a0"},"content":{"rendered":"<p>\u2013 Ramrian var ingen l\u00e4tt uppgift, det visste vi p\u00e5 f\u00f6rhand. Anpassningsbesluten \u00e4r sv\u00e5ra och de ber\u00f6r hela samh\u00e4llet. Tyv\u00e4rr \u00e4r de ocks\u00e5 helt n\u00f6dv\u00e4ndiga. De ekonomiska utsikterna har \u00e4ndrats kraftigt sedan regeringsf\u00f6rhandlingarna, och d\u00e4rf\u00f6r beh\u00f6vdes ytterligare balanserande \u00e5tg\u00e4rder, s\u00e4ger Europa- och \u00e4garstyrningsminister Anders Adlercreutz.<\/p>\n<p>\u2013\u00a0Med dessa \u00e5tg\u00e4rder str\u00e4var vi till att stabilisera skulds\u00e4ttningen, vilket \u00e4r en f\u00f6ruts\u00e4ttning f\u00f6r att vi ska kunna g\u00f6ra positivare beslut i framtiden.<\/p>\n<p>Adlercreutz representerar SFP i ministerarbetsgruppen som ansvarar f\u00f6r social- och h\u00e4lsov\u00e5rden. Ocks\u00e5 den sektorn ber\u00f6rdes av anpassnings\u00e5tg\u00e4rderna, men Adlercreutz betonar att flera saker som \u00e4r viktiga f\u00f6r SFP kunde tryggas.<\/p>\n<p>\u2013\u00a0Vi lyckades ocks\u00e5 avv\u00e4rja flera av de indragningar i jour- och f\u00f6rlossningsverksamheten som fanns med i den tj\u00e4nstemannarapport som publicerades i b\u00f6rjan av \u00e5ret. Sjukhusn\u00e4tverket best\u00e5r, s\u00e4ger Adlercreutz.<\/p>\n<p>\u2013\u00a0De nya v\u00e4lf\u00e4rdsomr\u00e5dena har nyligen inlett sin verksamhet och de f\u00f6rtroendevalda beh\u00f6ver f\u00e5 arbetsro, vilket de nu f\u00e5r. Det \u00e4r viktigt att v\u00e4lf\u00e4rdsomr\u00e5denas autonomi respekteras och att de f\u00f6rtroendevalda har m\u00f6jlighet att styra hur v\u00e5rden arrangeras i det egna omr\u00e5det.<\/p>\n<p>\u2013\u00a0F\u00f6r SFP \u00e4r det viktigt att p\u00e5 alla plan verka f\u00f6r att v\u00e5rd finns n\u00e4ra och att den \u00e4r tillg\u00e4nglig f\u00f6r alla.<\/p>\n<p>Den utmanande ekonomiska situationen kr\u00e4vde omfattande anpassningsbeslut av regeringen, men Adlercreutz betonar att man samtidigt satsar p\u00e5 att skapa f\u00f6ruts\u00e4ttningar f\u00f6r ekonomisk tillv\u00e4xt.<\/p>\n<p>\u2013\u00a0Regeringen kom \u00f6verens om ett tillv\u00e4xtpaket, vilket \u00e4r v\u00e4lkommet. Tillv\u00e4xtpaketet inneh\u00e5ller till exempel ett skatteincitament f\u00f6r f\u00f6retag som fr\u00e4mjar investeringar i den gr\u00f6na omst\u00e4llningen och samtidigt i v\u00e5ra klimatm\u00e5ls\u00e4ttningar, s\u00e4ger Adlercreutz.<\/p>\n<p>\u2013\u00a0F\u00f6r att f\u00e5 fart p\u00e5 tillv\u00e4xten beh\u00f6vs investeringar till Finland. Skatteincitamentet som regeringen nu kommit \u00f6verens om \u00e4r ett effektivt och marknadsbaserat s\u00e4tt att skapa f\u00f6ruts\u00e4ttningar f\u00f6r de investeringar vi beh\u00f6ver. Ocks\u00e5 de fortsatta satsningarna p\u00e5 forskning- och utveckling \u00e4r viktiga f\u00f6r att fr\u00e4mja v\u00e5r konkurrenskraft.<\/p>\n","protected":false},"excerpt":{"rendered":"<p>\u2013 Ramrian var ingen l\u00e4tt uppgift, det visste vi p\u00e5 f\u00f6rhand. Anpassningsbesluten \u00e4r sv\u00e5ra och de ber\u00f6r hela samh\u00e4llet. Tyv\u00e4rr \u00e4r de ocks\u00e5 helt n\u00f6dv\u00e4ndiga. De ekonomiska utsikterna har \u00e4ndrats kraftigt sedan regeringsf\u00f6rhandlingarna, och d\u00e4rf\u00f6r beh\u00f6vdes ytterligare balanserande \u00e5tg\u00e4rder, s\u00e4ger Europa- och \u00e4garstyrningsminister Anders Adlercreutz. \u2013\u00a0Med dessa \u00e5tg\u00e4rder str\u00e4var vi till att stabilisera skulds\u00e4ttningen, vilket [&hellip;]<\/p>\n","protected":false},"author":1,"featured_media":9487,"comment_status":"open","ping_status":"open","sticky":false,"template":"","format":"standard","meta":{"jetpack_post_was_ever_published":false,"_jetpack_newsletter_access":"","jetpack_publicize_message":"","jetpack_is_tweetstorm":false,"jetpack_publicize_feature_enabled":true,"jetpack_social_post_already_shared":true,"jetpack_social_options":{"image_generator_settings":{"template":"highway","enabled":false}}},"categories":[72,114,74],"tags":[],"jetpack_publicize_connections":[],"yoast_head":"<!-- This site is optimized with the Yoast SEO plugin v20.12 - https:\/\/yoast.com\/wordpress\/plugins\/seo\/ -->\n<title>Adlercreutz om ramrian: En utmanande men n\u00f6dv\u00e4ndig ria som ocks\u00e5 bygger tillv\u00e4xt\u00a0 - Anders Adlercreutz<\/title>\n<meta name=\"robots\" content=\"index, follow, max-snippet:-1, max-image-preview:large, max-video-preview:-1\" \/>\n<link rel=\"canonical\" href=\"https:\/\/andersadlercreutz.fi\/blog\/pressmeddelande\/adlercreutz-om-ramrian-en-utmanande-men-nodvandig-ria-som-ocksa-bygger-tillvaxt\/\" \/>\n<meta property=\"og:locale\" content=\"sv_SE\" \/>\n<meta property=\"og:type\" content=\"article\" \/>\n<meta property=\"og:title\" content=\"Adlercreutz om ramrian: En utmanande men n\u00f6dv\u00e4ndig ria som ocks\u00e5 bygger tillv\u00e4xt\u00a0 - Anders Adlercreutz\" \/>\n<meta property=\"og:description\" content=\"\u2013 Ramrian var ingen l\u00e4tt uppgift, det visste vi p\u00e5 f\u00f6rhand. Anpassningsbesluten \u00e4r sv\u00e5ra och de ber\u00f6r hela samh\u00e4llet. Tyv\u00e4rr \u00e4r de ocks\u00e5 helt n\u00f6dv\u00e4ndiga. De ekonomiska utsikterna har \u00e4ndrats kraftigt sedan regeringsf\u00f6rhandlingarna, och d\u00e4rf\u00f6r beh\u00f6vdes ytterligare balanserande \u00e5tg\u00e4rder, s\u00e4ger Europa- och \u00e4garstyrningsminister Anders Adlercreutz. \u2013\u00a0Med dessa \u00e5tg\u00e4rder str\u00e4var vi till att stabilisera skulds\u00e4ttningen, vilket [&hellip;]\" \/>\n<meta property=\"og:url\" content=\"https:\/\/andersadlercreutz.fi\/blog\/pressmeddelande\/adlercreutz-om-ramrian-en-utmanande-men-nodvandig-ria-som-ocksa-bygger-tillvaxt\/\" \/>\n<meta property=\"og:site_name\" content=\"Anders Adlercreutz\" \/>\n<meta property=\"article:published_time\" content=\"2024-04-16T20:12:27+00:00\" \/>\n<meta property=\"article:modified_time\" content=\"2024-04-17T08:32:41+00:00\" \/>\n<meta property=\"og:image\" content=\"https:\/\/andersadlercreutz.fi\/blog\/wp-content\/uploads\/2024\/04\/Anders-klippt-scaled.jpg\" \/>\n\t<meta property=\"og:image:width\" content=\"2560\" \/>\n\t<meta property=\"og:image:height\" content=\"1286\" \/>\n\t<meta property=\"og:image:type\" content=\"image\/jpeg\" \/>\n<meta name=\"author\" content=\"Anders\" \/>\n<meta name=\"twitter:card\" content=\"summary_large_image\" \/>\n<meta name=\"twitter:label1\" content=\"Skriven av\" \/>\n\t<meta name=\"twitter:data1\" content=\"Anders\" \/>\n\t<meta name=\"twitter:label2\" content=\"Ber\u00e4knad l\u00e4stid\" \/>\n\t<meta name=\"twitter:data2\" content=\"2 minuter\" \/>\n<script type=\"application\/ld+json\" class=\"yoast-schema-graph\">{\"@context\":\"https:\/\/schema.org\",\"@graph\":[{\"@type\":\"WebPage\",\"@id\":\"https:\/\/andersadlercreutz.fi\/blog\/pressmeddelande\/adlercreutz-om-ramrian-en-utmanande-men-nodvandig-ria-som-ocksa-bygger-tillvaxt\/\",\"url\":\"https:\/\/andersadlercreutz.fi\/blog\/pressmeddelande\/adlercreutz-om-ramrian-en-utmanande-men-nodvandig-ria-som-ocksa-bygger-tillvaxt\/\",\"name\":\"Adlercreutz om ramrian: En utmanande men n\u00f6dv\u00e4ndig ria som ocks\u00e5 bygger tillv\u00e4xt\u00a0 - Anders Adlercreutz\",\"isPartOf\":{\"@id\":\"https:\/\/andersadlercreutz.fi\/blog\/#website\"},\"datePublished\":\"2024-04-16T20:12:27+00:00\",\"dateModified\":\"2024-04-17T08:32:41+00:00\",\"author\":{\"@id\":\"https:\/\/andersadlercreutz.fi\/blog\/#\/schema\/person\/47d4b72eded862b484f74bb4b3a2354f\"},\"breadcrumb\":{\"@id\":\"https:\/\/andersadlercreutz.fi\/blog\/pressmeddelande\/adlercreutz-om-ramrian-en-utmanande-men-nodvandig-ria-som-ocksa-bygger-tillvaxt\/#breadcrumb\"},\"inLanguage\":\"sv-SE\",\"potentialAction\":[{\"@type\":\"ReadAction\",\"target\":[\"https:\/\/andersadlercreutz.fi\/blog\/pressmeddelande\/adlercreutz-om-ramrian-en-utmanande-men-nodvandig-ria-som-ocksa-bygger-tillvaxt\/\"]}]},{\"@type\":\"BreadcrumbList\",\"@id\":\"https:\/\/andersadlercreutz.fi\/blog\/pressmeddelande\/adlercreutz-om-ramrian-en-utmanande-men-nodvandig-ria-som-ocksa-bygger-tillvaxt\/#breadcrumb\",\"itemListElement\":[{\"@type\":\"ListItem\",\"position\":1,\"name\":\"Home\",\"item\":\"https:\/\/andersadlercreutz.fi\/blog\/blogg\/?lang=sv\"},{\"@type\":\"ListItem\",\"position\":2,\"name\":\"Adlercreutz om ramrian: En utmanande men n\u00f6dv\u00e4ndig ria som ocks\u00e5 bygger tillv\u00e4xt\u00a0\"}]},{\"@type\":\"WebSite\",\"@id\":\"https:\/\/andersadlercreutz.fi\/blog\/#website\",\"url\":\"https:\/\/andersadlercreutz.fi\/blog\/\",\"name\":\"Anders Adlercreutz\",\"description\":\"Du. Jag. Vi. Kest&auml;v&auml;sti optimisti\",\"potentialAction\":[{\"@type\":\"SearchAction\",\"target\":{\"@type\":\"EntryPoint\",\"urlTemplate\":\"https:\/\/andersadlercreutz.fi\/blog\/?s={search_term_string}\"},\"query-input\":\"required name=search_term_string\"}],\"inLanguage\":\"sv-SE\"},{\"@type\":\"Person\",\"@id\":\"https:\/\/andersadlercreutz.fi\/blog\/#\/schema\/person\/47d4b72eded862b484f74bb4b3a2354f\",\"name\":\"Anders\",\"image\":{\"@type\":\"ImageObject\",\"inLanguage\":\"sv-SE\",\"@id\":\"https:\/\/andersadlercreutz.fi\/blog\/#\/schema\/person\/image\/\",\"url\":\"https:\/\/secure.gravatar.com\/avatar\/a144c9bda7a581ff6fabba169027e620?s=96&d=mm&r=g\",\"contentUrl\":\"https:\/\/secure.gravatar.com\/avatar\/a144c9bda7a581ff6fabba169027e620?s=96&d=mm&r=g\",\"caption\":\"Anders\"},\"url\":\"https:\/\/andersadlercreutz.fi\/blog\/author\/admin\/\"}]}<\/script>\n<!-- \/ Yoast SEO plugin. -->","yoast_head_json":{"title":"Adlercreutz om ramrian: En utmanande men n\u00f6dv\u00e4ndig ria som ocks\u00e5 bygger tillv\u00e4xt\u00a0 - Anders Adlercreutz","robots":{"index":"index","follow":"follow","max-snippet":"max-snippet:-1","max-image-preview":"max-image-preview:large","max-video-preview":"max-video-preview:-1"},"canonical":"https:\/\/andersadlercreutz.fi\/blog\/pressmeddelande\/adlercreutz-om-ramrian-en-utmanande-men-nodvandig-ria-som-ocksa-bygger-tillvaxt\/","og_locale":"sv_SE","og_type":"article","og_title":"Adlercreutz om ramrian: En utmanande men n\u00f6dv\u00e4ndig ria som ocks\u00e5 bygger tillv\u00e4xt\u00a0 - Anders Adlercreutz","og_description":"\u2013 Ramrian var ingen l\u00e4tt uppgift, det visste vi p\u00e5 f\u00f6rhand. Anpassningsbesluten \u00e4r sv\u00e5ra och de ber\u00f6r hela samh\u00e4llet. Tyv\u00e4rr \u00e4r de ocks\u00e5 helt n\u00f6dv\u00e4ndiga. De ekonomiska utsikterna har \u00e4ndrats kraftigt sedan regeringsf\u00f6rhandlingarna, och d\u00e4rf\u00f6r beh\u00f6vdes ytterligare balanserande \u00e5tg\u00e4rder, s\u00e4ger Europa- och \u00e4garstyrningsminister Anders Adlercreutz. \u2013\u00a0Med dessa \u00e5tg\u00e4rder str\u00e4var vi till att stabilisera skulds\u00e4ttningen, vilket [&hellip;]","og_url":"https:\/\/andersadlercreutz.fi\/blog\/pressmeddelande\/adlercreutz-om-ramrian-en-utmanande-men-nodvandig-ria-som-ocksa-bygger-tillvaxt\/","og_site_name":"Anders Adlercreutz","article_published_time":"2024-04-16T20:12:27+00:00","article_modified_time":"2024-04-17T08:32:41+00:00","og_image":[{"width":2560,"height":1286,"url":"https:\/\/andersadlercreutz.fi\/blog\/wp-content\/uploads\/2024\/04\/Anders-klippt-scaled.jpg","type":"image\/jpeg"}],"author":"Anders","twitter_card":"summary_large_image","twitter_misc":{"Skriven av":"Anders","Ber\u00e4knad l\u00e4stid":"2 minuter"},"schema":{"@context":"https:\/\/schema.org","@graph":[{"@type":"WebPage","@id":"https:\/\/andersadlercreutz.fi\/blog\/pressmeddelande\/adlercreutz-om-ramrian-en-utmanande-men-nodvandig-ria-som-ocksa-bygger-tillvaxt\/","url":"https:\/\/andersadlercreutz.fi\/blog\/pressmeddelande\/adlercreutz-om-ramrian-en-utmanande-men-nodvandig-ria-som-ocksa-bygger-tillvaxt\/","name":"Adlercreutz om ramrian: En utmanande men n\u00f6dv\u00e4ndig ria som ocks\u00e5 bygger tillv\u00e4xt\u00a0 - Anders Adlercreutz","isPartOf":{"@id":"https:\/\/andersadlercreutz.fi\/blog\/#website"},"datePublished":"2024-04-16T20:12:27+00:00","dateModified":"2024-04-17T08:32:41+00:00","author":{"@id":"https:\/\/andersadlercreutz.fi\/blog\/#\/schema\/person\/47d4b72eded862b484f74bb4b3a2354f"},"breadcrumb":{"@id":"https:\/\/andersadlercreutz.fi\/blog\/pressmeddelande\/adlercreutz-om-ramrian-en-utmanande-men-nodvandig-ria-som-ocksa-bygger-tillvaxt\/#breadcrumb"},"inLanguage":"sv-SE","potentialAction":[{"@type":"ReadAction","target":["https:\/\/andersadlercreutz.fi\/blog\/pressmeddelande\/adlercreutz-om-ramrian-en-utmanande-men-nodvandig-ria-som-ocksa-bygger-tillvaxt\/"]}]},{"@type":"BreadcrumbList","@id":"https:\/\/andersadlercreutz.fi\/blog\/pressmeddelande\/adlercreutz-om-ramrian-en-utmanande-men-nodvandig-ria-som-ocksa-bygger-tillvaxt\/#breadcrumb","itemListElement":[{"@type":"ListItem","position":1,"name":"Home","item":"https:\/\/andersadlercreutz.fi\/blog\/blogg\/?lang=sv"},{"@type":"ListItem","position":2,"name":"Adlercreutz om ramrian: En utmanande men n\u00f6dv\u00e4ndig ria som ocks\u00e5 bygger tillv\u00e4xt\u00a0"}]},{"@type":"WebSite","@id":"https:\/\/andersadlercreutz.fi\/blog\/#website","url":"https:\/\/andersadlercreutz.fi\/blog\/","name":"Anders Adlercreutz","description":"Du. Jag. Vi. Kest&auml;v&auml;sti optimisti","potentialAction":[{"@type":"SearchAction","target":{"@type":"EntryPoint","urlTemplate":"https:\/\/andersadlercreutz.fi\/blog\/?s={search_term_string}"},"query-input":"required name=search_term_string"}],"inLanguage":"sv-SE"},{"@type":"Person","@id":"https:\/\/andersadlercreutz.fi\/blog\/#\/schema\/person\/47d4b72eded862b484f74bb4b3a2354f","name":"Anders","image":{"@type":"ImageObject","inLanguage":"sv-SE","@id":"https:\/\/andersadlercreutz.fi\/blog\/#\/schema\/person\/image\/","url":"https:\/\/secure.gravatar.com\/avatar\/a144c9bda7a581ff6fabba169027e620?s=96&d=mm&r=g","contentUrl":"https:\/\/secure.gravatar.com\/avatar\/a144c9bda7a581ff6fabba169027e620?s=96&d=mm&r=g","caption":"Anders"},"url":"https:\/\/andersadlercreutz.fi\/blog\/author\/admin\/"}]}},"jetpack_featured_media_url":"https:\/\/i0.wp.com\/andersadlercreutz.fi\/blog\/wp-content\/uploads\/2024\/04\/Anders-klippt-scaled.jpg?fit=2560%2C1286&ssl=1","jetpack_shortlink":"https:\/\/wp.me\/p4T6Dh-2sT","jetpack_sharing_enabled":true,"_links":{"self":[{"href":"https:\/\/andersadlercreutz.fi\/blog\/wp-json\/wp\/v2\/posts\/9479"}],"collection":[{"href":"https:\/\/andersadlercreutz.fi\/blog\/wp-json\/wp\/v2\/posts"}],"about":[{"href":"https:\/\/andersadlercreutz.fi\/blog\/wp-json\/wp\/v2\/types\/post"}],"author":[{"embeddable":true,"href":"https:\/\/andersadlercreutz.fi\/blog\/wp-json\/wp\/v2\/users\/1"}],"replies":[{"embeddable":true,"href":"https:\/\/andersadlercreutz.fi\/blog\/wp-json\/wp\/v2\/comments?post=9479"}],"version-history":[{"count":2,"href":"https:\/\/andersadlercreutz.fi\/blog\/wp-json\/wp\/v2\/posts\/9479\/revisions"}],"predecessor-version":[{"id":9490,"href":"https:\/\/andersadlercreutz.fi\/blog\/wp-json\/wp\/v2\/posts\/9479\/revisions\/9490"}],"wp:featuredmedia":[{"embeddable":true,"href":"https:\/\/andersadlercreutz.fi\/blog\/wp-json\/wp\/v2\/media\/9487"}],"wp:attachment":[{"href":"https:\/\/andersadlercreutz.fi\/blog\/wp-json\/wp\/v2\/media?parent=9479"}],"wp:term":[{"taxonomy":"category","embeddable":true,"href":"https:\/\/andersadlercreutz.fi\/blog\/wp-json\/wp\/v2\/categories?post=9479"},{"taxonomy":"post_tag","embeddable":true,"href":"https:\/\/andersadlercreutz.fi\/blog\/wp-json\/wp\/v2\/tags?post=9479"}],"curies":[{"name":"wp","href":"https:\/\/api.w.org\/{rel}","templated":true}]}}