{"id":9499,"date":"2024-05-01T23:17:51","date_gmt":"2024-05-01T20:17:51","guid":{"rendered":"https:\/\/andersadlercreutz.fi\/blog\/uncategorized\/adlercreutz-eus-konkurrenskraft-och-rattsstatsprincipen-viktiga-da-unionen-utvidgas\/"},"modified":"2024-05-01T23:19:33","modified_gmt":"2024-05-01T20:19:33","slug":"adlercreutz-eus-konkurrenskraft-och-rattsstatsprincipen-viktiga-da-unionen-utvidgas","status":"publish","type":"post","link":"https:\/\/andersadlercreutz.fi\/blog\/lehdistotiedote\/adlercreutz-eus-konkurrenskraft-och-rattsstatsprincipen-viktiga-da-unionen-utvidgas\/?lang=fi","title":{"rendered":"Adlercreutz: EU:n laajentuessa kilpailukyky ja oikeusvaltioperiaate ovat t\u00e4rkeit\u00e4"},"content":{"rendered":"<p><b>\u2013 <\/b><span style=\"font-weight: 400;\">T\u00e4n\u00e4\u00e4n 1. toukokuuta tulee kuluneeksi 20 vuotta EU:n suuresta laajentumisesta, jolloin 10 uutta j\u00e4senmaata liittyiv\u00e4t unioniin. Kun EU tulevaisuudessa saa uusia j\u00e4senmaita, kaksi asiaa on oltava keski\u00f6ss\u00e4: oikeusvaltioperiaate ja unionin kilpailukyky, eurooppa- ja omistajaohjausministeri Anders Adlercreutz sanoo.<\/span><\/p>\n<p><span style=\"font-weight: 400;\">Adlercreutz osallistui 29.-30. huhtikuuta Brysseliss\u00e4 pidettyyn ep\u00e4viralliseen yleisten asioiden neuvoston kokoukseen, jossa juhlistettiin laajentumisen 20-vuotisp\u00e4iv\u00e4\u00e4. Kokoukseen osallistui my\u00f6s ehdokasmaiden edustajia.<\/span><\/p>\n<p><span style=\"font-weight: 400;\">Laajentuminen perustuu ansioihin perustuvaan j\u00e4rjestelm\u00e4\u00e4n, jossa ehdokasmaiden on t\u00e4ytett\u00e4v\u00e4 tietyt j\u00e4senyyskriteerit, esimerkiksi liittyen oikeusvaltioperiaatteen toimivuuteen.<\/span><\/p>\n<p><span style=\"font-weight: 400;\">\u2013 On t\u00e4rke\u00e4\u00e4, ett\u00e4 oikeusvaltioperiaatetta kunnioitetaan ja my\u00f6s k\u00e4yt\u00e4nn\u00f6ss\u00e4 toteutuu. T\u00e4m\u00e4 koskee niin nykyisi\u00e4 kuin tulevia j\u00e4senmaita.<\/span><\/p>\n<p><span style=\"font-weight: 400;\">Adlercreutz painottaa, ett\u00e4 EU:n kilpailukyvyst\u00e4 huolehtiminen on v\u00e4ltt\u00e4m\u00e4t\u00f6nt\u00e4, jotta unionilla on kyky\u00e4 vastaanottaa uusia j\u00e4senmaita.<\/span><\/p>\n<p><span style=\"font-weight: 400;\">\u2013 Emme voi ummistaa silmi\u00e4mme silt\u00e4, ett\u00e4 talouskehityksemme on heikkoa. Jos taloutemme ei ole vakaalla pohjalla, laajentumisprosessin l\u00e4pivieminen on haastavampaa. Euroopan tuottavuus laskee, kuin esimerkiksi Yhdysvalloissa se kasvaa. Jos t\u00e4m\u00e4 jatkuu, se vaikuttaa unionin toimintakykyyn ja viime k\u00e4dess\u00e4 mahdollisuuksiimme laajentua.<\/span><\/p>\n<p><span style=\"font-weight: 400;\">\u2013 Sis\u00e4markkinoilla on keskeinen rooli kilpailukykymme kannalta. Meid\u00e4n on investoitava tutkimukseen ja kehitykseen ja huolehdittava infrastruktuuristamme, mutta ennen kaikkea meid\u00e4n on varmistettava, ett\u00e4 sis\u00e4markkinat toimivat. Yrityksi\u00e4mme ei pit\u00e4isi rasittaa kohtuuttomalla hallinnollisella taakalla. T\u00e4ss\u00e4 meill\u00e4 on parannettavaa.<\/span><\/p>\n","protected":false},"excerpt":{"rendered":"<p>\u2013 T\u00e4n\u00e4\u00e4n 1. toukokuuta tulee kuluneeksi 20 vuotta EU:n suuresta laajentumisesta, jolloin 10 uutta j\u00e4senmaata liittyiv\u00e4t unioniin. Kun EU tulevaisuudessa saa uusia j\u00e4senmaita, kaksi asiaa on oltava keski\u00f6ss\u00e4: oikeusvaltioperiaate ja unionin kilpailukyky, eurooppa- ja omistajaohjausministeri Anders Adlercreutz sanoo. Adlercreutz osallistui 29.-30. huhtikuuta Brysseliss\u00e4 pidettyyn ep\u00e4viralliseen yleisten asioiden neuvoston kokoukseen, jossa juhlistettiin laajentumisen 20-vuotisp\u00e4iv\u00e4\u00e4. Kokoukseen osallistui [&hellip;]<\/p>\n","protected":false},"author":1,"featured_media":9321,"comment_status":"open","ping_status":"open","sticky":false,"template":"","format":"standard","meta":{"jetpack_post_was_ever_published":false,"_jetpack_newsletter_access":"","jetpack_publicize_message":"","jetpack_is_tweetstorm":false,"jetpack_publicize_feature_enabled":true,"jetpack_social_post_already_shared":true,"jetpack_social_options":{"image_generator_settings":{"template":"highway","enabled":false}}},"categories":[71],"tags":[],"jetpack_publicize_connections":[],"yoast_head":"<!-- This site is optimized with the Yoast SEO plugin v20.12 - https:\/\/yoast.com\/wordpress\/plugins\/seo\/ -->\n<title>Adlercreutz: EU:n laajentuessa kilpailukyky ja oikeusvaltioperiaate ovat t\u00e4rkeit\u00e4 - Anders Adlercreutz<\/title>\n<meta name=\"robots\" content=\"index, follow, max-snippet:-1, max-image-preview:large, max-video-preview:-1\" \/>\n<link rel=\"canonical\" href=\"https:\/\/andersadlercreutz.fi\/blog\/lehdistotiedote\/adlercreutz-eus-konkurrenskraft-och-rattsstatsprincipen-viktiga-da-unionen-utvidgas\/\" \/>\n<meta property=\"og:locale\" content=\"sv_SE\" \/>\n<meta property=\"og:type\" content=\"article\" \/>\n<meta property=\"og:title\" content=\"Adlercreutz: EU:n laajentuessa kilpailukyky ja oikeusvaltioperiaate ovat t\u00e4rkeit\u00e4 - Anders Adlercreutz\" \/>\n<meta property=\"og:description\" content=\"\u2013 T\u00e4n\u00e4\u00e4n 1. toukokuuta tulee kuluneeksi 20 vuotta EU:n suuresta laajentumisesta, jolloin 10 uutta j\u00e4senmaata liittyiv\u00e4t unioniin. Kun EU tulevaisuudessa saa uusia j\u00e4senmaita, kaksi asiaa on oltava keski\u00f6ss\u00e4: oikeusvaltioperiaate ja unionin kilpailukyky, eurooppa- ja omistajaohjausministeri Anders Adlercreutz sanoo. Adlercreutz osallistui 29.-30. huhtikuuta Brysseliss\u00e4 pidettyyn ep\u00e4viralliseen yleisten asioiden neuvoston kokoukseen, jossa juhlistettiin laajentumisen 20-vuotisp\u00e4iv\u00e4\u00e4. Kokoukseen osallistui [&hellip;]\" \/>\n<meta property=\"og:url\" content=\"https:\/\/andersadlercreutz.fi\/blog\/lehdistotiedote\/adlercreutz-eus-konkurrenskraft-och-rattsstatsprincipen-viktiga-da-unionen-utvidgas\/?lang=fi\" \/>\n<meta property=\"og:site_name\" content=\"Anders Adlercreutz\" \/>\n<meta property=\"article:published_time\" content=\"2024-05-01T20:17:51+00:00\" \/>\n<meta property=\"article:modified_time\" content=\"2024-05-01T20:19:33+00:00\" \/>\n<meta property=\"og:image\" content=\"https:\/\/andersadlercreutz.fi\/blog\/wp-content\/uploads\/2024\/03\/Anders-Doorstep-24.2.jpg\" \/>\n\t<meta property=\"og:image:width\" content=\"1500\" \/>\n\t<meta property=\"og:image:height\" content=\"919\" \/>\n\t<meta property=\"og:image:type\" content=\"image\/jpeg\" \/>\n<meta name=\"author\" content=\"Anders\" \/>\n<meta name=\"twitter:card\" content=\"summary_large_image\" \/>\n<meta name=\"twitter:label1\" content=\"Skriven av\" \/>\n\t<meta name=\"twitter:data1\" content=\"Anders\" \/>\n\t<meta name=\"twitter:label2\" content=\"Ber\u00e4knad l\u00e4stid\" \/>\n\t<meta name=\"twitter:data2\" content=\"1 minut\" \/>\n<script type=\"application\/ld+json\" class=\"yoast-schema-graph\">{\"@context\":\"https:\/\/schema.org\",\"@graph\":[{\"@type\":\"WebPage\",\"@id\":\"https:\/\/andersadlercreutz.fi\/blog\/lehdistotiedote\/adlercreutz-eus-konkurrenskraft-och-rattsstatsprincipen-viktiga-da-unionen-utvidgas\/?lang=fi\",\"url\":\"https:\/\/andersadlercreutz.fi\/blog\/lehdistotiedote\/adlercreutz-eus-konkurrenskraft-och-rattsstatsprincipen-viktiga-da-unionen-utvidgas\/?lang=fi\",\"name\":\"Adlercreutz: EU:n laajentuessa kilpailukyky ja oikeusvaltioperiaate ovat t\u00e4rkeit\u00e4 - Anders Adlercreutz\",\"isPartOf\":{\"@id\":\"https:\/\/andersadlercreutz.fi\/blog\/#website\"},\"datePublished\":\"2024-05-01T20:17:51+00:00\",\"dateModified\":\"2024-05-01T20:19:33+00:00\",\"author\":{\"@id\":\"https:\/\/andersadlercreutz.fi\/blog\/#\/schema\/person\/47d4b72eded862b484f74bb4b3a2354f\"},\"breadcrumb\":{\"@id\":\"https:\/\/andersadlercreutz.fi\/blog\/lehdistotiedote\/adlercreutz-eus-konkurrenskraft-och-rattsstatsprincipen-viktiga-da-unionen-utvidgas\/?lang=fi#breadcrumb\"},\"inLanguage\":\"sv-SE\",\"potentialAction\":[{\"@type\":\"ReadAction\",\"target\":[\"https:\/\/andersadlercreutz.fi\/blog\/lehdistotiedote\/adlercreutz-eus-konkurrenskraft-och-rattsstatsprincipen-viktiga-da-unionen-utvidgas\/?lang=fi\"]}]},{\"@type\":\"BreadcrumbList\",\"@id\":\"https:\/\/andersadlercreutz.fi\/blog\/lehdistotiedote\/adlercreutz-eus-konkurrenskraft-och-rattsstatsprincipen-viktiga-da-unionen-utvidgas\/?lang=fi#breadcrumb\",\"itemListElement\":[{\"@type\":\"ListItem\",\"position\":1,\"name\":\"Home\",\"item\":\"https:\/\/andersadlercreutz.fi\/blog\/blogg\/?lang=sv\"},{\"@type\":\"ListItem\",\"position\":2,\"name\":\"Adlercreutz: EU:n laajentuessa kilpailukyky ja oikeusvaltioperiaate ovat t\u00e4rkeit\u00e4\"}]},{\"@type\":\"WebSite\",\"@id\":\"https:\/\/andersadlercreutz.fi\/blog\/#website\",\"url\":\"https:\/\/andersadlercreutz.fi\/blog\/\",\"name\":\"Anders Adlercreutz\",\"description\":\"Du. Jag. Vi. Kest&auml;v&auml;sti optimisti\",\"potentialAction\":[{\"@type\":\"SearchAction\",\"target\":{\"@type\":\"EntryPoint\",\"urlTemplate\":\"https:\/\/andersadlercreutz.fi\/blog\/?s={search_term_string}\"},\"query-input\":\"required name=search_term_string\"}],\"inLanguage\":\"sv-SE\"},{\"@type\":\"Person\",\"@id\":\"https:\/\/andersadlercreutz.fi\/blog\/#\/schema\/person\/47d4b72eded862b484f74bb4b3a2354f\",\"name\":\"Anders\",\"image\":{\"@type\":\"ImageObject\",\"inLanguage\":\"sv-SE\",\"@id\":\"https:\/\/andersadlercreutz.fi\/blog\/#\/schema\/person\/image\/\",\"url\":\"https:\/\/secure.gravatar.com\/avatar\/a144c9bda7a581ff6fabba169027e620?s=96&d=mm&r=g\",\"contentUrl\":\"https:\/\/secure.gravatar.com\/avatar\/a144c9bda7a581ff6fabba169027e620?s=96&d=mm&r=g\",\"caption\":\"Anders\"},\"url\":\"https:\/\/andersadlercreutz.fi\/blog\/author\/admin\/\"}]}<\/script>\n<!-- \/ Yoast SEO plugin. -->","yoast_head_json":{"title":"Adlercreutz: EU:n laajentuessa kilpailukyky ja oikeusvaltioperiaate ovat t\u00e4rkeit\u00e4 - Anders Adlercreutz","robots":{"index":"index","follow":"follow","max-snippet":"max-snippet:-1","max-image-preview":"max-image-preview:large","max-video-preview":"max-video-preview:-1"},"canonical":"https:\/\/andersadlercreutz.fi\/blog\/lehdistotiedote\/adlercreutz-eus-konkurrenskraft-och-rattsstatsprincipen-viktiga-da-unionen-utvidgas\/","og_locale":"sv_SE","og_type":"article","og_title":"Adlercreutz: EU:n laajentuessa kilpailukyky ja oikeusvaltioperiaate ovat t\u00e4rkeit\u00e4 - Anders Adlercreutz","og_description":"\u2013 T\u00e4n\u00e4\u00e4n 1. toukokuuta tulee kuluneeksi 20 vuotta EU:n suuresta laajentumisesta, jolloin 10 uutta j\u00e4senmaata liittyiv\u00e4t unioniin. Kun EU tulevaisuudessa saa uusia j\u00e4senmaita, kaksi asiaa on oltava keski\u00f6ss\u00e4: oikeusvaltioperiaate ja unionin kilpailukyky, eurooppa- ja omistajaohjausministeri Anders Adlercreutz sanoo. Adlercreutz osallistui 29.-30. huhtikuuta Brysseliss\u00e4 pidettyyn ep\u00e4viralliseen yleisten asioiden neuvoston kokoukseen, jossa juhlistettiin laajentumisen 20-vuotisp\u00e4iv\u00e4\u00e4. Kokoukseen osallistui [&hellip;]","og_url":"https:\/\/andersadlercreutz.fi\/blog\/lehdistotiedote\/adlercreutz-eus-konkurrenskraft-och-rattsstatsprincipen-viktiga-da-unionen-utvidgas\/?lang=fi","og_site_name":"Anders Adlercreutz","article_published_time":"2024-05-01T20:17:51+00:00","article_modified_time":"2024-05-01T20:19:33+00:00","og_image":[{"width":1500,"height":919,"url":"https:\/\/andersadlercreutz.fi\/blog\/wp-content\/uploads\/2024\/03\/Anders-Doorstep-24.2.jpg","type":"image\/jpeg"}],"author":"Anders","twitter_card":"summary_large_image","twitter_misc":{"Skriven av":"Anders","Ber\u00e4knad l\u00e4stid":"1 minut"},"schema":{"@context":"https:\/\/schema.org","@graph":[{"@type":"WebPage","@id":"https:\/\/andersadlercreutz.fi\/blog\/lehdistotiedote\/adlercreutz-eus-konkurrenskraft-och-rattsstatsprincipen-viktiga-da-unionen-utvidgas\/?lang=fi","url":"https:\/\/andersadlercreutz.fi\/blog\/lehdistotiedote\/adlercreutz-eus-konkurrenskraft-och-rattsstatsprincipen-viktiga-da-unionen-utvidgas\/?lang=fi","name":"Adlercreutz: EU:n laajentuessa kilpailukyky ja oikeusvaltioperiaate ovat t\u00e4rkeit\u00e4 - Anders Adlercreutz","isPartOf":{"@id":"https:\/\/andersadlercreutz.fi\/blog\/#website"},"datePublished":"2024-05-01T20:17:51+00:00","dateModified":"2024-05-01T20:19:33+00:00","author":{"@id":"https:\/\/andersadlercreutz.fi\/blog\/#\/schema\/person\/47d4b72eded862b484f74bb4b3a2354f"},"breadcrumb":{"@id":"https:\/\/andersadlercreutz.fi\/blog\/lehdistotiedote\/adlercreutz-eus-konkurrenskraft-och-rattsstatsprincipen-viktiga-da-unionen-utvidgas\/?lang=fi#breadcrumb"},"inLanguage":"sv-SE","potentialAction":[{"@type":"ReadAction","target":["https:\/\/andersadlercreutz.fi\/blog\/lehdistotiedote\/adlercreutz-eus-konkurrenskraft-och-rattsstatsprincipen-viktiga-da-unionen-utvidgas\/?lang=fi"]}]},{"@type":"BreadcrumbList","@id":"https:\/\/andersadlercreutz.fi\/blog\/lehdistotiedote\/adlercreutz-eus-konkurrenskraft-och-rattsstatsprincipen-viktiga-da-unionen-utvidgas\/?lang=fi#breadcrumb","itemListElement":[{"@type":"ListItem","position":1,"name":"Home","item":"https:\/\/andersadlercreutz.fi\/blog\/blogg\/?lang=sv"},{"@type":"ListItem","position":2,"name":"Adlercreutz: EU:n laajentuessa kilpailukyky ja oikeusvaltioperiaate ovat t\u00e4rkeit\u00e4"}]},{"@type":"WebSite","@id":"https:\/\/andersadlercreutz.fi\/blog\/#website","url":"https:\/\/andersadlercreutz.fi\/blog\/","name":"Anders Adlercreutz","description":"Du. Jag. Vi. Kest&auml;v&auml;sti optimisti","potentialAction":[{"@type":"SearchAction","target":{"@type":"EntryPoint","urlTemplate":"https:\/\/andersadlercreutz.fi\/blog\/?s={search_term_string}"},"query-input":"required name=search_term_string"}],"inLanguage":"sv-SE"},{"@type":"Person","@id":"https:\/\/andersadlercreutz.fi\/blog\/#\/schema\/person\/47d4b72eded862b484f74bb4b3a2354f","name":"Anders","image":{"@type":"ImageObject","inLanguage":"sv-SE","@id":"https:\/\/andersadlercreutz.fi\/blog\/#\/schema\/person\/image\/","url":"https:\/\/secure.gravatar.com\/avatar\/a144c9bda7a581ff6fabba169027e620?s=96&d=mm&r=g","contentUrl":"https:\/\/secure.gravatar.com\/avatar\/a144c9bda7a581ff6fabba169027e620?s=96&d=mm&r=g","caption":"Anders"},"url":"https:\/\/andersadlercreutz.fi\/blog\/author\/admin\/"}]}},"jetpack_featured_media_url":"https:\/\/i0.wp.com\/andersadlercreutz.fi\/blog\/wp-content\/uploads\/2024\/03\/Anders-Doorstep-24.2.jpg?fit=1500%2C919&ssl=1","jetpack_shortlink":"https:\/\/wp.me\/p4T6Dh-2td","jetpack_sharing_enabled":true,"_links":{"self":[{"href":"https:\/\/andersadlercreutz.fi\/blog\/wp-json\/wp\/v2\/posts\/9499"}],"collection":[{"href":"https:\/\/andersadlercreutz.fi\/blog\/wp-json\/wp\/v2\/posts"}],"about":[{"href":"https:\/\/andersadlercreutz.fi\/blog\/wp-json\/wp\/v2\/types\/post"}],"author":[{"embeddable":true,"href":"https:\/\/andersadlercreutz.fi\/blog\/wp-json\/wp\/v2\/users\/1"}],"replies":[{"embeddable":true,"href":"https:\/\/andersadlercreutz.fi\/blog\/wp-json\/wp\/v2\/comments?post=9499"}],"version-history":[{"count":2,"href":"https:\/\/andersadlercreutz.fi\/blog\/wp-json\/wp\/v2\/posts\/9499\/revisions"}],"predecessor-version":[{"id":9500,"href":"https:\/\/andersadlercreutz.fi\/blog\/wp-json\/wp\/v2\/posts\/9499\/revisions\/9500"}],"wp:featuredmedia":[{"embeddable":true,"href":"https:\/\/andersadlercreutz.fi\/blog\/wp-json\/wp\/v2\/media\/9321"}],"wp:attachment":[{"href":"https:\/\/andersadlercreutz.fi\/blog\/wp-json\/wp\/v2\/media?parent=9499"}],"wp:term":[{"taxonomy":"category","embeddable":true,"href":"https:\/\/andersadlercreutz.fi\/blog\/wp-json\/wp\/v2\/categories?post=9499"},{"taxonomy":"post_tag","embeddable":true,"href":"https:\/\/andersadlercreutz.fi\/blog\/wp-json\/wp\/v2\/tags?post=9499"}],"curies":[{"name":"wp","href":"https:\/\/api.w.org\/{rel}","templated":true}]}}