{"id":9522,"date":"2024-05-09T08:00:23","date_gmt":"2024-05-09T05:00:23","guid":{"rendered":"https:\/\/andersadlercreutz.fi\/blog\/?p=9522"},"modified":"2024-05-09T09:26:41","modified_gmt":"2024-05-09T06:26:41","slug":"tal-pa-europadagen-eurooppa-paivan-puhe","status":"publish","type":"post","link":"https:\/\/andersadlercreutz.fi\/blog\/okategoriserad\/tal-pa-europadagen-eurooppa-paivan-puhe\/","title":{"rendered":"Tal p\u00e5 Europadagen | Eurooppa-p\u00e4iv\u00e4n puhe"},"content":{"rendered":"<p><span style=\"font-weight: 400;\">Hyv\u00e4t yst\u00e4v\u00e4t, b\u00e4sta v\u00e4nner,<\/span><\/p>\n<p><span style=\"font-weight: 400;\">I \u00e5r firar vi Europadagen n\u00e5gra dagar i f\u00f6rskott eftersom det \u00e4r helg p\u00e5 torsdag, men det \u00e4r absolut inget problem \u2013 som Europaminister \u00e4r jag kanske lite j\u00e4vig, men jag tycker att vi kunde fira Europa-vecka, eller varf\u00f6r inte Europa-m\u00e5nad! F\u00f6r Europa \u00e4r n\u00e5got som det verkligen \u00e4r v\u00e4rt att fira.<\/span><\/p>\n<p><span style=\"font-weight: 400;\">Finland har varit medlem av den Europeiska unionen i snart 30 \u00e5r, och n\u00e4sta \u00e5r blir det jubileumsfirande. Det betyder samtidigt att EU-Finland \u00e4r det enda Finland man k\u00e4nner till. Medlemskapet har p\u00e5 m\u00e5nga s\u00e4tt blivit en del av v\u00e5r identitet. F\u00f6r m\u00e5nga \u00e4r det att Finland \u00e4r medlem av EU en sj\u00e4lvklarhet.<\/span><\/p>\n<p><span style=\"font-weight: 400;\">On hienoa, ett\u00e4 Suomi on asettunut osaksi suurempaa joukkoa maita, joita yhdist\u00e4\u00e4 maantieteellisen sijainnin lis\u00e4ksi yhteinen arvopohja ja halu turvata alueellamme rauha sek\u00e4 halu rakentaa vaurautta. Samalla suhtautuminen j\u00e4senyyteen itsest\u00e4\u00e4nselvyyten\u00e4 voi olla my\u00f6s hieman riskialtista: nykymaailmassa on t\u00e4rke\u00e4\u00e4 muistaa, ett\u00e4 hyv\u00e4\u00e4 kannattaa oikeasti puolustaa ja vaalia. Viime vuosien aikana olemme saaneet useita muistutuksia siit\u00e4, ett\u00e4 emme loppujen lopuksi voi pit\u00e4\u00e4 mit\u00e4\u00e4n itsest\u00e4\u00e4nselvyyten\u00e4. Kaikki voi my\u00f6s muuttua.<\/span><\/p>\n<p><span style=\"font-weight: 400;\">Ennen kuin Suomi liittyi Euroopan unioniin, j\u00e4rjestettiin kansan\u00e4\u00e4nestys, jossa kysyttiin yksinkertainen kysymys: Tulisiko Suomen liitty\u00e4 EU:hun vai ei?<\/span><\/p>\n<p><span style=\"font-weight: 400;\">K\u00e4ytiin kampanjoita puolesta ja vastaan, ja me suomalaiset saimme k\u00e4yd\u00e4 vaaliuurnilla kertomassa mielipiteemme. Vuosi oli 1994 ja olin itse silloin Erasmus-vaihto-opiskelijana Barcelonassa. Elin eurooppalaista unelmaa. Opiskelin arkkitehtuuria, opettelin espanjaa ja haaveilin rajattomasta maailmasta, t\u00e4ynn\u00e4 mahdollisuuksia. Aika lailla siis sellaisesta maailmasta, jonka EU-j\u00e4senyytemme my\u00f6t\u00e4 meille suomalaisille avautuikin. Minulle valinta oli tuolloin yht\u00e4 selv\u00e4 kuin se on t\u00e4n\u00e4\u00e4n: Suomen paikka ja Suomen etu on EU:ssa.\u00a0<\/span><\/p>\n<p><span style=\"font-weight: 400;\">Ennen kuin olimme EU:n j\u00e4seni\u00e4, Eurooppa oli t\u00e4ynn\u00e4 rajoja. Ei ollut euroa, vaan kaikilla mailla oli oma valuuttansa, jonka vaihtokurssi vaihteli p\u00e4ivitt\u00e4in. Matkustaminen ja liikkuminen oli t\u00e4ysin erilaista kuin nyky\u00e4\u00e4n. Passintarkastukseen piti jonottaa siell\u00e4 ja t\u00e4\u00e4ll\u00e4, tuotteen tilaaminen toisesta maasta oli hankalaa, ja toiseen maahan muuttaminen ty\u00f6n tai opiskelun vuoksi oli monimutkaista. Maailma oli yksinkertaisesi mutkikkaampi paikka.<\/span><\/p>\n<p><span style=\"font-weight: 400;\">Ei my\u00f6sk\u00e4\u00e4n ole kovin montaa vuotta siit\u00e4, kun piti varmistaa, ett\u00e4 matkapuhelimen verkkovierailutoiminto oli kytketty pois p\u00e4\u00e4lt\u00e4, kun matkusti toiseen Euroopan maahan. Se, ett\u00e4 liittym\u00e4mme nyky\u00e4\u00e4n toimivat automaattisesti ja ilman lis\u00e4kustannuksia ymp\u00e4ri EU:ta tuntuu itsest\u00e4\u00e4nselvyydelt\u00e4, mutta n\u00e4in ei ole aina ollut.<\/span><\/p>\n<p><span style=\"font-weight: 400;\">Totumme nopeasti siihen, ett\u00e4 asiat toimivat ongelmitta riippumatta siit\u00e4, miss\u00e4 olemme. Joskus on hyv\u00e4 mietti\u00e4, miksi n\u00e4in on. N\u00e4in Eurooppa-p\u00e4iv\u00e4n alla meill\u00e4 on mielest\u00e4ni erityisen hyv\u00e4 syy pys\u00e4hty\u00e4 hetkeksi iloitsemaan siit\u00e4, mit\u00e4 kaikkea EU on meille antanut.<\/span><\/p>\n<p><span style=\"font-weight: 400;\">Euroopan unioni perustettiin aikoinaan siksi, ett\u00e4 Euroopassa haluttiin s\u00e4ilytt\u00e4\u00e4 rauha. EU on siis rauhanprojekti. Vaikka me unionin j\u00e4senmaat olemme onnistuneet rauhan vaalimisessa, aivan EU:n rajan toisella puolella on sota. Sen ainoa syyp\u00e4\u00e4 on Ven\u00e4j\u00e4. Sota ja v\u00e4kivalta on saatava loppumaan \u2013 ja se onnistuu parhaiten yhteisin ponnistuksin. Siksi EU:lla on t\u00e4rke\u00e4 rooli my\u00f6s naapurimaissamme. EU:n rajojen ulkopuolelle j\u00e4\u00e4v\u00e4t maat el\u00e4v\u00e4t Ven\u00e4j\u00e4n jatkuvan paineen alla. On hybridivaikuttamista, miehityst\u00e4, ja jopa avointa sotaa. Siksi ty\u00f6skentelemme EU:n laajentumisen edist\u00e4miseksi. Siksi meid\u00e4n on autettava Ukrainaa niin kauan, kunnes ukrainalaiset voittavat sodan Ven\u00e4j\u00e4\u00e4 vastaan. Ja siksi meid\u00e4n on ty\u00f6skennelt\u00e4v\u00e4 sen eteen, ett\u00e4 niin Ukraina kuin muut EU:n ehdokasmaat voivat edet\u00e4 j\u00e4senyyspolullaan ja tehd\u00e4 tarvittavat uudistukset sek\u00e4 t\u00e4ytt\u00e4\u00e4 vaadittavat kriteerit, jotta EU-j\u00e4senyys voisi aikanaan toteutua.<\/span><\/p>\n<p><span style=\"font-weight: 400;\">EU muodostaa my\u00f6s maailman suurimmat sis\u00e4markkinat. T\u00e4m\u00e4 tarkoittaa, ett\u00e4 me voimme p\u00e4\u00e4t\u00f6ksill\u00e4mme ja toimillamme oikeasti vaikuttaa ymp\u00e4r\u00f6iv\u00e4\u00e4n maailmaan. Kun me EU:ssa esimerkiksi asetamme tiettyj\u00e4 standardeja, muun maailman on sopeuduttava ja muututtava. Siksikin toimivista sis\u00e4markkinoista on pidett\u00e4v\u00e4 huolta. Ne ovat EU:n vaikuttavuudesta perusta. Ja yht\u00e4 lailla meid\u00e4n on jatkettava yhteisten arvojemme, kuten oikeusvaltioperiaatteen ja ihmisoikeuksien edist\u00e4mist\u00e4 niin EU:ssa kuin globaalisti. Yleisestikin EU:n toimintakyvyst\u00e4 on huolehdittava, jotta EU my\u00f6s tulevaisuudessa toimisi mahdollisimman hyvin.<\/span><\/p>\n<p><span style=\"font-weight: 400;\">Joten kysymys siis kuuluu, fr\u00e5gan lyder: vad kan du och jag konkret g\u00f6ra f\u00f6r att EU ska bli \u00e4nnu b\u00e4ttre?<\/span><\/p>\n<p><span style=\"font-weight: 400;\">I \u00e5r \u00e4r svaret mycket enkelt: r\u00f6sta i EU-parlamentsvalet! Och givetvis s\u00e5, att du ger din r\u00f6st till en kandidat vars m\u00e5ls\u00e4ttning \u00e4r att utveckla EU i en b\u00e4ttre riktning.<\/span><\/p>\n<p><span style=\"font-weight: 400;\">Vi finl\u00e4ndare har ett gott rykte i EU: vi anses vara pragmatiska och l\u00f6sningsinriktade. D\u00e4rf\u00f6r har vi ocks\u00e5 ett st\u00f6rre inflytande i EU \u00e4n vad v\u00e5r storlek eller antal EU-parlamentariker direkt skulle medf\u00f6ra. M\u00e5nga finl\u00e4ndska EU-parlamentariker har med sitt arbete visat att de p\u00e5 riktigt har en m\u00f6jlighet att p\u00e5verka saker i s\u00e5dan riktning att slutresultatet \u00e4r b\u00e4ttre f\u00f6r Finland \u2013 och hela EU. Genom att r\u00f6sta kan du och jag p\u00e5verka det att s\u00e5dana krafter ocks\u00e5 finns representeraade i n\u00e4sta parlament.<\/span><\/p>\n<p><span style=\"font-weight: 400;\">Och \u00e4nnu till slut, viel\u00e4 lopuksi: Toisin kuin monet vaalikoneet vihjailevat, niin EU:n etu useimmiten on my\u00f6s Suomen etu. N\u00e4m\u00e4 eiv\u00e4t ole ristiriitaisia asioita. Kun EU kehittyy ja vahvistuu, Suomenkin asema paranee. Ja vastaavasti, kun Suomen j\u00e4lki ja painoarvo EU:ssa kasvaa, EU kehittyy parempaan suuntaan.<\/span><\/p>\n<p><span style=\"font-weight: 400;\">Lopetan t\u00e4m\u00e4n puheenvuoron siis siihen, mist\u00e4 aloitinkin \u2013 iloitkaamme kaikesta hyv\u00e4st\u00e4, mit\u00e4 EU on meille tuonut. Juhlistakaamme yhteist\u00e4 unionimme.<\/span><\/p>\n<p><span style=\"font-weight: 400;\">L\u00e5t oss gl\u00e4djas f\u00f6r att det goda EU har gett oss och tillsammans fira v\u00e5r union.<\/span><\/p>\n<p><span style=\"font-weight: 400;\">Glad Europadag &#8211; och kom ih\u00e5g att r\u00f6sta i EU-valet!<\/span><\/p>\n<p><span style=\"font-weight: 400;\">Hyv\u00e4\u00e4 Eurooppap\u00e4iv\u00e4\u00e4 teille kaikille, ja muistakaa \u00e4\u00e4nest\u00e4\u00e4 EU-vaalissa!<\/span><\/p>\n<p>&nbsp;<\/p>\n<p><em>Bild: Lauri Heikkinen, Statsr\u00e5dets kansli<\/em><\/p>\n","protected":false},"excerpt":{"rendered":"<p>Hyv\u00e4t yst\u00e4v\u00e4t, b\u00e4sta v\u00e4nner, I \u00e5r firar vi Europadagen n\u00e5gra dagar i f\u00f6rskott eftersom det \u00e4r helg p\u00e5 torsdag, men det \u00e4r absolut inget problem \u2013 som Europaminister \u00e4r jag kanske lite j\u00e4vig, men jag tycker att vi kunde fira Europa-vecka, eller varf\u00f6r inte Europa-m\u00e5nad! F\u00f6r Europa \u00e4r n\u00e5got som det verkligen \u00e4r v\u00e4rt att [&hellip;]<\/p>\n","protected":false},"author":1,"featured_media":9523,"comment_status":"open","ping_status":"open","sticky":false,"template":"","format":"standard","meta":{"jetpack_post_was_ever_published":false,"_jetpack_newsletter_access":"","jetpack_publicize_message":"","jetpack_is_tweetstorm":false,"jetpack_publicize_feature_enabled":true,"jetpack_social_post_already_shared":true,"jetpack_social_options":{"image_generator_settings":{"template":"highway","enabled":false}}},"categories":[46,45,126,26,119],"tags":[],"jetpack_publicize_connections":[],"yoast_head":"<!-- This site is optimized with the Yoast SEO plugin v20.12 - https:\/\/yoast.com\/wordpress\/plugins\/seo\/ -->\n<title>Tal p\u00e5 Europadagen | Eurooppa-p\u00e4iv\u00e4n puhe - Anders Adlercreutz<\/title>\n<meta name=\"robots\" content=\"index, follow, max-snippet:-1, max-image-preview:large, max-video-preview:-1\" \/>\n<link rel=\"canonical\" href=\"https:\/\/andersadlercreutz.fi\/blog\/okategoriserad\/tal-pa-europadagen-eurooppa-paivan-puhe\/\" \/>\n<meta property=\"og:locale\" content=\"sv_SE\" \/>\n<meta property=\"og:type\" content=\"article\" \/>\n<meta property=\"og:title\" content=\"Tal p\u00e5 Europadagen | Eurooppa-p\u00e4iv\u00e4n puhe - Anders Adlercreutz\" \/>\n<meta property=\"og:description\" content=\"Hyv\u00e4t yst\u00e4v\u00e4t, b\u00e4sta v\u00e4nner, I \u00e5r firar vi Europadagen n\u00e5gra dagar i f\u00f6rskott eftersom det \u00e4r helg p\u00e5 torsdag, men det \u00e4r absolut inget problem \u2013 som Europaminister \u00e4r jag kanske lite j\u00e4vig, men jag tycker att vi kunde fira Europa-vecka, eller varf\u00f6r inte Europa-m\u00e5nad! F\u00f6r Europa \u00e4r n\u00e5got som det verkligen \u00e4r v\u00e4rt att [&hellip;]\" \/>\n<meta property=\"og:url\" content=\"https:\/\/andersadlercreutz.fi\/blog\/okategoriserad\/tal-pa-europadagen-eurooppa-paivan-puhe\/\" \/>\n<meta property=\"og:site_name\" content=\"Anders Adlercreutz\" \/>\n<meta property=\"article:published_time\" content=\"2024-05-09T05:00:23+00:00\" \/>\n<meta property=\"article:modified_time\" content=\"2024-05-09T06:26:41+00:00\" \/>\n<meta property=\"og:image\" content=\"https:\/\/andersadlercreutz.fi\/blog\/wp-content\/uploads\/2024\/05\/53704908465_396c0b071e_o-MUOKATTU-scaled.jpg\" \/>\n\t<meta property=\"og:image:width\" content=\"2560\" \/>\n\t<meta property=\"og:image:height\" content=\"970\" \/>\n\t<meta property=\"og:image:type\" content=\"image\/jpeg\" \/>\n<meta name=\"author\" content=\"Anders\" \/>\n<meta name=\"twitter:card\" content=\"summary_large_image\" \/>\n<meta name=\"twitter:label1\" content=\"Skriven av\" \/>\n\t<meta name=\"twitter:data1\" content=\"Anders\" \/>\n\t<meta name=\"twitter:label2\" content=\"Ber\u00e4knad l\u00e4stid\" \/>\n\t<meta name=\"twitter:data2\" content=\"5 minuter\" \/>\n<script type=\"application\/ld+json\" class=\"yoast-schema-graph\">{\"@context\":\"https:\/\/schema.org\",\"@graph\":[{\"@type\":\"WebPage\",\"@id\":\"https:\/\/andersadlercreutz.fi\/blog\/okategoriserad\/tal-pa-europadagen-eurooppa-paivan-puhe\/\",\"url\":\"https:\/\/andersadlercreutz.fi\/blog\/okategoriserad\/tal-pa-europadagen-eurooppa-paivan-puhe\/\",\"name\":\"Tal p\u00e5 Europadagen | Eurooppa-p\u00e4iv\u00e4n puhe - Anders Adlercreutz\",\"isPartOf\":{\"@id\":\"https:\/\/andersadlercreutz.fi\/blog\/#website\"},\"datePublished\":\"2024-05-09T05:00:23+00:00\",\"dateModified\":\"2024-05-09T06:26:41+00:00\",\"author\":{\"@id\":\"https:\/\/andersadlercreutz.fi\/blog\/#\/schema\/person\/47d4b72eded862b484f74bb4b3a2354f\"},\"breadcrumb\":{\"@id\":\"https:\/\/andersadlercreutz.fi\/blog\/okategoriserad\/tal-pa-europadagen-eurooppa-paivan-puhe\/#breadcrumb\"},\"inLanguage\":\"sv-SE\",\"potentialAction\":[{\"@type\":\"ReadAction\",\"target\":[\"https:\/\/andersadlercreutz.fi\/blog\/okategoriserad\/tal-pa-europadagen-eurooppa-paivan-puhe\/\"]}]},{\"@type\":\"BreadcrumbList\",\"@id\":\"https:\/\/andersadlercreutz.fi\/blog\/okategoriserad\/tal-pa-europadagen-eurooppa-paivan-puhe\/#breadcrumb\",\"itemListElement\":[{\"@type\":\"ListItem\",\"position\":1,\"name\":\"Home\",\"item\":\"https:\/\/andersadlercreutz.fi\/blog\/blogg\/?lang=sv\"},{\"@type\":\"ListItem\",\"position\":2,\"name\":\"Tal p\u00e5 Europadagen | Eurooppa-p\u00e4iv\u00e4n puhe\"}]},{\"@type\":\"WebSite\",\"@id\":\"https:\/\/andersadlercreutz.fi\/blog\/#website\",\"url\":\"https:\/\/andersadlercreutz.fi\/blog\/\",\"name\":\"Anders Adlercreutz\",\"description\":\"Du. Jag. Vi. Kest&auml;v&auml;sti optimisti\",\"potentialAction\":[{\"@type\":\"SearchAction\",\"target\":{\"@type\":\"EntryPoint\",\"urlTemplate\":\"https:\/\/andersadlercreutz.fi\/blog\/?s={search_term_string}\"},\"query-input\":\"required name=search_term_string\"}],\"inLanguage\":\"sv-SE\"},{\"@type\":\"Person\",\"@id\":\"https:\/\/andersadlercreutz.fi\/blog\/#\/schema\/person\/47d4b72eded862b484f74bb4b3a2354f\",\"name\":\"Anders\",\"image\":{\"@type\":\"ImageObject\",\"inLanguage\":\"sv-SE\",\"@id\":\"https:\/\/andersadlercreutz.fi\/blog\/#\/schema\/person\/image\/\",\"url\":\"https:\/\/secure.gravatar.com\/avatar\/a144c9bda7a581ff6fabba169027e620?s=96&d=mm&r=g\",\"contentUrl\":\"https:\/\/secure.gravatar.com\/avatar\/a144c9bda7a581ff6fabba169027e620?s=96&d=mm&r=g\",\"caption\":\"Anders\"},\"url\":\"https:\/\/andersadlercreutz.fi\/blog\/author\/admin\/\"}]}<\/script>\n<!-- \/ Yoast SEO plugin. -->","yoast_head_json":{"title":"Tal p\u00e5 Europadagen | Eurooppa-p\u00e4iv\u00e4n puhe - Anders Adlercreutz","robots":{"index":"index","follow":"follow","max-snippet":"max-snippet:-1","max-image-preview":"max-image-preview:large","max-video-preview":"max-video-preview:-1"},"canonical":"https:\/\/andersadlercreutz.fi\/blog\/okategoriserad\/tal-pa-europadagen-eurooppa-paivan-puhe\/","og_locale":"sv_SE","og_type":"article","og_title":"Tal p\u00e5 Europadagen | Eurooppa-p\u00e4iv\u00e4n puhe - Anders Adlercreutz","og_description":"Hyv\u00e4t yst\u00e4v\u00e4t, b\u00e4sta v\u00e4nner, I \u00e5r firar vi Europadagen n\u00e5gra dagar i f\u00f6rskott eftersom det \u00e4r helg p\u00e5 torsdag, men det \u00e4r absolut inget problem \u2013 som Europaminister \u00e4r jag kanske lite j\u00e4vig, men jag tycker att vi kunde fira Europa-vecka, eller varf\u00f6r inte Europa-m\u00e5nad! F\u00f6r Europa \u00e4r n\u00e5got som det verkligen \u00e4r v\u00e4rt att [&hellip;]","og_url":"https:\/\/andersadlercreutz.fi\/blog\/okategoriserad\/tal-pa-europadagen-eurooppa-paivan-puhe\/","og_site_name":"Anders Adlercreutz","article_published_time":"2024-05-09T05:00:23+00:00","article_modified_time":"2024-05-09T06:26:41+00:00","og_image":[{"width":2560,"height":970,"url":"https:\/\/andersadlercreutz.fi\/blog\/wp-content\/uploads\/2024\/05\/53704908465_396c0b071e_o-MUOKATTU-scaled.jpg","type":"image\/jpeg"}],"author":"Anders","twitter_card":"summary_large_image","twitter_misc":{"Skriven av":"Anders","Ber\u00e4knad l\u00e4stid":"5 minuter"},"schema":{"@context":"https:\/\/schema.org","@graph":[{"@type":"WebPage","@id":"https:\/\/andersadlercreutz.fi\/blog\/okategoriserad\/tal-pa-europadagen-eurooppa-paivan-puhe\/","url":"https:\/\/andersadlercreutz.fi\/blog\/okategoriserad\/tal-pa-europadagen-eurooppa-paivan-puhe\/","name":"Tal p\u00e5 Europadagen | Eurooppa-p\u00e4iv\u00e4n puhe - Anders Adlercreutz","isPartOf":{"@id":"https:\/\/andersadlercreutz.fi\/blog\/#website"},"datePublished":"2024-05-09T05:00:23+00:00","dateModified":"2024-05-09T06:26:41+00:00","author":{"@id":"https:\/\/andersadlercreutz.fi\/blog\/#\/schema\/person\/47d4b72eded862b484f74bb4b3a2354f"},"breadcrumb":{"@id":"https:\/\/andersadlercreutz.fi\/blog\/okategoriserad\/tal-pa-europadagen-eurooppa-paivan-puhe\/#breadcrumb"},"inLanguage":"sv-SE","potentialAction":[{"@type":"ReadAction","target":["https:\/\/andersadlercreutz.fi\/blog\/okategoriserad\/tal-pa-europadagen-eurooppa-paivan-puhe\/"]}]},{"@type":"BreadcrumbList","@id":"https:\/\/andersadlercreutz.fi\/blog\/okategoriserad\/tal-pa-europadagen-eurooppa-paivan-puhe\/#breadcrumb","itemListElement":[{"@type":"ListItem","position":1,"name":"Home","item":"https:\/\/andersadlercreutz.fi\/blog\/blogg\/?lang=sv"},{"@type":"ListItem","position":2,"name":"Tal p\u00e5 Europadagen | Eurooppa-p\u00e4iv\u00e4n puhe"}]},{"@type":"WebSite","@id":"https:\/\/andersadlercreutz.fi\/blog\/#website","url":"https:\/\/andersadlercreutz.fi\/blog\/","name":"Anders Adlercreutz","description":"Du. Jag. Vi. Kest&auml;v&auml;sti optimisti","potentialAction":[{"@type":"SearchAction","target":{"@type":"EntryPoint","urlTemplate":"https:\/\/andersadlercreutz.fi\/blog\/?s={search_term_string}"},"query-input":"required name=search_term_string"}],"inLanguage":"sv-SE"},{"@type":"Person","@id":"https:\/\/andersadlercreutz.fi\/blog\/#\/schema\/person\/47d4b72eded862b484f74bb4b3a2354f","name":"Anders","image":{"@type":"ImageObject","inLanguage":"sv-SE","@id":"https:\/\/andersadlercreutz.fi\/blog\/#\/schema\/person\/image\/","url":"https:\/\/secure.gravatar.com\/avatar\/a144c9bda7a581ff6fabba169027e620?s=96&d=mm&r=g","contentUrl":"https:\/\/secure.gravatar.com\/avatar\/a144c9bda7a581ff6fabba169027e620?s=96&d=mm&r=g","caption":"Anders"},"url":"https:\/\/andersadlercreutz.fi\/blog\/author\/admin\/"}]}},"jetpack_featured_media_url":"https:\/\/i0.wp.com\/andersadlercreutz.fi\/blog\/wp-content\/uploads\/2024\/05\/53704908465_396c0b071e_o-MUOKATTU-scaled.jpg?fit=2560%2C970&ssl=1","jetpack_shortlink":"https:\/\/wp.me\/p4T6Dh-2tA","jetpack_sharing_enabled":true,"_links":{"self":[{"href":"https:\/\/andersadlercreutz.fi\/blog\/wp-json\/wp\/v2\/posts\/9522"}],"collection":[{"href":"https:\/\/andersadlercreutz.fi\/blog\/wp-json\/wp\/v2\/posts"}],"about":[{"href":"https:\/\/andersadlercreutz.fi\/blog\/wp-json\/wp\/v2\/types\/post"}],"author":[{"embeddable":true,"href":"https:\/\/andersadlercreutz.fi\/blog\/wp-json\/wp\/v2\/users\/1"}],"replies":[{"embeddable":true,"href":"https:\/\/andersadlercreutz.fi\/blog\/wp-json\/wp\/v2\/comments?post=9522"}],"version-history":[{"count":2,"href":"https:\/\/andersadlercreutz.fi\/blog\/wp-json\/wp\/v2\/posts\/9522\/revisions"}],"predecessor-version":[{"id":9539,"href":"https:\/\/andersadlercreutz.fi\/blog\/wp-json\/wp\/v2\/posts\/9522\/revisions\/9539"}],"wp:featuredmedia":[{"embeddable":true,"href":"https:\/\/andersadlercreutz.fi\/blog\/wp-json\/wp\/v2\/media\/9523"}],"wp:attachment":[{"href":"https:\/\/andersadlercreutz.fi\/blog\/wp-json\/wp\/v2\/media?parent=9522"}],"wp:term":[{"taxonomy":"category","embeddable":true,"href":"https:\/\/andersadlercreutz.fi\/blog\/wp-json\/wp\/v2\/categories?post=9522"},{"taxonomy":"post_tag","embeddable":true,"href":"https:\/\/andersadlercreutz.fi\/blog\/wp-json\/wp\/v2\/tags?post=9522"}],"curies":[{"name":"wp","href":"https:\/\/api.w.org\/{rel}","templated":true}]}}