{"id":9540,"date":"2024-05-09T22:09:08","date_gmt":"2024-05-09T19:09:08","guid":{"rendered":"https:\/\/andersadlercreutz.fi\/blog\/?p=9540"},"modified":"2024-05-09T22:09:08","modified_gmt":"2024-05-09T19:09:08","slug":"adlercreutz-vi-far-inte-ta-eu-for-givet-vi-ska-fortsatta-arbeta-for-en-annu-battre-union","status":"publish","type":"post","link":"https:\/\/andersadlercreutz.fi\/blog\/pressmeddelande\/adlercreutz-vi-far-inte-ta-eu-for-givet-vi-ska-fortsatta-arbeta-for-en-annu-battre-union\/","title":{"rendered":"Adlercreutz: Vi f\u00e5r inte ta EU f\u00f6r givet \u2013 vi ska forts\u00e4tta arbeta f\u00f6r en \u00e4nnu b\u00e4ttre union"},"content":{"rendered":"<p><span style=\"font-weight: 400;\">Idag firas Europadagen. Europa- och \u00e4garstyrningsminister Anders Adlercreutz \u00f6nskar en glad Europadag och p\u00e5minner samtidigt om vilken roll EU spelat f\u00f6r Finland.\u00a0<\/span><\/p>\n<p><span style=\"font-weight: 400;\">I \u00e5r har det g\u00e5tt 30 \u00e5r sedan Finlands folkomr\u00f6stning om EU-medlemskapet, d\u00e5 57 procent av finl\u00e4ndarna sade ja till Europa. Om ett \u00e5r firar vi 30 \u00e5r av medlemskap.\u00a0<\/span><\/p>\n<p><span style=\"font-weight: 400;\">\u2013 Finlands medlemskap i EU \u00e4r en av de viktigaste milstolparna i v\u00e5r historia, en del av v\u00e5r identitet och n\u00e5gonting vi idag tar f\u00f6r givet. EU har f\u00f6rt med sig mycket gott f\u00f6r Finland. I dagens v\u00e4rld \u00e4r det viktigt att minnas att det som \u00e4r bra ocks\u00e5 beh\u00f6ver f\u00f6rsvaras, s\u00e4ger Adlercreutz.<\/span><\/p>\n<p><span style=\"font-weight: 400;\">\u2013 V\u00e4rlden var annorlunda innan vi var medlemmar i EU. Det fanns gr\u00e4nskontroller \u00f6verallt och v\u00e4xelkurser som varierade fr\u00e5n dag till dag. Att resa och r\u00f6ra sig var komplicerat. EU har i och med den fria r\u00f6rligheten p\u00e5 m\u00e5nga s\u00e4tt \u00f6ppnat v\u00e4rlden f\u00f6r oss, s\u00e4ger Adlercreutz.\u00a0<\/span><\/p>\n<p><span style=\"font-weight: 400;\">Det \u00e4r inte heller m\u00e5nga \u00e5r sen man beh\u00f6vde se till att mobiltelefonens roamingfunktion var avst\u00e4ngd n\u00e4r man r\u00f6rde sig i Europa. Det att v\u00e5ra abonnemang fungerar automatiskt och utan extra kostnad k\u00e4nns sj\u00e4lvklart idag.<\/span><\/p>\n<p><span style=\"font-weight: 400;\">\u2013 Vi v\u00e4njer oss v\u00e4ldigt snabbt vid saker som fungerar bra, men vi ska komma ih\u00e5g att ingenting \u00e4r sj\u00e4lvklart. Vi f\u00e5r inte ta EU f\u00f6r givet \u2013 vi ska forts\u00e4tta arbeta f\u00f6r en \u00e4nnu b\u00e4ttre fungerande union, s\u00e4ger Adlercreutz.<\/span><\/p>\n<p><span style=\"font-weight: 400;\">Om en m\u00e5nad \u00e4r det EU-val och innan det borde alla enligt Adlercreutz st\u00e4lla sig sj\u00e4lv fr\u00e5gan: Vad kan jag g\u00f6ra f\u00f6r att EU ska bli \u00e4nnu b\u00e4ttre? Adlercreutz anser att svaret \u00e4r l\u00e4tt.<\/span><\/p>\n<p><span style=\"font-weight: 400;\">\u2013 R\u00f6sta i EU-valet! Och ge din r\u00f6st till en kandidat som vill utveckla EU till det b\u00e4ttre. P\u00e5 Svenska folkpartiets lista finns 20 s\u00e5dana kandidater.<\/span><\/p>\n<p><span style=\"font-weight: 400;\">\u2013 Vi finl\u00e4ndare uppfattas vara pragmatiska och l\u00f6sningsorienterade. Vi har ett gott rykte i EU och kan d\u00e4rf\u00f6r f\u00e5 st\u00f6rre inflytande \u00e4n v\u00e5r numer\u00e4ra styrka skulle ge vid handen. Det g\u00e4ller b\u00e5de Finland och Svenska folkpartiet. Genom att r\u00f6sta kan du och jag se till att konstruktiva krafter ocks\u00e5 \u00e4r representerade i n\u00e4sta parlament, s\u00e4ger Europaminister Anders Adlercreutz.<\/span><\/p>\n","protected":false},"excerpt":{"rendered":"<p>Idag firas Europadagen. Europa- och \u00e4garstyrningsminister Anders Adlercreutz \u00f6nskar en glad Europadag och p\u00e5minner samtidigt om vilken roll EU spelat f\u00f6r Finland.\u00a0 I \u00e5r har det g\u00e5tt 30 \u00e5r sedan Finlands folkomr\u00f6stning om EU-medlemskapet, d\u00e5 57 procent av finl\u00e4ndarna sade ja till Europa. Om ett \u00e5r firar vi 30 \u00e5r av medlemskap.\u00a0 \u2013 Finlands medlemskap [&hellip;]<\/p>\n","protected":false},"author":1,"featured_media":9523,"comment_status":"open","ping_status":"open","sticky":false,"template":"","format":"standard","meta":{"jetpack_post_was_ever_published":false,"_jetpack_newsletter_access":"","jetpack_publicize_message":"","jetpack_is_tweetstorm":false,"jetpack_publicize_feature_enabled":true,"jetpack_social_post_already_shared":true,"jetpack_social_options":{"image_generator_settings":{"template":"highway","enabled":false}}},"categories":[72],"tags":[],"jetpack_publicize_connections":[],"yoast_head":"<!-- This site is optimized with the Yoast SEO plugin v20.12 - https:\/\/yoast.com\/wordpress\/plugins\/seo\/ -->\n<title>Adlercreutz: Vi f\u00e5r inte ta EU f\u00f6r givet \u2013 vi ska forts\u00e4tta arbeta f\u00f6r en \u00e4nnu b\u00e4ttre union - Anders Adlercreutz<\/title>\n<meta name=\"robots\" content=\"index, follow, max-snippet:-1, max-image-preview:large, max-video-preview:-1\" \/>\n<link rel=\"canonical\" href=\"https:\/\/andersadlercreutz.fi\/blog\/pressmeddelande\/adlercreutz-vi-far-inte-ta-eu-for-givet-vi-ska-fortsatta-arbeta-for-en-annu-battre-union\/\" \/>\n<meta property=\"og:locale\" content=\"sv_SE\" \/>\n<meta property=\"og:type\" content=\"article\" \/>\n<meta property=\"og:title\" content=\"Adlercreutz: Vi f\u00e5r inte ta EU f\u00f6r givet \u2013 vi ska forts\u00e4tta arbeta f\u00f6r en \u00e4nnu b\u00e4ttre union - Anders Adlercreutz\" \/>\n<meta property=\"og:description\" content=\"Idag firas Europadagen. Europa- och \u00e4garstyrningsminister Anders Adlercreutz \u00f6nskar en glad Europadag och p\u00e5minner samtidigt om vilken roll EU spelat f\u00f6r Finland.\u00a0 I \u00e5r har det g\u00e5tt 30 \u00e5r sedan Finlands folkomr\u00f6stning om EU-medlemskapet, d\u00e5 57 procent av finl\u00e4ndarna sade ja till Europa. Om ett \u00e5r firar vi 30 \u00e5r av medlemskap.\u00a0 \u2013 Finlands medlemskap [&hellip;]\" \/>\n<meta property=\"og:url\" content=\"https:\/\/andersadlercreutz.fi\/blog\/pressmeddelande\/adlercreutz-vi-far-inte-ta-eu-for-givet-vi-ska-fortsatta-arbeta-for-en-annu-battre-union\/\" \/>\n<meta property=\"og:site_name\" content=\"Anders Adlercreutz\" \/>\n<meta property=\"article:published_time\" content=\"2024-05-09T19:09:08+00:00\" \/>\n<meta property=\"og:image\" content=\"https:\/\/andersadlercreutz.fi\/blog\/wp-content\/uploads\/2024\/05\/53704908465_396c0b071e_o-MUOKATTU-scaled.jpg\" \/>\n\t<meta property=\"og:image:width\" content=\"2560\" \/>\n\t<meta property=\"og:image:height\" content=\"970\" \/>\n\t<meta property=\"og:image:type\" content=\"image\/jpeg\" \/>\n<meta name=\"author\" content=\"Anders\" \/>\n<meta name=\"twitter:card\" content=\"summary_large_image\" \/>\n<meta name=\"twitter:label1\" content=\"Skriven av\" \/>\n\t<meta name=\"twitter:data1\" content=\"Anders\" \/>\n\t<meta name=\"twitter:label2\" content=\"Ber\u00e4knad l\u00e4stid\" \/>\n\t<meta name=\"twitter:data2\" content=\"2 minuter\" \/>\n<script type=\"application\/ld+json\" class=\"yoast-schema-graph\">{\"@context\":\"https:\/\/schema.org\",\"@graph\":[{\"@type\":\"WebPage\",\"@id\":\"https:\/\/andersadlercreutz.fi\/blog\/pressmeddelande\/adlercreutz-vi-far-inte-ta-eu-for-givet-vi-ska-fortsatta-arbeta-for-en-annu-battre-union\/\",\"url\":\"https:\/\/andersadlercreutz.fi\/blog\/pressmeddelande\/adlercreutz-vi-far-inte-ta-eu-for-givet-vi-ska-fortsatta-arbeta-for-en-annu-battre-union\/\",\"name\":\"Adlercreutz: Vi f\u00e5r inte ta EU f\u00f6r givet \u2013 vi ska forts\u00e4tta arbeta f\u00f6r en \u00e4nnu b\u00e4ttre union - Anders Adlercreutz\",\"isPartOf\":{\"@id\":\"https:\/\/andersadlercreutz.fi\/blog\/#website\"},\"datePublished\":\"2024-05-09T19:09:08+00:00\",\"dateModified\":\"2024-05-09T19:09:08+00:00\",\"author\":{\"@id\":\"https:\/\/andersadlercreutz.fi\/blog\/#\/schema\/person\/47d4b72eded862b484f74bb4b3a2354f\"},\"breadcrumb\":{\"@id\":\"https:\/\/andersadlercreutz.fi\/blog\/pressmeddelande\/adlercreutz-vi-far-inte-ta-eu-for-givet-vi-ska-fortsatta-arbeta-for-en-annu-battre-union\/#breadcrumb\"},\"inLanguage\":\"sv-SE\",\"potentialAction\":[{\"@type\":\"ReadAction\",\"target\":[\"https:\/\/andersadlercreutz.fi\/blog\/pressmeddelande\/adlercreutz-vi-far-inte-ta-eu-for-givet-vi-ska-fortsatta-arbeta-for-en-annu-battre-union\/\"]}]},{\"@type\":\"BreadcrumbList\",\"@id\":\"https:\/\/andersadlercreutz.fi\/blog\/pressmeddelande\/adlercreutz-vi-far-inte-ta-eu-for-givet-vi-ska-fortsatta-arbeta-for-en-annu-battre-union\/#breadcrumb\",\"itemListElement\":[{\"@type\":\"ListItem\",\"position\":1,\"name\":\"Home\",\"item\":\"https:\/\/andersadlercreutz.fi\/blog\/blogg\/?lang=sv\"},{\"@type\":\"ListItem\",\"position\":2,\"name\":\"Adlercreutz: Vi f\u00e5r inte ta EU f\u00f6r givet \u2013 vi ska forts\u00e4tta arbeta f\u00f6r en \u00e4nnu b\u00e4ttre union\"}]},{\"@type\":\"WebSite\",\"@id\":\"https:\/\/andersadlercreutz.fi\/blog\/#website\",\"url\":\"https:\/\/andersadlercreutz.fi\/blog\/\",\"name\":\"Anders Adlercreutz\",\"description\":\"Du. Jag. Vi. Kest&auml;v&auml;sti optimisti\",\"potentialAction\":[{\"@type\":\"SearchAction\",\"target\":{\"@type\":\"EntryPoint\",\"urlTemplate\":\"https:\/\/andersadlercreutz.fi\/blog\/?s={search_term_string}\"},\"query-input\":\"required name=search_term_string\"}],\"inLanguage\":\"sv-SE\"},{\"@type\":\"Person\",\"@id\":\"https:\/\/andersadlercreutz.fi\/blog\/#\/schema\/person\/47d4b72eded862b484f74bb4b3a2354f\",\"name\":\"Anders\",\"image\":{\"@type\":\"ImageObject\",\"inLanguage\":\"sv-SE\",\"@id\":\"https:\/\/andersadlercreutz.fi\/blog\/#\/schema\/person\/image\/\",\"url\":\"https:\/\/secure.gravatar.com\/avatar\/a144c9bda7a581ff6fabba169027e620?s=96&d=mm&r=g\",\"contentUrl\":\"https:\/\/secure.gravatar.com\/avatar\/a144c9bda7a581ff6fabba169027e620?s=96&d=mm&r=g\",\"caption\":\"Anders\"},\"url\":\"https:\/\/andersadlercreutz.fi\/blog\/author\/admin\/\"}]}<\/script>\n<!-- \/ Yoast SEO plugin. -->","yoast_head_json":{"title":"Adlercreutz: Vi f\u00e5r inte ta EU f\u00f6r givet \u2013 vi ska forts\u00e4tta arbeta f\u00f6r en \u00e4nnu b\u00e4ttre union - Anders Adlercreutz","robots":{"index":"index","follow":"follow","max-snippet":"max-snippet:-1","max-image-preview":"max-image-preview:large","max-video-preview":"max-video-preview:-1"},"canonical":"https:\/\/andersadlercreutz.fi\/blog\/pressmeddelande\/adlercreutz-vi-far-inte-ta-eu-for-givet-vi-ska-fortsatta-arbeta-for-en-annu-battre-union\/","og_locale":"sv_SE","og_type":"article","og_title":"Adlercreutz: Vi f\u00e5r inte ta EU f\u00f6r givet \u2013 vi ska forts\u00e4tta arbeta f\u00f6r en \u00e4nnu b\u00e4ttre union - Anders Adlercreutz","og_description":"Idag firas Europadagen. Europa- och \u00e4garstyrningsminister Anders Adlercreutz \u00f6nskar en glad Europadag och p\u00e5minner samtidigt om vilken roll EU spelat f\u00f6r Finland.\u00a0 I \u00e5r har det g\u00e5tt 30 \u00e5r sedan Finlands folkomr\u00f6stning om EU-medlemskapet, d\u00e5 57 procent av finl\u00e4ndarna sade ja till Europa. Om ett \u00e5r firar vi 30 \u00e5r av medlemskap.\u00a0 \u2013 Finlands medlemskap [&hellip;]","og_url":"https:\/\/andersadlercreutz.fi\/blog\/pressmeddelande\/adlercreutz-vi-far-inte-ta-eu-for-givet-vi-ska-fortsatta-arbeta-for-en-annu-battre-union\/","og_site_name":"Anders Adlercreutz","article_published_time":"2024-05-09T19:09:08+00:00","og_image":[{"width":2560,"height":970,"url":"https:\/\/andersadlercreutz.fi\/blog\/wp-content\/uploads\/2024\/05\/53704908465_396c0b071e_o-MUOKATTU-scaled.jpg","type":"image\/jpeg"}],"author":"Anders","twitter_card":"summary_large_image","twitter_misc":{"Skriven av":"Anders","Ber\u00e4knad l\u00e4stid":"2 minuter"},"schema":{"@context":"https:\/\/schema.org","@graph":[{"@type":"WebPage","@id":"https:\/\/andersadlercreutz.fi\/blog\/pressmeddelande\/adlercreutz-vi-far-inte-ta-eu-for-givet-vi-ska-fortsatta-arbeta-for-en-annu-battre-union\/","url":"https:\/\/andersadlercreutz.fi\/blog\/pressmeddelande\/adlercreutz-vi-far-inte-ta-eu-for-givet-vi-ska-fortsatta-arbeta-for-en-annu-battre-union\/","name":"Adlercreutz: Vi f\u00e5r inte ta EU f\u00f6r givet \u2013 vi ska forts\u00e4tta arbeta f\u00f6r en \u00e4nnu b\u00e4ttre union - Anders Adlercreutz","isPartOf":{"@id":"https:\/\/andersadlercreutz.fi\/blog\/#website"},"datePublished":"2024-05-09T19:09:08+00:00","dateModified":"2024-05-09T19:09:08+00:00","author":{"@id":"https:\/\/andersadlercreutz.fi\/blog\/#\/schema\/person\/47d4b72eded862b484f74bb4b3a2354f"},"breadcrumb":{"@id":"https:\/\/andersadlercreutz.fi\/blog\/pressmeddelande\/adlercreutz-vi-far-inte-ta-eu-for-givet-vi-ska-fortsatta-arbeta-for-en-annu-battre-union\/#breadcrumb"},"inLanguage":"sv-SE","potentialAction":[{"@type":"ReadAction","target":["https:\/\/andersadlercreutz.fi\/blog\/pressmeddelande\/adlercreutz-vi-far-inte-ta-eu-for-givet-vi-ska-fortsatta-arbeta-for-en-annu-battre-union\/"]}]},{"@type":"BreadcrumbList","@id":"https:\/\/andersadlercreutz.fi\/blog\/pressmeddelande\/adlercreutz-vi-far-inte-ta-eu-for-givet-vi-ska-fortsatta-arbeta-for-en-annu-battre-union\/#breadcrumb","itemListElement":[{"@type":"ListItem","position":1,"name":"Home","item":"https:\/\/andersadlercreutz.fi\/blog\/blogg\/?lang=sv"},{"@type":"ListItem","position":2,"name":"Adlercreutz: Vi f\u00e5r inte ta EU f\u00f6r givet \u2013 vi ska forts\u00e4tta arbeta f\u00f6r en \u00e4nnu b\u00e4ttre union"}]},{"@type":"WebSite","@id":"https:\/\/andersadlercreutz.fi\/blog\/#website","url":"https:\/\/andersadlercreutz.fi\/blog\/","name":"Anders Adlercreutz","description":"Du. Jag. Vi. Kest&auml;v&auml;sti optimisti","potentialAction":[{"@type":"SearchAction","target":{"@type":"EntryPoint","urlTemplate":"https:\/\/andersadlercreutz.fi\/blog\/?s={search_term_string}"},"query-input":"required name=search_term_string"}],"inLanguage":"sv-SE"},{"@type":"Person","@id":"https:\/\/andersadlercreutz.fi\/blog\/#\/schema\/person\/47d4b72eded862b484f74bb4b3a2354f","name":"Anders","image":{"@type":"ImageObject","inLanguage":"sv-SE","@id":"https:\/\/andersadlercreutz.fi\/blog\/#\/schema\/person\/image\/","url":"https:\/\/secure.gravatar.com\/avatar\/a144c9bda7a581ff6fabba169027e620?s=96&d=mm&r=g","contentUrl":"https:\/\/secure.gravatar.com\/avatar\/a144c9bda7a581ff6fabba169027e620?s=96&d=mm&r=g","caption":"Anders"},"url":"https:\/\/andersadlercreutz.fi\/blog\/author\/admin\/"}]}},"jetpack_featured_media_url":"https:\/\/i0.wp.com\/andersadlercreutz.fi\/blog\/wp-content\/uploads\/2024\/05\/53704908465_396c0b071e_o-MUOKATTU-scaled.jpg?fit=2560%2C970&ssl=1","jetpack_shortlink":"https:\/\/wp.me\/p4T6Dh-2tS","jetpack_sharing_enabled":true,"_links":{"self":[{"href":"https:\/\/andersadlercreutz.fi\/blog\/wp-json\/wp\/v2\/posts\/9540"}],"collection":[{"href":"https:\/\/andersadlercreutz.fi\/blog\/wp-json\/wp\/v2\/posts"}],"about":[{"href":"https:\/\/andersadlercreutz.fi\/blog\/wp-json\/wp\/v2\/types\/post"}],"author":[{"embeddable":true,"href":"https:\/\/andersadlercreutz.fi\/blog\/wp-json\/wp\/v2\/users\/1"}],"replies":[{"embeddable":true,"href":"https:\/\/andersadlercreutz.fi\/blog\/wp-json\/wp\/v2\/comments?post=9540"}],"version-history":[{"count":2,"href":"https:\/\/andersadlercreutz.fi\/blog\/wp-json\/wp\/v2\/posts\/9540\/revisions"}],"predecessor-version":[{"id":9559,"href":"https:\/\/andersadlercreutz.fi\/blog\/wp-json\/wp\/v2\/posts\/9540\/revisions\/9559"}],"wp:featuredmedia":[{"embeddable":true,"href":"https:\/\/andersadlercreutz.fi\/blog\/wp-json\/wp\/v2\/media\/9523"}],"wp:attachment":[{"href":"https:\/\/andersadlercreutz.fi\/blog\/wp-json\/wp\/v2\/media?parent=9540"}],"wp:term":[{"taxonomy":"category","embeddable":true,"href":"https:\/\/andersadlercreutz.fi\/blog\/wp-json\/wp\/v2\/categories?post=9540"},{"taxonomy":"post_tag","embeddable":true,"href":"https:\/\/andersadlercreutz.fi\/blog\/wp-json\/wp\/v2\/tags?post=9540"}],"curies":[{"name":"wp","href":"https:\/\/api.w.org\/{rel}","templated":true}]}}