{"id":9543,"date":"2024-05-09T22:09:08","date_gmt":"2024-05-09T19:09:08","guid":{"rendered":"https:\/\/andersadlercreutz.fi\/blog\/uncategorized\/adlercreutz-vi-far-inte-ta-eu-for-givet-vi-ska-fortsatta-arbeta-for-en-annu-battre-union\/"},"modified":"2024-05-13T10:13:45","modified_gmt":"2024-05-13T07:13:45","slug":"adlercreutz-vi-far-inte-ta-eu-for-givet-vi-ska-fortsatta-arbeta-for-en-annu-battre-union","status":"publish","type":"post","link":"https:\/\/andersadlercreutz.fi\/blog\/pressmeddelande-fi\/adlercreutz-vi-far-inte-ta-eu-for-givet-vi-ska-fortsatta-arbeta-for-en-annu-battre-union\/?lang=fi","title":{"rendered":"Adlercreutz: EU ei saa olla meille itsest\u00e4\u00e4nselvyys \u2013 on jatkettava ty\u00f6t\u00e4 entist\u00e4kin paremman unionin puolesta"},"content":{"rendered":"<p><span style=\"font-weight: 400;\">T\u00e4n\u00e4\u00e4n viet\u00e4mme Eurooppa-p\u00e4iv\u00e4\u00e4. Eurooppa- ja omistajaohjausministeri Anders Adlercreutz toivottaa hyv\u00e4\u00e4 Eurooppa-p\u00e4iv\u00e4\u00e4 ja muistuttaa samalla EU:n merkityksest\u00e4 Suomelle.<\/span><\/p>\n<p><span style=\"font-weight: 400;\">T\u00e4n\u00e4 vuonna tulee kuluneeksi 30 vuotta Suomen kansan\u00e4\u00e4nestyksest\u00e4 EU-j\u00e4senyydest\u00e4, jolloin 57 prosenttia suomalaisista sanoi kyll\u00e4 Euroopalle. Ensi vuonna p\u00e4\u00e4semme juhlistamaan 30-vuotista j\u00e4senyytt\u00e4mme.<\/span><\/p>\n<p><span style=\"font-weight: 400;\">\u2013 Suomen EU-j\u00e4senyys on yksi historiamme t\u00e4rkeimmist\u00e4 virstanpylv\u00e4ist\u00e4, osa identiteetti\u00e4mme ja asia, jota pid\u00e4mme t\u00e4n\u00e4 p\u00e4iv\u00e4n\u00e4 itsest\u00e4\u00e4nselvyyten\u00e4. EU on tuonut Suomelle paljon hyv\u00e4\u00e4. Nykyajan yh\u00e4 polarisoituneemmassa ilmapiiriss\u00e4 on t\u00e4rke\u00e4\u00e4 muistaa, ett\u00e4 hyv\u00e4\u00e4 on my\u00f6s puolustettava, Adlercreutz sanoo.<\/span><\/p>\n<p><span style=\"font-weight: 400;\">\u2013 Maailma oli erilainen ennen kuin liityimme EU:hun: oli rajatarkastuksia joka puolella ja valuuttakurssit vaihtelivat p\u00e4ivitt\u00e4in. Matkustaminen ja liikkuminen oli monimutkaista. EU:n tuoman vapaan liikkuvuuden my\u00f6t\u00e4 maailma on meille monin tavoin avoimempi.<\/span><\/p>\n<p><span style=\"font-weight: 400;\">Ei ole my\u00f6sk\u00e4\u00e4n monta vuotta siit\u00e4, kun piti varmistaa, ett\u00e4 matkapuhelimen verkkovierailutoiminto oli kytketty pois p\u00e4\u00e4lt\u00e4, kun matkusti Euroopassa. Se, ett\u00e4 liittym\u00e4mme toimivat automaattisesti ja ilman lis\u00e4kustannuksia, tuntuu nyky\u00e4\u00e4n luonnolliselta.<\/span><\/p>\n<p><span style=\"font-weight: 400;\">\u2013 Hyvin toimiviin asioihin tottuu nopeasti, mutta on syyt\u00e4 muistaa, ett\u00e4 kaikki n\u00e4m\u00e4 asiat ovat vaatineet yhteisty\u00f6t\u00e4 ja yhten\u00e4isyytt\u00e4. Emme saa pit\u00e4\u00e4 EU:ta itsest\u00e4\u00e4nselvyyten\u00e4, vaan meid\u00e4n on jatkettava ty\u00f6t\u00e4 entist\u00e4 paremman ja toimivamman unionin puolesta.<\/span><\/p>\n<p><span style=\"font-weight: 400;\">Europarlamenttivaalit ovat kuukauden p\u00e4\u00e4st\u00e4. Ennen niit\u00e4 Adlercreutzin mukaan kaikkien pit\u00e4isi kysy\u00e4 itselt\u00e4\u00e4n seuraava kysymys: Mit\u00e4 min\u00e4 voin tehd\u00e4, jotta EU:sta tulisi entist\u00e4kin parempi? Adlercreutzin mielest\u00e4 vastaus on yksinkertainen.<\/span><\/p>\n<p><span style=\"font-weight: 400;\">\u2013 \u00c4\u00e4nest\u00e4 EU-vaaleissa! Ja anna \u00e4\u00e4nesi ehdokkaalle, joka haluaa kehitt\u00e4\u00e4 EU:ta paremmaksi. RKP:n listalla on 20 t\u00e4llaista ehdokasta.<\/span><\/p>\n<p><span style=\"font-weight: 400;\">\u2013 Meit\u00e4 suomalaisia pidet\u00e4\u00e4n pragmaattisina ja ratkaisukeskeisin\u00e4. Meill\u00e4 on hyv\u00e4 maine EU:ssa, ja siksi meill\u00e4 voi olla enemm\u00e4n vaikutusvaltaa kuin lukum\u00e4\u00e4r\u00e4inen vahvuutemme antaa ymm\u00e4rt\u00e4\u00e4. T\u00e4m\u00e4 koskee sek\u00e4 Suomea ett\u00e4 RKP:t\u00e4. \u00c4\u00e4nest\u00e4m\u00e4ll\u00e4 me voimme yhdess\u00e4 varmistaa, ett\u00e4 EU:ta eteenp\u00e4in viev\u00e4t voimat ovat edustettuina my\u00f6s seuraavassa parlamentissa, sanoo Eurooppa- ja omistajaohjausministeri Anders Adlercreutz.<\/span><\/p>\n","protected":false},"excerpt":{"rendered":"<p>T\u00e4n\u00e4\u00e4n viet\u00e4mme Eurooppa-p\u00e4iv\u00e4\u00e4. Eurooppa- ja omistajaohjausministeri Anders Adlercreutz toivottaa hyv\u00e4\u00e4 Eurooppa-p\u00e4iv\u00e4\u00e4 ja muistuttaa samalla EU:n merkityksest\u00e4 Suomelle. T\u00e4n\u00e4 vuonna tulee kuluneeksi 30 vuotta Suomen kansan\u00e4\u00e4nestyksest\u00e4 EU-j\u00e4senyydest\u00e4, jolloin 57 prosenttia suomalaisista sanoi kyll\u00e4 Euroopalle. Ensi vuonna p\u00e4\u00e4semme juhlistamaan 30-vuotista j\u00e4senyytt\u00e4mme. \u2013 Suomen EU-j\u00e4senyys on yksi historiamme t\u00e4rkeimmist\u00e4 virstanpylv\u00e4ist\u00e4, osa identiteetti\u00e4mme ja asia, jota pid\u00e4mme t\u00e4n\u00e4 p\u00e4iv\u00e4n\u00e4 [&hellip;]<\/p>\n","protected":false},"author":1,"featured_media":9525,"comment_status":"open","ping_status":"open","sticky":false,"template":"","format":"standard","meta":{"jetpack_post_was_ever_published":false,"_jetpack_newsletter_access":"","jetpack_publicize_message":"","jetpack_is_tweetstorm":false,"jetpack_publicize_feature_enabled":true,"jetpack_social_post_already_shared":true,"jetpack_social_options":{"image_generator_settings":{"template":"highway","enabled":false}}},"categories":[71,163],"tags":[],"jetpack_publicize_connections":[],"yoast_head":"<!-- This site is optimized with the Yoast SEO plugin v20.12 - https:\/\/yoast.com\/wordpress\/plugins\/seo\/ -->\n<title>Adlercreutz: EU ei saa olla meille itsest\u00e4\u00e4nselvyys \u2013 on jatkettava ty\u00f6t\u00e4 entist\u00e4kin paremman unionin puolesta - Anders Adlercreutz<\/title>\n<meta name=\"robots\" content=\"index, follow, max-snippet:-1, max-image-preview:large, max-video-preview:-1\" \/>\n<link rel=\"canonical\" href=\"https:\/\/andersadlercreutz.fi\/blog\/pressmeddelande-fi\/adlercreutz-vi-far-inte-ta-eu-for-givet-vi-ska-fortsatta-arbeta-for-en-annu-battre-union\/\" \/>\n<meta property=\"og:locale\" content=\"sv_SE\" \/>\n<meta property=\"og:type\" content=\"article\" \/>\n<meta property=\"og:title\" content=\"Adlercreutz: EU ei saa olla meille itsest\u00e4\u00e4nselvyys \u2013 on jatkettava ty\u00f6t\u00e4 entist\u00e4kin paremman unionin puolesta - Anders Adlercreutz\" \/>\n<meta property=\"og:description\" content=\"T\u00e4n\u00e4\u00e4n viet\u00e4mme Eurooppa-p\u00e4iv\u00e4\u00e4. Eurooppa- ja omistajaohjausministeri Anders Adlercreutz toivottaa hyv\u00e4\u00e4 Eurooppa-p\u00e4iv\u00e4\u00e4 ja muistuttaa samalla EU:n merkityksest\u00e4 Suomelle. T\u00e4n\u00e4 vuonna tulee kuluneeksi 30 vuotta Suomen kansan\u00e4\u00e4nestyksest\u00e4 EU-j\u00e4senyydest\u00e4, jolloin 57 prosenttia suomalaisista sanoi kyll\u00e4 Euroopalle. Ensi vuonna p\u00e4\u00e4semme juhlistamaan 30-vuotista j\u00e4senyytt\u00e4mme. \u2013 Suomen EU-j\u00e4senyys on yksi historiamme t\u00e4rkeimmist\u00e4 virstanpylv\u00e4ist\u00e4, osa identiteetti\u00e4mme ja asia, jota pid\u00e4mme t\u00e4n\u00e4 p\u00e4iv\u00e4n\u00e4 [&hellip;]\" \/>\n<meta property=\"og:url\" content=\"https:\/\/andersadlercreutz.fi\/blog\/pressmeddelande-fi\/adlercreutz-vi-far-inte-ta-eu-for-givet-vi-ska-fortsatta-arbeta-for-en-annu-battre-union\/?lang=fi\" \/>\n<meta property=\"og:site_name\" content=\"Anders Adlercreutz\" \/>\n<meta property=\"article:published_time\" content=\"2024-05-09T19:09:08+00:00\" \/>\n<meta property=\"article:modified_time\" content=\"2024-05-13T07:13:45+00:00\" \/>\n<meta property=\"og:image\" content=\"https:\/\/andersadlercreutz.fi\/blog\/wp-content\/uploads\/2024\/05\/53704908465_396c0b071e_o-MUOKATTU-scaled.jpg\" \/>\n\t<meta property=\"og:image:width\" content=\"2560\" \/>\n\t<meta property=\"og:image:height\" content=\"970\" \/>\n\t<meta property=\"og:image:type\" content=\"image\/jpeg\" \/>\n<meta name=\"author\" content=\"Anders\" \/>\n<meta name=\"twitter:card\" content=\"summary_large_image\" \/>\n<meta name=\"twitter:label1\" content=\"Skriven av\" \/>\n\t<meta name=\"twitter:data1\" content=\"Anders\" \/>\n\t<meta name=\"twitter:label2\" content=\"Ber\u00e4knad l\u00e4stid\" \/>\n\t<meta name=\"twitter:data2\" content=\"2 minuter\" \/>\n<script type=\"application\/ld+json\" class=\"yoast-schema-graph\">{\"@context\":\"https:\/\/schema.org\",\"@graph\":[{\"@type\":\"WebPage\",\"@id\":\"https:\/\/andersadlercreutz.fi\/blog\/pressmeddelande-fi\/adlercreutz-vi-far-inte-ta-eu-for-givet-vi-ska-fortsatta-arbeta-for-en-annu-battre-union\/?lang=fi\",\"url\":\"https:\/\/andersadlercreutz.fi\/blog\/pressmeddelande-fi\/adlercreutz-vi-far-inte-ta-eu-for-givet-vi-ska-fortsatta-arbeta-for-en-annu-battre-union\/?lang=fi\",\"name\":\"Adlercreutz: EU ei saa olla meille itsest\u00e4\u00e4nselvyys \u2013 on jatkettava ty\u00f6t\u00e4 entist\u00e4kin paremman unionin puolesta - Anders Adlercreutz\",\"isPartOf\":{\"@id\":\"https:\/\/andersadlercreutz.fi\/blog\/#website\"},\"datePublished\":\"2024-05-09T19:09:08+00:00\",\"dateModified\":\"2024-05-13T07:13:45+00:00\",\"author\":{\"@id\":\"https:\/\/andersadlercreutz.fi\/blog\/#\/schema\/person\/47d4b72eded862b484f74bb4b3a2354f\"},\"breadcrumb\":{\"@id\":\"https:\/\/andersadlercreutz.fi\/blog\/pressmeddelande-fi\/adlercreutz-vi-far-inte-ta-eu-for-givet-vi-ska-fortsatta-arbeta-for-en-annu-battre-union\/?lang=fi#breadcrumb\"},\"inLanguage\":\"sv-SE\",\"potentialAction\":[{\"@type\":\"ReadAction\",\"target\":[\"https:\/\/andersadlercreutz.fi\/blog\/pressmeddelande-fi\/adlercreutz-vi-far-inte-ta-eu-for-givet-vi-ska-fortsatta-arbeta-for-en-annu-battre-union\/?lang=fi\"]}]},{\"@type\":\"BreadcrumbList\",\"@id\":\"https:\/\/andersadlercreutz.fi\/blog\/pressmeddelande-fi\/adlercreutz-vi-far-inte-ta-eu-for-givet-vi-ska-fortsatta-arbeta-for-en-annu-battre-union\/?lang=fi#breadcrumb\",\"itemListElement\":[{\"@type\":\"ListItem\",\"position\":1,\"name\":\"Home\",\"item\":\"https:\/\/andersadlercreutz.fi\/blog\/blogg\/?lang=sv\"},{\"@type\":\"ListItem\",\"position\":2,\"name\":\"Adlercreutz: EU ei saa olla meille itsest\u00e4\u00e4nselvyys \u2013 on jatkettava ty\u00f6t\u00e4 entist\u00e4kin paremman unionin puolesta\"}]},{\"@type\":\"WebSite\",\"@id\":\"https:\/\/andersadlercreutz.fi\/blog\/#website\",\"url\":\"https:\/\/andersadlercreutz.fi\/blog\/\",\"name\":\"Anders Adlercreutz\",\"description\":\"Du. Jag. Vi. Kest&auml;v&auml;sti optimisti\",\"potentialAction\":[{\"@type\":\"SearchAction\",\"target\":{\"@type\":\"EntryPoint\",\"urlTemplate\":\"https:\/\/andersadlercreutz.fi\/blog\/?s={search_term_string}\"},\"query-input\":\"required name=search_term_string\"}],\"inLanguage\":\"sv-SE\"},{\"@type\":\"Person\",\"@id\":\"https:\/\/andersadlercreutz.fi\/blog\/#\/schema\/person\/47d4b72eded862b484f74bb4b3a2354f\",\"name\":\"Anders\",\"image\":{\"@type\":\"ImageObject\",\"inLanguage\":\"sv-SE\",\"@id\":\"https:\/\/andersadlercreutz.fi\/blog\/#\/schema\/person\/image\/\",\"url\":\"https:\/\/secure.gravatar.com\/avatar\/a144c9bda7a581ff6fabba169027e620?s=96&d=mm&r=g\",\"contentUrl\":\"https:\/\/secure.gravatar.com\/avatar\/a144c9bda7a581ff6fabba169027e620?s=96&d=mm&r=g\",\"caption\":\"Anders\"},\"url\":\"https:\/\/andersadlercreutz.fi\/blog\/author\/admin\/\"}]}<\/script>\n<!-- \/ Yoast SEO plugin. -->","yoast_head_json":{"title":"Adlercreutz: EU ei saa olla meille itsest\u00e4\u00e4nselvyys \u2013 on jatkettava ty\u00f6t\u00e4 entist\u00e4kin paremman unionin puolesta - Anders Adlercreutz","robots":{"index":"index","follow":"follow","max-snippet":"max-snippet:-1","max-image-preview":"max-image-preview:large","max-video-preview":"max-video-preview:-1"},"canonical":"https:\/\/andersadlercreutz.fi\/blog\/pressmeddelande-fi\/adlercreutz-vi-far-inte-ta-eu-for-givet-vi-ska-fortsatta-arbeta-for-en-annu-battre-union\/","og_locale":"sv_SE","og_type":"article","og_title":"Adlercreutz: EU ei saa olla meille itsest\u00e4\u00e4nselvyys \u2013 on jatkettava ty\u00f6t\u00e4 entist\u00e4kin paremman unionin puolesta - Anders Adlercreutz","og_description":"T\u00e4n\u00e4\u00e4n viet\u00e4mme Eurooppa-p\u00e4iv\u00e4\u00e4. Eurooppa- ja omistajaohjausministeri Anders Adlercreutz toivottaa hyv\u00e4\u00e4 Eurooppa-p\u00e4iv\u00e4\u00e4 ja muistuttaa samalla EU:n merkityksest\u00e4 Suomelle. T\u00e4n\u00e4 vuonna tulee kuluneeksi 30 vuotta Suomen kansan\u00e4\u00e4nestyksest\u00e4 EU-j\u00e4senyydest\u00e4, jolloin 57 prosenttia suomalaisista sanoi kyll\u00e4 Euroopalle. Ensi vuonna p\u00e4\u00e4semme juhlistamaan 30-vuotista j\u00e4senyytt\u00e4mme. \u2013 Suomen EU-j\u00e4senyys on yksi historiamme t\u00e4rkeimmist\u00e4 virstanpylv\u00e4ist\u00e4, osa identiteetti\u00e4mme ja asia, jota pid\u00e4mme t\u00e4n\u00e4 p\u00e4iv\u00e4n\u00e4 [&hellip;]","og_url":"https:\/\/andersadlercreutz.fi\/blog\/pressmeddelande-fi\/adlercreutz-vi-far-inte-ta-eu-for-givet-vi-ska-fortsatta-arbeta-for-en-annu-battre-union\/?lang=fi","og_site_name":"Anders Adlercreutz","article_published_time":"2024-05-09T19:09:08+00:00","article_modified_time":"2024-05-13T07:13:45+00:00","og_image":[{"width":2560,"height":970,"url":"https:\/\/andersadlercreutz.fi\/blog\/wp-content\/uploads\/2024\/05\/53704908465_396c0b071e_o-MUOKATTU-scaled.jpg","type":"image\/jpeg"}],"author":"Anders","twitter_card":"summary_large_image","twitter_misc":{"Skriven av":"Anders","Ber\u00e4knad l\u00e4stid":"2 minuter"},"schema":{"@context":"https:\/\/schema.org","@graph":[{"@type":"WebPage","@id":"https:\/\/andersadlercreutz.fi\/blog\/pressmeddelande-fi\/adlercreutz-vi-far-inte-ta-eu-for-givet-vi-ska-fortsatta-arbeta-for-en-annu-battre-union\/?lang=fi","url":"https:\/\/andersadlercreutz.fi\/blog\/pressmeddelande-fi\/adlercreutz-vi-far-inte-ta-eu-for-givet-vi-ska-fortsatta-arbeta-for-en-annu-battre-union\/?lang=fi","name":"Adlercreutz: EU ei saa olla meille itsest\u00e4\u00e4nselvyys \u2013 on jatkettava ty\u00f6t\u00e4 entist\u00e4kin paremman unionin puolesta - Anders Adlercreutz","isPartOf":{"@id":"https:\/\/andersadlercreutz.fi\/blog\/#website"},"datePublished":"2024-05-09T19:09:08+00:00","dateModified":"2024-05-13T07:13:45+00:00","author":{"@id":"https:\/\/andersadlercreutz.fi\/blog\/#\/schema\/person\/47d4b72eded862b484f74bb4b3a2354f"},"breadcrumb":{"@id":"https:\/\/andersadlercreutz.fi\/blog\/pressmeddelande-fi\/adlercreutz-vi-far-inte-ta-eu-for-givet-vi-ska-fortsatta-arbeta-for-en-annu-battre-union\/?lang=fi#breadcrumb"},"inLanguage":"sv-SE","potentialAction":[{"@type":"ReadAction","target":["https:\/\/andersadlercreutz.fi\/blog\/pressmeddelande-fi\/adlercreutz-vi-far-inte-ta-eu-for-givet-vi-ska-fortsatta-arbeta-for-en-annu-battre-union\/?lang=fi"]}]},{"@type":"BreadcrumbList","@id":"https:\/\/andersadlercreutz.fi\/blog\/pressmeddelande-fi\/adlercreutz-vi-far-inte-ta-eu-for-givet-vi-ska-fortsatta-arbeta-for-en-annu-battre-union\/?lang=fi#breadcrumb","itemListElement":[{"@type":"ListItem","position":1,"name":"Home","item":"https:\/\/andersadlercreutz.fi\/blog\/blogg\/?lang=sv"},{"@type":"ListItem","position":2,"name":"Adlercreutz: EU ei saa olla meille itsest\u00e4\u00e4nselvyys \u2013 on jatkettava ty\u00f6t\u00e4 entist\u00e4kin paremman unionin puolesta"}]},{"@type":"WebSite","@id":"https:\/\/andersadlercreutz.fi\/blog\/#website","url":"https:\/\/andersadlercreutz.fi\/blog\/","name":"Anders Adlercreutz","description":"Du. Jag. Vi. Kest&auml;v&auml;sti optimisti","potentialAction":[{"@type":"SearchAction","target":{"@type":"EntryPoint","urlTemplate":"https:\/\/andersadlercreutz.fi\/blog\/?s={search_term_string}"},"query-input":"required name=search_term_string"}],"inLanguage":"sv-SE"},{"@type":"Person","@id":"https:\/\/andersadlercreutz.fi\/blog\/#\/schema\/person\/47d4b72eded862b484f74bb4b3a2354f","name":"Anders","image":{"@type":"ImageObject","inLanguage":"sv-SE","@id":"https:\/\/andersadlercreutz.fi\/blog\/#\/schema\/person\/image\/","url":"https:\/\/secure.gravatar.com\/avatar\/a144c9bda7a581ff6fabba169027e620?s=96&d=mm&r=g","contentUrl":"https:\/\/secure.gravatar.com\/avatar\/a144c9bda7a581ff6fabba169027e620?s=96&d=mm&r=g","caption":"Anders"},"url":"https:\/\/andersadlercreutz.fi\/blog\/author\/admin\/"}]}},"jetpack_featured_media_url":"https:\/\/i0.wp.com\/andersadlercreutz.fi\/blog\/wp-content\/uploads\/2024\/05\/53704908465_396c0b071e_o-MUOKATTU-scaled.jpg?fit=2560%2C970&ssl=1","jetpack_shortlink":"https:\/\/wp.me\/p4T6Dh-2tV","jetpack_sharing_enabled":true,"_links":{"self":[{"href":"https:\/\/andersadlercreutz.fi\/blog\/wp-json\/wp\/v2\/posts\/9543"}],"collection":[{"href":"https:\/\/andersadlercreutz.fi\/blog\/wp-json\/wp\/v2\/posts"}],"about":[{"href":"https:\/\/andersadlercreutz.fi\/blog\/wp-json\/wp\/v2\/types\/post"}],"author":[{"embeddable":true,"href":"https:\/\/andersadlercreutz.fi\/blog\/wp-json\/wp\/v2\/users\/1"}],"replies":[{"embeddable":true,"href":"https:\/\/andersadlercreutz.fi\/blog\/wp-json\/wp\/v2\/comments?post=9543"}],"version-history":[{"count":2,"href":"https:\/\/andersadlercreutz.fi\/blog\/wp-json\/wp\/v2\/posts\/9543\/revisions"}],"predecessor-version":[{"id":9560,"href":"https:\/\/andersadlercreutz.fi\/blog\/wp-json\/wp\/v2\/posts\/9543\/revisions\/9560"}],"wp:featuredmedia":[{"embeddable":true,"href":"https:\/\/andersadlercreutz.fi\/blog\/wp-json\/wp\/v2\/media\/9525"}],"wp:attachment":[{"href":"https:\/\/andersadlercreutz.fi\/blog\/wp-json\/wp\/v2\/media?parent=9543"}],"wp:term":[{"taxonomy":"category","embeddable":true,"href":"https:\/\/andersadlercreutz.fi\/blog\/wp-json\/wp\/v2\/categories?post=9543"},{"taxonomy":"post_tag","embeddable":true,"href":"https:\/\/andersadlercreutz.fi\/blog\/wp-json\/wp\/v2\/tags?post=9543"}],"curies":[{"name":"wp","href":"https:\/\/api.w.org\/{rel}","templated":true}]}}