{"id":9562,"date":"2024-05-18T14:03:42","date_gmt":"2024-05-18T11:03:42","guid":{"rendered":"https:\/\/andersadlercreutz.fi\/blog\/?p=9562"},"modified":"2024-05-21T14:08:39","modified_gmt":"2024-05-21T11:08:39","slug":"adlercreutz-pa-stafettkarnevalen-ett-budskap-om-hopp-stod-och-solidaritet-fran-finland-till-ukraina","status":"publish","type":"post","link":"https:\/\/andersadlercreutz.fi\/blog\/forsvar\/adlercreutz-pa-stafettkarnevalen-ett-budskap-om-hopp-stod-och-solidaritet-fran-finland-till-ukraina\/","title":{"rendered":"Adlercreutz p\u00e5 Stafettkarnevalen: ett budskap om hopp, st\u00f6d och solidaritet fr\u00e5n Finland till Ukraina"},"content":{"rendered":"<div class=\"excerpt\">\n<p>Stafettkarnevalen samlar i \u00e5r igen tusentals skolelever till Olympiastadion i Helsingfors. Europas st\u00f6rsta skolidrottsevenemang f\u00f6r samman elever fr\u00e5n hela svenskfinland. Under l\u00f6rdagens karneval skedde ocks\u00e5 startskottet p\u00e5 en unik stafett som b\u00e4r 1561 kilometer \u00e4nda fram till Ukraina.<\/p>\n<\/div>\n<div class=\"resizable\">\n<p>Europa- och \u00e4garstyrningsminister Anders Adlercreutz som \u00f6ppnade stafetten, rullade in ett budskap till Ukraina i en stafettpinne och gav den vidare till en grupp ukrainska elever som efter ett halvt varv p\u00e5 stadion fortsatte ut genom maratonporten.<\/p>\n<p>\u2013 Den h\u00e4r stafetten har med sig ett konkret och viktigt budskap om hopp, st\u00f6d och solidaritet fr\u00e5n Finlands ungdom och Finlands folk till Ukraina s\u00e4ger Anders Adlercreutz<\/p>\n<p>\u2013 S\u00e5 l\u00e4nge Ukraina k\u00e4mpar, och s\u00e5 l\u00e4nge vi \u00f6vriga europ\u00e9er st\u00e5r bakom Ukraina finns det hopp. Rysslands brutala anfallskrig mot Ukraina m\u00e5ste sluta med att Ryssland l\u00e4mnar varje tum av Ukrainsk mark s\u00e4ger Adlercreutz.<\/p>\n<p>Hela stafetten ber\u00e4knas ta sex veckor, och samlar samtidigt in pengar till Ukraina. Projektet har startats av journalisten Magnus Lond\u00e9n, som redan l\u00e4nge koordinerat hj\u00e4lps\u00e4ndningar fr\u00e5n FInland till Ukraina. M\u00e5let \u00e4r att samla in 100 euro per kilometer, sammanlagt 156100 euro.<\/p>\n<p><em>Karavanen till Ukraine, www.karavanen.org<\/em><\/p>\n<\/div>\n","protected":false},"excerpt":{"rendered":"<p>Stafettkarnevalen samlar i \u00e5r igen tusentals skolelever till Olympiastadion i Helsingfors. Europas st\u00f6rsta skolidrottsevenemang f\u00f6r samman elever fr\u00e5n hela svenskfinland. Under l\u00f6rdagens karneval skedde ocks\u00e5 startskottet p\u00e5 en unik stafett som b\u00e4r 1561 kilometer \u00e4nda fram till Ukraina. Europa- och \u00e4garstyrningsminister Anders Adlercreutz som \u00f6ppnade stafetten, rullade in ett budskap till Ukraina i en stafettpinne [&hellip;]<\/p>\n","protected":false},"author":1,"featured_media":9563,"comment_status":"open","ping_status":"open","sticky":false,"template":"","format":"standard","meta":{"jetpack_post_was_ever_published":false,"_jetpack_newsletter_access":"","jetpack_publicize_message":"","jetpack_is_tweetstorm":false,"jetpack_publicize_feature_enabled":true,"jetpack_social_post_already_shared":true,"jetpack_social_options":{"image_generator_settings":{"template":"highway","enabled":false}}},"categories":[127,72],"tags":[],"jetpack_publicize_connections":[],"yoast_head":"<!-- This site is optimized with the Yoast SEO plugin v20.12 - https:\/\/yoast.com\/wordpress\/plugins\/seo\/ -->\n<title>Adlercreutz p\u00e5 Stafettkarnevalen: ett budskap om hopp, st\u00f6d och solidaritet fr\u00e5n Finland till Ukraina - Anders Adlercreutz<\/title>\n<meta name=\"robots\" content=\"index, follow, max-snippet:-1, max-image-preview:large, max-video-preview:-1\" \/>\n<link rel=\"canonical\" href=\"https:\/\/andersadlercreutz.fi\/blog\/forsvar\/adlercreutz-pa-stafettkarnevalen-ett-budskap-om-hopp-stod-och-solidaritet-fran-finland-till-ukraina\/\" \/>\n<meta property=\"og:locale\" content=\"sv_SE\" \/>\n<meta property=\"og:type\" content=\"article\" \/>\n<meta property=\"og:title\" content=\"Adlercreutz p\u00e5 Stafettkarnevalen: ett budskap om hopp, st\u00f6d och solidaritet fr\u00e5n Finland till Ukraina - Anders Adlercreutz\" \/>\n<meta property=\"og:description\" content=\"Stafettkarnevalen samlar i \u00e5r igen tusentals skolelever till Olympiastadion i Helsingfors. Europas st\u00f6rsta skolidrottsevenemang f\u00f6r samman elever fr\u00e5n hela svenskfinland. Under l\u00f6rdagens karneval skedde ocks\u00e5 startskottet p\u00e5 en unik stafett som b\u00e4r 1561 kilometer \u00e4nda fram till Ukraina. Europa- och \u00e4garstyrningsminister Anders Adlercreutz som \u00f6ppnade stafetten, rullade in ett budskap till Ukraina i en stafettpinne [&hellip;]\" \/>\n<meta property=\"og:url\" content=\"https:\/\/andersadlercreutz.fi\/blog\/forsvar\/adlercreutz-pa-stafettkarnevalen-ett-budskap-om-hopp-stod-och-solidaritet-fran-finland-till-ukraina\/\" \/>\n<meta property=\"og:site_name\" content=\"Anders Adlercreutz\" \/>\n<meta property=\"article:published_time\" content=\"2024-05-18T11:03:42+00:00\" \/>\n<meta property=\"article:modified_time\" content=\"2024-05-21T11:08:39+00:00\" \/>\n<meta property=\"og:image\" content=\"https:\/\/andersadlercreutz.fi\/blog\/wp-content\/uploads\/2024\/05\/Anders-pa-Stafettkarnevalen-klippt-for-blogg.jpg\" \/>\n\t<meta property=\"og:image:width\" content=\"946\" \/>\n\t<meta property=\"og:image:height\" content=\"476\" \/>\n\t<meta property=\"og:image:type\" content=\"image\/jpeg\" \/>\n<meta name=\"author\" content=\"Anders\" \/>\n<meta name=\"twitter:card\" content=\"summary_large_image\" \/>\n<meta name=\"twitter:label1\" content=\"Skriven av\" \/>\n\t<meta name=\"twitter:data1\" content=\"Anders\" \/>\n\t<meta name=\"twitter:label2\" content=\"Ber\u00e4knad l\u00e4stid\" \/>\n\t<meta name=\"twitter:data2\" content=\"1 minut\" \/>\n<script type=\"application\/ld+json\" class=\"yoast-schema-graph\">{\"@context\":\"https:\/\/schema.org\",\"@graph\":[{\"@type\":\"WebPage\",\"@id\":\"https:\/\/andersadlercreutz.fi\/blog\/forsvar\/adlercreutz-pa-stafettkarnevalen-ett-budskap-om-hopp-stod-och-solidaritet-fran-finland-till-ukraina\/\",\"url\":\"https:\/\/andersadlercreutz.fi\/blog\/forsvar\/adlercreutz-pa-stafettkarnevalen-ett-budskap-om-hopp-stod-och-solidaritet-fran-finland-till-ukraina\/\",\"name\":\"Adlercreutz p\u00e5 Stafettkarnevalen: ett budskap om hopp, st\u00f6d och solidaritet fr\u00e5n Finland till Ukraina - Anders Adlercreutz\",\"isPartOf\":{\"@id\":\"https:\/\/andersadlercreutz.fi\/blog\/#website\"},\"datePublished\":\"2024-05-18T11:03:42+00:00\",\"dateModified\":\"2024-05-21T11:08:39+00:00\",\"author\":{\"@id\":\"https:\/\/andersadlercreutz.fi\/blog\/#\/schema\/person\/47d4b72eded862b484f74bb4b3a2354f\"},\"breadcrumb\":{\"@id\":\"https:\/\/andersadlercreutz.fi\/blog\/forsvar\/adlercreutz-pa-stafettkarnevalen-ett-budskap-om-hopp-stod-och-solidaritet-fran-finland-till-ukraina\/#breadcrumb\"},\"inLanguage\":\"sv-SE\",\"potentialAction\":[{\"@type\":\"ReadAction\",\"target\":[\"https:\/\/andersadlercreutz.fi\/blog\/forsvar\/adlercreutz-pa-stafettkarnevalen-ett-budskap-om-hopp-stod-och-solidaritet-fran-finland-till-ukraina\/\"]}]},{\"@type\":\"BreadcrumbList\",\"@id\":\"https:\/\/andersadlercreutz.fi\/blog\/forsvar\/adlercreutz-pa-stafettkarnevalen-ett-budskap-om-hopp-stod-och-solidaritet-fran-finland-till-ukraina\/#breadcrumb\",\"itemListElement\":[{\"@type\":\"ListItem\",\"position\":1,\"name\":\"Home\",\"item\":\"https:\/\/andersadlercreutz.fi\/blog\/blogg\/?lang=sv\"},{\"@type\":\"ListItem\",\"position\":2,\"name\":\"Adlercreutz p\u00e5 Stafettkarnevalen: ett budskap om hopp, st\u00f6d och solidaritet fr\u00e5n Finland till Ukraina\"}]},{\"@type\":\"WebSite\",\"@id\":\"https:\/\/andersadlercreutz.fi\/blog\/#website\",\"url\":\"https:\/\/andersadlercreutz.fi\/blog\/\",\"name\":\"Anders Adlercreutz\",\"description\":\"Du. Jag. Vi. Kest&auml;v&auml;sti optimisti\",\"potentialAction\":[{\"@type\":\"SearchAction\",\"target\":{\"@type\":\"EntryPoint\",\"urlTemplate\":\"https:\/\/andersadlercreutz.fi\/blog\/?s={search_term_string}\"},\"query-input\":\"required name=search_term_string\"}],\"inLanguage\":\"sv-SE\"},{\"@type\":\"Person\",\"@id\":\"https:\/\/andersadlercreutz.fi\/blog\/#\/schema\/person\/47d4b72eded862b484f74bb4b3a2354f\",\"name\":\"Anders\",\"image\":{\"@type\":\"ImageObject\",\"inLanguage\":\"sv-SE\",\"@id\":\"https:\/\/andersadlercreutz.fi\/blog\/#\/schema\/person\/image\/\",\"url\":\"https:\/\/secure.gravatar.com\/avatar\/a144c9bda7a581ff6fabba169027e620?s=96&d=mm&r=g\",\"contentUrl\":\"https:\/\/secure.gravatar.com\/avatar\/a144c9bda7a581ff6fabba169027e620?s=96&d=mm&r=g\",\"caption\":\"Anders\"},\"url\":\"https:\/\/andersadlercreutz.fi\/blog\/author\/admin\/\"}]}<\/script>\n<!-- \/ Yoast SEO plugin. -->","yoast_head_json":{"title":"Adlercreutz p\u00e5 Stafettkarnevalen: ett budskap om hopp, st\u00f6d och solidaritet fr\u00e5n Finland till Ukraina - Anders Adlercreutz","robots":{"index":"index","follow":"follow","max-snippet":"max-snippet:-1","max-image-preview":"max-image-preview:large","max-video-preview":"max-video-preview:-1"},"canonical":"https:\/\/andersadlercreutz.fi\/blog\/forsvar\/adlercreutz-pa-stafettkarnevalen-ett-budskap-om-hopp-stod-och-solidaritet-fran-finland-till-ukraina\/","og_locale":"sv_SE","og_type":"article","og_title":"Adlercreutz p\u00e5 Stafettkarnevalen: ett budskap om hopp, st\u00f6d och solidaritet fr\u00e5n Finland till Ukraina - Anders Adlercreutz","og_description":"Stafettkarnevalen samlar i \u00e5r igen tusentals skolelever till Olympiastadion i Helsingfors. Europas st\u00f6rsta skolidrottsevenemang f\u00f6r samman elever fr\u00e5n hela svenskfinland. Under l\u00f6rdagens karneval skedde ocks\u00e5 startskottet p\u00e5 en unik stafett som b\u00e4r 1561 kilometer \u00e4nda fram till Ukraina. Europa- och \u00e4garstyrningsminister Anders Adlercreutz som \u00f6ppnade stafetten, rullade in ett budskap till Ukraina i en stafettpinne [&hellip;]","og_url":"https:\/\/andersadlercreutz.fi\/blog\/forsvar\/adlercreutz-pa-stafettkarnevalen-ett-budskap-om-hopp-stod-och-solidaritet-fran-finland-till-ukraina\/","og_site_name":"Anders Adlercreutz","article_published_time":"2024-05-18T11:03:42+00:00","article_modified_time":"2024-05-21T11:08:39+00:00","og_image":[{"width":946,"height":476,"url":"https:\/\/andersadlercreutz.fi\/blog\/wp-content\/uploads\/2024\/05\/Anders-pa-Stafettkarnevalen-klippt-for-blogg.jpg","type":"image\/jpeg"}],"author":"Anders","twitter_card":"summary_large_image","twitter_misc":{"Skriven av":"Anders","Ber\u00e4knad l\u00e4stid":"1 minut"},"schema":{"@context":"https:\/\/schema.org","@graph":[{"@type":"WebPage","@id":"https:\/\/andersadlercreutz.fi\/blog\/forsvar\/adlercreutz-pa-stafettkarnevalen-ett-budskap-om-hopp-stod-och-solidaritet-fran-finland-till-ukraina\/","url":"https:\/\/andersadlercreutz.fi\/blog\/forsvar\/adlercreutz-pa-stafettkarnevalen-ett-budskap-om-hopp-stod-och-solidaritet-fran-finland-till-ukraina\/","name":"Adlercreutz p\u00e5 Stafettkarnevalen: ett budskap om hopp, st\u00f6d och solidaritet fr\u00e5n Finland till Ukraina - Anders Adlercreutz","isPartOf":{"@id":"https:\/\/andersadlercreutz.fi\/blog\/#website"},"datePublished":"2024-05-18T11:03:42+00:00","dateModified":"2024-05-21T11:08:39+00:00","author":{"@id":"https:\/\/andersadlercreutz.fi\/blog\/#\/schema\/person\/47d4b72eded862b484f74bb4b3a2354f"},"breadcrumb":{"@id":"https:\/\/andersadlercreutz.fi\/blog\/forsvar\/adlercreutz-pa-stafettkarnevalen-ett-budskap-om-hopp-stod-och-solidaritet-fran-finland-till-ukraina\/#breadcrumb"},"inLanguage":"sv-SE","potentialAction":[{"@type":"ReadAction","target":["https:\/\/andersadlercreutz.fi\/blog\/forsvar\/adlercreutz-pa-stafettkarnevalen-ett-budskap-om-hopp-stod-och-solidaritet-fran-finland-till-ukraina\/"]}]},{"@type":"BreadcrumbList","@id":"https:\/\/andersadlercreutz.fi\/blog\/forsvar\/adlercreutz-pa-stafettkarnevalen-ett-budskap-om-hopp-stod-och-solidaritet-fran-finland-till-ukraina\/#breadcrumb","itemListElement":[{"@type":"ListItem","position":1,"name":"Home","item":"https:\/\/andersadlercreutz.fi\/blog\/blogg\/?lang=sv"},{"@type":"ListItem","position":2,"name":"Adlercreutz p\u00e5 Stafettkarnevalen: ett budskap om hopp, st\u00f6d och solidaritet fr\u00e5n Finland till Ukraina"}]},{"@type":"WebSite","@id":"https:\/\/andersadlercreutz.fi\/blog\/#website","url":"https:\/\/andersadlercreutz.fi\/blog\/","name":"Anders Adlercreutz","description":"Du. Jag. Vi. Kest&auml;v&auml;sti optimisti","potentialAction":[{"@type":"SearchAction","target":{"@type":"EntryPoint","urlTemplate":"https:\/\/andersadlercreutz.fi\/blog\/?s={search_term_string}"},"query-input":"required name=search_term_string"}],"inLanguage":"sv-SE"},{"@type":"Person","@id":"https:\/\/andersadlercreutz.fi\/blog\/#\/schema\/person\/47d4b72eded862b484f74bb4b3a2354f","name":"Anders","image":{"@type":"ImageObject","inLanguage":"sv-SE","@id":"https:\/\/andersadlercreutz.fi\/blog\/#\/schema\/person\/image\/","url":"https:\/\/secure.gravatar.com\/avatar\/a144c9bda7a581ff6fabba169027e620?s=96&d=mm&r=g","contentUrl":"https:\/\/secure.gravatar.com\/avatar\/a144c9bda7a581ff6fabba169027e620?s=96&d=mm&r=g","caption":"Anders"},"url":"https:\/\/andersadlercreutz.fi\/blog\/author\/admin\/"}]}},"jetpack_featured_media_url":"https:\/\/i0.wp.com\/andersadlercreutz.fi\/blog\/wp-content\/uploads\/2024\/05\/Anders-pa-Stafettkarnevalen-klippt-for-blogg.jpg?fit=946%2C476&ssl=1","jetpack_shortlink":"https:\/\/wp.me\/p4T6Dh-2ue","jetpack_sharing_enabled":true,"_links":{"self":[{"href":"https:\/\/andersadlercreutz.fi\/blog\/wp-json\/wp\/v2\/posts\/9562"}],"collection":[{"href":"https:\/\/andersadlercreutz.fi\/blog\/wp-json\/wp\/v2\/posts"}],"about":[{"href":"https:\/\/andersadlercreutz.fi\/blog\/wp-json\/wp\/v2\/types\/post"}],"author":[{"embeddable":true,"href":"https:\/\/andersadlercreutz.fi\/blog\/wp-json\/wp\/v2\/users\/1"}],"replies":[{"embeddable":true,"href":"https:\/\/andersadlercreutz.fi\/blog\/wp-json\/wp\/v2\/comments?post=9562"}],"version-history":[{"count":2,"href":"https:\/\/andersadlercreutz.fi\/blog\/wp-json\/wp\/v2\/posts\/9562\/revisions"}],"predecessor-version":[{"id":9567,"href":"https:\/\/andersadlercreutz.fi\/blog\/wp-json\/wp\/v2\/posts\/9562\/revisions\/9567"}],"wp:featuredmedia":[{"embeddable":true,"href":"https:\/\/andersadlercreutz.fi\/blog\/wp-json\/wp\/v2\/media\/9563"}],"wp:attachment":[{"href":"https:\/\/andersadlercreutz.fi\/blog\/wp-json\/wp\/v2\/media?parent=9562"}],"wp:term":[{"taxonomy":"category","embeddable":true,"href":"https:\/\/andersadlercreutz.fi\/blog\/wp-json\/wp\/v2\/categories?post=9562"},{"taxonomy":"post_tag","embeddable":true,"href":"https:\/\/andersadlercreutz.fi\/blog\/wp-json\/wp\/v2\/tags?post=9562"}],"curies":[{"name":"wp","href":"https:\/\/api.w.org\/{rel}","templated":true}]}}