{"id":9578,"date":"2024-05-21T21:38:18","date_gmt":"2024-05-21T18:38:18","guid":{"rendered":"https:\/\/andersadlercreutz.fi\/blog\/?p=9578"},"modified":"2024-05-21T21:38:18","modified_gmt":"2024-05-21T18:38:18","slug":"adlercreutz-hyvia-uutisia-rantaradalle","status":"publish","type":"post","link":"https:\/\/andersadlercreutz.fi\/blog\/lehdistotiedote\/adlercreutz-hyvia-uutisia-rantaradalle\/?lang=fi","title":{"rendered":"Adlercreutz: Hyvi\u00e4 uutisia rantaradalle"},"content":{"rendered":"<p>Eurooppa- ja omistajaohjausministeri Anders Adlercreutz on tyytyv\u00e4inen hallituksen lis\u00e4talousarvion p\u00e4\u00e4t\u00f6kseen panostaa 30 miljoonaa euroa rantaradan rataosuuteen Kauklahden ja Karjaan v\u00e4lill\u00e4. Panostus on osa hallituksen investointiohjelmaa.<\/p>\n<p>Ruotsalainen kansanpuolue on tehnyt m\u00e4\u00e4r\u00e4tietoisesti t\u00f6it\u00e4 rantaradan kehitt\u00e4misen edist\u00e4miseksi. Rantaradalla on suuri merkitys koko alueen elinkeinoel\u00e4m\u00e4lle ja asukkaille.<\/p>\n<p>\u2013\u00a0Vaikka emme ratkaise kaikkia haasteita yhdell\u00e4 kerralla, t\u00e4m\u00e4 p\u00e4\u00e4t\u00f6s on kuitenkin vahva signaali siit\u00e4, ett\u00e4 hallitus pit\u00e4\u00e4 rantaradan kehitt\u00e4mist\u00e4 t\u00e4rke\u00e4n\u00e4. T\u00e4lle on jo pitk\u00e4\u00e4n ollut tarvetta ja olen iloinen siit\u00e4, ett\u00e4 t\u00e4m\u00e4n panostuksen turvin kehitysty\u00f6 rantaradan parantamiseksi jatkuu, Anders Adlercreutz sanoo.<\/p>\n<p>\u2013\u00a0Rantaradalla on paljon potentiaalia, mutta se edellytt\u00e4\u00e4, ett\u00e4 kehitysty\u00f6t\u00e4 jatketaan. Tulevat investoinnit ovat v\u00e4ltt\u00e4m\u00e4tt\u00f6mi\u00e4, jotta voimme jatkaa aktiivisen junaliikenteen edist\u00e4mist\u00e4 p\u00e4\u00e4kaupunkiseudun ja L\u00e4nsi-Uudenmaan v\u00e4lill\u00e4.<\/p>\n<p><em>Hallitus p\u00e4\u00e4tti tiistaina 21. toukokuuta vuoden 2024 toisesta lis\u00e4talousarviosta.<\/em><\/p>\n","protected":false},"excerpt":{"rendered":"<p>Eurooppa- ja omistajaohjausministeri Anders Adlercreutz on tyytyv\u00e4inen hallituksen lis\u00e4talousarvion p\u00e4\u00e4t\u00f6kseen panostaa 30 miljoonaa euroa rantaradan rataosuuteen Kauklahden ja Karjaan v\u00e4lill\u00e4. Panostus on osa hallituksen investointiohjelmaa. Ruotsalainen kansanpuolue on tehnyt m\u00e4\u00e4r\u00e4tietoisesti t\u00f6it\u00e4 rantaradan kehitt\u00e4misen edist\u00e4miseksi. Rantaradalla on suuri merkitys koko alueen elinkeinoel\u00e4m\u00e4lle ja asukkaille. \u2013\u00a0Vaikka emme ratkaise kaikkia haasteita yhdell\u00e4 kerralla, t\u00e4m\u00e4 p\u00e4\u00e4t\u00f6s on kuitenkin vahva [&hellip;]<\/p>\n","protected":false},"author":1,"featured_media":9551,"comment_status":"open","ping_status":"open","sticky":false,"template":"","format":"standard","meta":{"jetpack_post_was_ever_published":false,"_jetpack_newsletter_access":"","jetpack_publicize_message":"","jetpack_is_tweetstorm":false,"jetpack_publicize_feature_enabled":true,"jetpack_social_post_already_shared":true,"jetpack_social_options":{"image_generator_settings":{"template":"highway","enabled":false}}},"categories":[71,163],"tags":[],"jetpack_publicize_connections":[],"yoast_head":"<!-- This site is optimized with the Yoast SEO plugin v20.12 - https:\/\/yoast.com\/wordpress\/plugins\/seo\/ -->\n<title>Adlercreutz: Hyvi\u00e4 uutisia rantaradalle - Anders Adlercreutz<\/title>\n<meta name=\"robots\" content=\"index, follow, max-snippet:-1, max-image-preview:large, max-video-preview:-1\" \/>\n<link rel=\"canonical\" href=\"https:\/\/andersadlercreutz.fi\/blog\/lehdistotiedote\/adlercreutz-hyvia-uutisia-rantaradalle\/\" \/>\n<meta property=\"og:locale\" content=\"sv_SE\" \/>\n<meta property=\"og:type\" content=\"article\" \/>\n<meta property=\"og:title\" content=\"Adlercreutz: Hyvi\u00e4 uutisia rantaradalle - Anders Adlercreutz\" \/>\n<meta property=\"og:description\" content=\"Eurooppa- ja omistajaohjausministeri Anders Adlercreutz on tyytyv\u00e4inen hallituksen lis\u00e4talousarvion p\u00e4\u00e4t\u00f6kseen panostaa 30 miljoonaa euroa rantaradan rataosuuteen Kauklahden ja Karjaan v\u00e4lill\u00e4. Panostus on osa hallituksen investointiohjelmaa. Ruotsalainen kansanpuolue on tehnyt m\u00e4\u00e4r\u00e4tietoisesti t\u00f6it\u00e4 rantaradan kehitt\u00e4misen edist\u00e4miseksi. Rantaradalla on suuri merkitys koko alueen elinkeinoel\u00e4m\u00e4lle ja asukkaille. \u2013\u00a0Vaikka emme ratkaise kaikkia haasteita yhdell\u00e4 kerralla, t\u00e4m\u00e4 p\u00e4\u00e4t\u00f6s on kuitenkin vahva [&hellip;]\" \/>\n<meta property=\"og:url\" content=\"https:\/\/andersadlercreutz.fi\/blog\/lehdistotiedote\/adlercreutz-hyvia-uutisia-rantaradalle\/?lang=fi\" \/>\n<meta property=\"og:site_name\" content=\"Anders Adlercreutz\" \/>\n<meta property=\"article:published_time\" content=\"2024-05-21T18:38:18+00:00\" \/>\n<meta property=\"og:image\" content=\"https:\/\/andersadlercreutz.fi\/blog\/wp-content\/uploads\/2024\/05\/Anders-Nammo1.jpg\" \/>\n\t<meta property=\"og:image:width\" content=\"1500\" \/>\n\t<meta property=\"og:image:height\" content=\"750\" \/>\n\t<meta property=\"og:image:type\" content=\"image\/jpeg\" \/>\n<meta name=\"author\" content=\"Anders\" \/>\n<meta name=\"twitter:card\" content=\"summary_large_image\" \/>\n<meta name=\"twitter:label1\" content=\"Skriven av\" \/>\n\t<meta name=\"twitter:data1\" content=\"Anders\" \/>\n\t<meta name=\"twitter:label2\" content=\"Ber\u00e4knad l\u00e4stid\" \/>\n\t<meta name=\"twitter:data2\" content=\"1 minut\" \/>\n<script type=\"application\/ld+json\" class=\"yoast-schema-graph\">{\"@context\":\"https:\/\/schema.org\",\"@graph\":[{\"@type\":\"WebPage\",\"@id\":\"https:\/\/andersadlercreutz.fi\/blog\/lehdistotiedote\/adlercreutz-hyvia-uutisia-rantaradalle\/?lang=fi\",\"url\":\"https:\/\/andersadlercreutz.fi\/blog\/lehdistotiedote\/adlercreutz-hyvia-uutisia-rantaradalle\/?lang=fi\",\"name\":\"Adlercreutz: Hyvi\u00e4 uutisia rantaradalle - Anders Adlercreutz\",\"isPartOf\":{\"@id\":\"https:\/\/andersadlercreutz.fi\/blog\/#website\"},\"datePublished\":\"2024-05-21T18:38:18+00:00\",\"dateModified\":\"2024-05-21T18:38:18+00:00\",\"author\":{\"@id\":\"https:\/\/andersadlercreutz.fi\/blog\/#\/schema\/person\/47d4b72eded862b484f74bb4b3a2354f\"},\"breadcrumb\":{\"@id\":\"https:\/\/andersadlercreutz.fi\/blog\/lehdistotiedote\/adlercreutz-hyvia-uutisia-rantaradalle\/?lang=fi#breadcrumb\"},\"inLanguage\":\"sv-SE\",\"potentialAction\":[{\"@type\":\"ReadAction\",\"target\":[\"https:\/\/andersadlercreutz.fi\/blog\/lehdistotiedote\/adlercreutz-hyvia-uutisia-rantaradalle\/?lang=fi\"]}]},{\"@type\":\"BreadcrumbList\",\"@id\":\"https:\/\/andersadlercreutz.fi\/blog\/lehdistotiedote\/adlercreutz-hyvia-uutisia-rantaradalle\/?lang=fi#breadcrumb\",\"itemListElement\":[{\"@type\":\"ListItem\",\"position\":1,\"name\":\"Home\",\"item\":\"https:\/\/andersadlercreutz.fi\/blog\/blogg\/?lang=sv\"},{\"@type\":\"ListItem\",\"position\":2,\"name\":\"Adlercreutz: Hyvi\u00e4 uutisia rantaradalle\"}]},{\"@type\":\"WebSite\",\"@id\":\"https:\/\/andersadlercreutz.fi\/blog\/#website\",\"url\":\"https:\/\/andersadlercreutz.fi\/blog\/\",\"name\":\"Anders Adlercreutz\",\"description\":\"Du. Jag. Vi. Kest&auml;v&auml;sti optimisti\",\"potentialAction\":[{\"@type\":\"SearchAction\",\"target\":{\"@type\":\"EntryPoint\",\"urlTemplate\":\"https:\/\/andersadlercreutz.fi\/blog\/?s={search_term_string}\"},\"query-input\":\"required name=search_term_string\"}],\"inLanguage\":\"sv-SE\"},{\"@type\":\"Person\",\"@id\":\"https:\/\/andersadlercreutz.fi\/blog\/#\/schema\/person\/47d4b72eded862b484f74bb4b3a2354f\",\"name\":\"Anders\",\"image\":{\"@type\":\"ImageObject\",\"inLanguage\":\"sv-SE\",\"@id\":\"https:\/\/andersadlercreutz.fi\/blog\/#\/schema\/person\/image\/\",\"url\":\"https:\/\/secure.gravatar.com\/avatar\/a144c9bda7a581ff6fabba169027e620?s=96&d=mm&r=g\",\"contentUrl\":\"https:\/\/secure.gravatar.com\/avatar\/a144c9bda7a581ff6fabba169027e620?s=96&d=mm&r=g\",\"caption\":\"Anders\"},\"url\":\"https:\/\/andersadlercreutz.fi\/blog\/author\/admin\/\"}]}<\/script>\n<!-- \/ Yoast SEO plugin. -->","yoast_head_json":{"title":"Adlercreutz: Hyvi\u00e4 uutisia rantaradalle - Anders Adlercreutz","robots":{"index":"index","follow":"follow","max-snippet":"max-snippet:-1","max-image-preview":"max-image-preview:large","max-video-preview":"max-video-preview:-1"},"canonical":"https:\/\/andersadlercreutz.fi\/blog\/lehdistotiedote\/adlercreutz-hyvia-uutisia-rantaradalle\/","og_locale":"sv_SE","og_type":"article","og_title":"Adlercreutz: Hyvi\u00e4 uutisia rantaradalle - Anders Adlercreutz","og_description":"Eurooppa- ja omistajaohjausministeri Anders Adlercreutz on tyytyv\u00e4inen hallituksen lis\u00e4talousarvion p\u00e4\u00e4t\u00f6kseen panostaa 30 miljoonaa euroa rantaradan rataosuuteen Kauklahden ja Karjaan v\u00e4lill\u00e4. Panostus on osa hallituksen investointiohjelmaa. Ruotsalainen kansanpuolue on tehnyt m\u00e4\u00e4r\u00e4tietoisesti t\u00f6it\u00e4 rantaradan kehitt\u00e4misen edist\u00e4miseksi. Rantaradalla on suuri merkitys koko alueen elinkeinoel\u00e4m\u00e4lle ja asukkaille. \u2013\u00a0Vaikka emme ratkaise kaikkia haasteita yhdell\u00e4 kerralla, t\u00e4m\u00e4 p\u00e4\u00e4t\u00f6s on kuitenkin vahva [&hellip;]","og_url":"https:\/\/andersadlercreutz.fi\/blog\/lehdistotiedote\/adlercreutz-hyvia-uutisia-rantaradalle\/?lang=fi","og_site_name":"Anders Adlercreutz","article_published_time":"2024-05-21T18:38:18+00:00","og_image":[{"width":1500,"height":750,"url":"https:\/\/andersadlercreutz.fi\/blog\/wp-content\/uploads\/2024\/05\/Anders-Nammo1.jpg","type":"image\/jpeg"}],"author":"Anders","twitter_card":"summary_large_image","twitter_misc":{"Skriven av":"Anders","Ber\u00e4knad l\u00e4stid":"1 minut"},"schema":{"@context":"https:\/\/schema.org","@graph":[{"@type":"WebPage","@id":"https:\/\/andersadlercreutz.fi\/blog\/lehdistotiedote\/adlercreutz-hyvia-uutisia-rantaradalle\/?lang=fi","url":"https:\/\/andersadlercreutz.fi\/blog\/lehdistotiedote\/adlercreutz-hyvia-uutisia-rantaradalle\/?lang=fi","name":"Adlercreutz: Hyvi\u00e4 uutisia rantaradalle - Anders Adlercreutz","isPartOf":{"@id":"https:\/\/andersadlercreutz.fi\/blog\/#website"},"datePublished":"2024-05-21T18:38:18+00:00","dateModified":"2024-05-21T18:38:18+00:00","author":{"@id":"https:\/\/andersadlercreutz.fi\/blog\/#\/schema\/person\/47d4b72eded862b484f74bb4b3a2354f"},"breadcrumb":{"@id":"https:\/\/andersadlercreutz.fi\/blog\/lehdistotiedote\/adlercreutz-hyvia-uutisia-rantaradalle\/?lang=fi#breadcrumb"},"inLanguage":"sv-SE","potentialAction":[{"@type":"ReadAction","target":["https:\/\/andersadlercreutz.fi\/blog\/lehdistotiedote\/adlercreutz-hyvia-uutisia-rantaradalle\/?lang=fi"]}]},{"@type":"BreadcrumbList","@id":"https:\/\/andersadlercreutz.fi\/blog\/lehdistotiedote\/adlercreutz-hyvia-uutisia-rantaradalle\/?lang=fi#breadcrumb","itemListElement":[{"@type":"ListItem","position":1,"name":"Home","item":"https:\/\/andersadlercreutz.fi\/blog\/blogg\/?lang=sv"},{"@type":"ListItem","position":2,"name":"Adlercreutz: Hyvi\u00e4 uutisia rantaradalle"}]},{"@type":"WebSite","@id":"https:\/\/andersadlercreutz.fi\/blog\/#website","url":"https:\/\/andersadlercreutz.fi\/blog\/","name":"Anders Adlercreutz","description":"Du. Jag. Vi. Kest&auml;v&auml;sti optimisti","potentialAction":[{"@type":"SearchAction","target":{"@type":"EntryPoint","urlTemplate":"https:\/\/andersadlercreutz.fi\/blog\/?s={search_term_string}"},"query-input":"required name=search_term_string"}],"inLanguage":"sv-SE"},{"@type":"Person","@id":"https:\/\/andersadlercreutz.fi\/blog\/#\/schema\/person\/47d4b72eded862b484f74bb4b3a2354f","name":"Anders","image":{"@type":"ImageObject","inLanguage":"sv-SE","@id":"https:\/\/andersadlercreutz.fi\/blog\/#\/schema\/person\/image\/","url":"https:\/\/secure.gravatar.com\/avatar\/a144c9bda7a581ff6fabba169027e620?s=96&d=mm&r=g","contentUrl":"https:\/\/secure.gravatar.com\/avatar\/a144c9bda7a581ff6fabba169027e620?s=96&d=mm&r=g","caption":"Anders"},"url":"https:\/\/andersadlercreutz.fi\/blog\/author\/admin\/"}]}},"jetpack_featured_media_url":"https:\/\/i0.wp.com\/andersadlercreutz.fi\/blog\/wp-content\/uploads\/2024\/05\/Anders-Nammo1.jpg?fit=1500%2C750&ssl=1","jetpack_shortlink":"https:\/\/wp.me\/p4T6Dh-2uu","jetpack_sharing_enabled":true,"_links":{"self":[{"href":"https:\/\/andersadlercreutz.fi\/blog\/wp-json\/wp\/v2\/posts\/9578"}],"collection":[{"href":"https:\/\/andersadlercreutz.fi\/blog\/wp-json\/wp\/v2\/posts"}],"about":[{"href":"https:\/\/andersadlercreutz.fi\/blog\/wp-json\/wp\/v2\/types\/post"}],"author":[{"embeddable":true,"href":"https:\/\/andersadlercreutz.fi\/blog\/wp-json\/wp\/v2\/users\/1"}],"replies":[{"embeddable":true,"href":"https:\/\/andersadlercreutz.fi\/blog\/wp-json\/wp\/v2\/comments?post=9578"}],"version-history":[{"count":2,"href":"https:\/\/andersadlercreutz.fi\/blog\/wp-json\/wp\/v2\/posts\/9578\/revisions"}],"predecessor-version":[{"id":9580,"href":"https:\/\/andersadlercreutz.fi\/blog\/wp-json\/wp\/v2\/posts\/9578\/revisions\/9580"}],"wp:featuredmedia":[{"embeddable":true,"href":"https:\/\/andersadlercreutz.fi\/blog\/wp-json\/wp\/v2\/media\/9551"}],"wp:attachment":[{"href":"https:\/\/andersadlercreutz.fi\/blog\/wp-json\/wp\/v2\/media?parent=9578"}],"wp:term":[{"taxonomy":"category","embeddable":true,"href":"https:\/\/andersadlercreutz.fi\/blog\/wp-json\/wp\/v2\/categories?post=9578"},{"taxonomy":"post_tag","embeddable":true,"href":"https:\/\/andersadlercreutz.fi\/blog\/wp-json\/wp\/v2\/tags?post=9578"}],"curies":[{"name":"wp","href":"https:\/\/api.w.org\/{rel}","templated":true}]}}