{"id":9594,"date":"2024-05-23T19:41:57","date_gmt":"2024-05-23T16:41:57","guid":{"rendered":"https:\/\/andersadlercreutz.fi\/blog\/?p=9594"},"modified":"2024-05-23T19:41:57","modified_gmt":"2024-05-23T16:41:57","slug":"adlercreutz-uusi-omistajapoliittinen-periaatepaatos-painottaa-kestavaa-kasvua-ja-vastuullista-omistajuutta","status":"publish","type":"post","link":"https:\/\/andersadlercreutz.fi\/blog\/lehdistotiedote\/adlercreutz-uusi-omistajapoliittinen-periaatepaatos-painottaa-kestavaa-kasvua-ja-vastuullista-omistajuutta\/?lang=fi","title":{"rendered":"Adlercreutz: Uusi omistajapoliittinen periaatep\u00e4\u00e4t\u00f6s painottaa kest\u00e4v\u00e4\u00e4 kasvua ja vastuullista omistajuutta"},"content":{"rendered":"<p>Eurooppa- ja omistajaohjausministeri Anders Adlercreutz on t\u00e4n\u00e4\u00e4n 23. toukokuuta 2024 esitellyt hallituksen uuden omistajapoliittisen periaatep\u00e4\u00e4t\u00f6ksen. Periaatep\u00e4\u00e4t\u00f6s on valtio-omisteisten yhti\u00f6iden omistajaohjauksen keskeisin dokumentti.<\/p>\n<p>\u2013 Valtion tulee hallinnoida yhti\u00f6omistuksiaan vastuullisesti ja tarkoituksenmukaisesti. Valtio omistaa kokonaan tai osittain 73 yhti\u00f6t\u00e4, joiden arvo viime vuoden lopussa oli yhteens\u00e4 noin 37 miljardia euroa. Omistajapolitiikan pitk\u00e4j\u00e4nteisyys on siksi keskeist\u00e4, Adlercreutz sanoo.<\/p>\n<p>Joka hallituskaudella valmistellaan uusi omistajapoliittinen periaatep\u00e4\u00e4t\u00f6s. Periaatep\u00e4\u00e4t\u00f6ksess\u00e4 on nyt uutena teemana otettu mukaan riskienhallinta ja turvallisuus, mik\u00e4 heijastaa yhti\u00f6iden muuttunutta toimintaymp\u00e4rist\u00f6\u00e4. Hallitusohjelman mukaisesti my\u00f6s kilpailuneutraliteettia painotetaan.<\/p>\n<p>\u2013 Kun valtion kokonaan tai osittain omistamat yhti\u00f6t toimivat kilpailluilla markkinoilla, on erityisen t\u00e4rke\u00e4\u00e4, ett\u00e4 valtiolla ei katsota olevan kilpailuetua. T\u00e4m\u00e4 varmistetaan selke\u00e4ll\u00e4 ja johdonmukaisella omistajaohjauksella.<\/p>\n<p>My\u00f6s yhti\u00f6iden vastuullisuustoimia korostetaan aiempaa enemm\u00e4n.<\/p>\n<p>\u2013 Valtionyhti\u00f6iden edellytet\u00e4\u00e4n olevan edell\u00e4k\u00e4vij\u00f6it\u00e4 yritysvastuussa. T\u00e4m\u00e4 n\u00e4kyy nyt periaatep\u00e4\u00e4t\u00f6ksess\u00e4, jossa painotetaan yhti\u00f6iden ilmasto- ja luontoty\u00f6t\u00e4 sek\u00e4 korostetaan yhti\u00f6iden vastuuta arvoketjunsa ymp\u00e4rist\u00f6- ja ihmisoikeusvaikutuksista. Edellyt\u00e4mme, ett\u00e4 vastuullisuus on osa valtio-omisteisten yhti\u00f6iden strategiaa, liiketoimintamallia ja johdon palkitsemista. On t\u00e4rke\u00e4\u00e4, ett\u00e4 valtio n\u00e4ytt\u00e4\u00e4 tiet\u00e4 my\u00f6s vastuullisuudessa.<\/p>\n<p>\u2013 Jatkossa omistajaohjausosasto tulee laatimaan vastuullisuusohjelman s\u00e4\u00e4nn\u00f6llisin v\u00e4liajoin, jotta valtio pystyy seuraamaan vastuullisuusty\u00f6ns\u00e4 vaikutuksia. T\u00e4st\u00e4 olen iloinen.<\/p>\n<p><em>Valtioneuvoston omistajapoliittinen periaatep\u00e4\u00e4t\u00f6s l\u00f6ytyy valtioneuvoston <a href=\"https:\/\/julkaisut.valtioneuvosto.fi\/handle\/10024\/165658\"><u>kotisivuilta.<\/u> <\/a><\/em><\/p>\n<p style=\"margin: 0cm;\">Lis\u00e4tietoja: erityisavustaja Crista Gr\u00f6nroos, 0504414257<\/p>\n","protected":false},"excerpt":{"rendered":"<p>Eurooppa- ja omistajaohjausministeri Anders Adlercreutz on t\u00e4n\u00e4\u00e4n 23. toukokuuta 2024 esitellyt hallituksen uuden omistajapoliittisen periaatep\u00e4\u00e4t\u00f6ksen. Periaatep\u00e4\u00e4t\u00f6s on valtio-omisteisten yhti\u00f6iden omistajaohjauksen keskeisin dokumentti. \u2013 Valtion tulee hallinnoida yhti\u00f6omistuksiaan vastuullisesti ja tarkoituksenmukaisesti. Valtio omistaa kokonaan tai osittain 73 yhti\u00f6t\u00e4, joiden arvo viime vuoden lopussa oli yhteens\u00e4 noin 37 miljardia euroa. Omistajapolitiikan pitk\u00e4j\u00e4nteisyys on siksi keskeist\u00e4, Adlercreutz sanoo. [&hellip;]<\/p>\n","protected":false},"author":1,"featured_media":9592,"comment_status":"open","ping_status":"open","sticky":false,"template":"","format":"standard","meta":{"jetpack_post_was_ever_published":false,"_jetpack_newsletter_access":"","jetpack_publicize_message":"","jetpack_is_tweetstorm":false,"jetpack_publicize_feature_enabled":true,"jetpack_social_post_already_shared":true,"jetpack_social_options":{"image_generator_settings":{"template":"highway","enabled":false}}},"categories":[71,163],"tags":[],"jetpack_publicize_connections":[],"yoast_head":"<!-- This site is optimized with the Yoast SEO plugin v20.12 - https:\/\/yoast.com\/wordpress\/plugins\/seo\/ -->\n<title>Adlercreutz: Uusi omistajapoliittinen periaatep\u00e4\u00e4t\u00f6s painottaa kest\u00e4v\u00e4\u00e4 kasvua ja vastuullista omistajuutta - Anders Adlercreutz<\/title>\n<meta name=\"robots\" content=\"index, follow, max-snippet:-1, max-image-preview:large, max-video-preview:-1\" \/>\n<link rel=\"canonical\" href=\"https:\/\/andersadlercreutz.fi\/blog\/lehdistotiedote\/adlercreutz-uusi-omistajapoliittinen-periaatepaatos-painottaa-kestavaa-kasvua-ja-vastuullista-omistajuutta\/\" \/>\n<meta property=\"og:locale\" content=\"sv_SE\" \/>\n<meta property=\"og:type\" content=\"article\" \/>\n<meta property=\"og:title\" content=\"Adlercreutz: Uusi omistajapoliittinen periaatep\u00e4\u00e4t\u00f6s painottaa kest\u00e4v\u00e4\u00e4 kasvua ja vastuullista omistajuutta - Anders Adlercreutz\" \/>\n<meta property=\"og:description\" content=\"Eurooppa- ja omistajaohjausministeri Anders Adlercreutz on t\u00e4n\u00e4\u00e4n 23. toukokuuta 2024 esitellyt hallituksen uuden omistajapoliittisen periaatep\u00e4\u00e4t\u00f6ksen. Periaatep\u00e4\u00e4t\u00f6s on valtio-omisteisten yhti\u00f6iden omistajaohjauksen keskeisin dokumentti. \u2013 Valtion tulee hallinnoida yhti\u00f6omistuksiaan vastuullisesti ja tarkoituksenmukaisesti. Valtio omistaa kokonaan tai osittain 73 yhti\u00f6t\u00e4, joiden arvo viime vuoden lopussa oli yhteens\u00e4 noin 37 miljardia euroa. Omistajapolitiikan pitk\u00e4j\u00e4nteisyys on siksi keskeist\u00e4, Adlercreutz sanoo. [&hellip;]\" \/>\n<meta property=\"og:url\" content=\"https:\/\/andersadlercreutz.fi\/blog\/lehdistotiedote\/adlercreutz-uusi-omistajapoliittinen-periaatepaatos-painottaa-kestavaa-kasvua-ja-vastuullista-omistajuutta\/?lang=fi\" \/>\n<meta property=\"og:site_name\" content=\"Anders Adlercreutz\" \/>\n<meta property=\"article:published_time\" content=\"2024-05-23T16:41:57+00:00\" \/>\n<meta property=\"og:image\" content=\"https:\/\/andersadlercreutz.fi\/blog\/wp-content\/uploads\/2024\/05\/O45A85921-scaled.jpg\" \/>\n\t<meta property=\"og:image:width\" content=\"2560\" \/>\n\t<meta property=\"og:image:height\" content=\"1455\" \/>\n\t<meta property=\"og:image:type\" content=\"image\/jpeg\" \/>\n<meta name=\"author\" content=\"Anders\" \/>\n<meta name=\"twitter:card\" content=\"summary_large_image\" \/>\n<meta name=\"twitter:label1\" content=\"Skriven av\" \/>\n\t<meta name=\"twitter:data1\" content=\"Anders\" \/>\n\t<meta name=\"twitter:label2\" content=\"Ber\u00e4knad l\u00e4stid\" \/>\n\t<meta name=\"twitter:data2\" content=\"1 minut\" \/>\n<script type=\"application\/ld+json\" class=\"yoast-schema-graph\">{\"@context\":\"https:\/\/schema.org\",\"@graph\":[{\"@type\":\"WebPage\",\"@id\":\"https:\/\/andersadlercreutz.fi\/blog\/lehdistotiedote\/adlercreutz-uusi-omistajapoliittinen-periaatepaatos-painottaa-kestavaa-kasvua-ja-vastuullista-omistajuutta\/?lang=fi\",\"url\":\"https:\/\/andersadlercreutz.fi\/blog\/lehdistotiedote\/adlercreutz-uusi-omistajapoliittinen-periaatepaatos-painottaa-kestavaa-kasvua-ja-vastuullista-omistajuutta\/?lang=fi\",\"name\":\"Adlercreutz: Uusi omistajapoliittinen periaatep\u00e4\u00e4t\u00f6s painottaa kest\u00e4v\u00e4\u00e4 kasvua ja vastuullista omistajuutta - Anders Adlercreutz\",\"isPartOf\":{\"@id\":\"https:\/\/andersadlercreutz.fi\/blog\/#website\"},\"datePublished\":\"2024-05-23T16:41:57+00:00\",\"dateModified\":\"2024-05-23T16:41:57+00:00\",\"author\":{\"@id\":\"https:\/\/andersadlercreutz.fi\/blog\/#\/schema\/person\/47d4b72eded862b484f74bb4b3a2354f\"},\"breadcrumb\":{\"@id\":\"https:\/\/andersadlercreutz.fi\/blog\/lehdistotiedote\/adlercreutz-uusi-omistajapoliittinen-periaatepaatos-painottaa-kestavaa-kasvua-ja-vastuullista-omistajuutta\/?lang=fi#breadcrumb\"},\"inLanguage\":\"sv-SE\",\"potentialAction\":[{\"@type\":\"ReadAction\",\"target\":[\"https:\/\/andersadlercreutz.fi\/blog\/lehdistotiedote\/adlercreutz-uusi-omistajapoliittinen-periaatepaatos-painottaa-kestavaa-kasvua-ja-vastuullista-omistajuutta\/?lang=fi\"]}]},{\"@type\":\"BreadcrumbList\",\"@id\":\"https:\/\/andersadlercreutz.fi\/blog\/lehdistotiedote\/adlercreutz-uusi-omistajapoliittinen-periaatepaatos-painottaa-kestavaa-kasvua-ja-vastuullista-omistajuutta\/?lang=fi#breadcrumb\",\"itemListElement\":[{\"@type\":\"ListItem\",\"position\":1,\"name\":\"Home\",\"item\":\"https:\/\/andersadlercreutz.fi\/blog\/blogg\/?lang=sv\"},{\"@type\":\"ListItem\",\"position\":2,\"name\":\"Adlercreutz: Uusi omistajapoliittinen periaatep\u00e4\u00e4t\u00f6s painottaa kest\u00e4v\u00e4\u00e4 kasvua ja vastuullista omistajuutta\"}]},{\"@type\":\"WebSite\",\"@id\":\"https:\/\/andersadlercreutz.fi\/blog\/#website\",\"url\":\"https:\/\/andersadlercreutz.fi\/blog\/\",\"name\":\"Anders Adlercreutz\",\"description\":\"Du. Jag. Vi. Kest&auml;v&auml;sti optimisti\",\"potentialAction\":[{\"@type\":\"SearchAction\",\"target\":{\"@type\":\"EntryPoint\",\"urlTemplate\":\"https:\/\/andersadlercreutz.fi\/blog\/?s={search_term_string}\"},\"query-input\":\"required name=search_term_string\"}],\"inLanguage\":\"sv-SE\"},{\"@type\":\"Person\",\"@id\":\"https:\/\/andersadlercreutz.fi\/blog\/#\/schema\/person\/47d4b72eded862b484f74bb4b3a2354f\",\"name\":\"Anders\",\"image\":{\"@type\":\"ImageObject\",\"inLanguage\":\"sv-SE\",\"@id\":\"https:\/\/andersadlercreutz.fi\/blog\/#\/schema\/person\/image\/\",\"url\":\"https:\/\/secure.gravatar.com\/avatar\/a144c9bda7a581ff6fabba169027e620?s=96&d=mm&r=g\",\"contentUrl\":\"https:\/\/secure.gravatar.com\/avatar\/a144c9bda7a581ff6fabba169027e620?s=96&d=mm&r=g\",\"caption\":\"Anders\"},\"url\":\"https:\/\/andersadlercreutz.fi\/blog\/author\/admin\/\"}]}<\/script>\n<!-- \/ Yoast SEO plugin. -->","yoast_head_json":{"title":"Adlercreutz: Uusi omistajapoliittinen periaatep\u00e4\u00e4t\u00f6s painottaa kest\u00e4v\u00e4\u00e4 kasvua ja vastuullista omistajuutta - Anders Adlercreutz","robots":{"index":"index","follow":"follow","max-snippet":"max-snippet:-1","max-image-preview":"max-image-preview:large","max-video-preview":"max-video-preview:-1"},"canonical":"https:\/\/andersadlercreutz.fi\/blog\/lehdistotiedote\/adlercreutz-uusi-omistajapoliittinen-periaatepaatos-painottaa-kestavaa-kasvua-ja-vastuullista-omistajuutta\/","og_locale":"sv_SE","og_type":"article","og_title":"Adlercreutz: Uusi omistajapoliittinen periaatep\u00e4\u00e4t\u00f6s painottaa kest\u00e4v\u00e4\u00e4 kasvua ja vastuullista omistajuutta - Anders Adlercreutz","og_description":"Eurooppa- ja omistajaohjausministeri Anders Adlercreutz on t\u00e4n\u00e4\u00e4n 23. toukokuuta 2024 esitellyt hallituksen uuden omistajapoliittisen periaatep\u00e4\u00e4t\u00f6ksen. Periaatep\u00e4\u00e4t\u00f6s on valtio-omisteisten yhti\u00f6iden omistajaohjauksen keskeisin dokumentti. \u2013 Valtion tulee hallinnoida yhti\u00f6omistuksiaan vastuullisesti ja tarkoituksenmukaisesti. Valtio omistaa kokonaan tai osittain 73 yhti\u00f6t\u00e4, joiden arvo viime vuoden lopussa oli yhteens\u00e4 noin 37 miljardia euroa. Omistajapolitiikan pitk\u00e4j\u00e4nteisyys on siksi keskeist\u00e4, Adlercreutz sanoo. [&hellip;]","og_url":"https:\/\/andersadlercreutz.fi\/blog\/lehdistotiedote\/adlercreutz-uusi-omistajapoliittinen-periaatepaatos-painottaa-kestavaa-kasvua-ja-vastuullista-omistajuutta\/?lang=fi","og_site_name":"Anders Adlercreutz","article_published_time":"2024-05-23T16:41:57+00:00","og_image":[{"width":2560,"height":1455,"url":"https:\/\/andersadlercreutz.fi\/blog\/wp-content\/uploads\/2024\/05\/O45A85921-scaled.jpg","type":"image\/jpeg"}],"author":"Anders","twitter_card":"summary_large_image","twitter_misc":{"Skriven av":"Anders","Ber\u00e4knad l\u00e4stid":"1 minut"},"schema":{"@context":"https:\/\/schema.org","@graph":[{"@type":"WebPage","@id":"https:\/\/andersadlercreutz.fi\/blog\/lehdistotiedote\/adlercreutz-uusi-omistajapoliittinen-periaatepaatos-painottaa-kestavaa-kasvua-ja-vastuullista-omistajuutta\/?lang=fi","url":"https:\/\/andersadlercreutz.fi\/blog\/lehdistotiedote\/adlercreutz-uusi-omistajapoliittinen-periaatepaatos-painottaa-kestavaa-kasvua-ja-vastuullista-omistajuutta\/?lang=fi","name":"Adlercreutz: Uusi omistajapoliittinen periaatep\u00e4\u00e4t\u00f6s painottaa kest\u00e4v\u00e4\u00e4 kasvua ja vastuullista omistajuutta - Anders Adlercreutz","isPartOf":{"@id":"https:\/\/andersadlercreutz.fi\/blog\/#website"},"datePublished":"2024-05-23T16:41:57+00:00","dateModified":"2024-05-23T16:41:57+00:00","author":{"@id":"https:\/\/andersadlercreutz.fi\/blog\/#\/schema\/person\/47d4b72eded862b484f74bb4b3a2354f"},"breadcrumb":{"@id":"https:\/\/andersadlercreutz.fi\/blog\/lehdistotiedote\/adlercreutz-uusi-omistajapoliittinen-periaatepaatos-painottaa-kestavaa-kasvua-ja-vastuullista-omistajuutta\/?lang=fi#breadcrumb"},"inLanguage":"sv-SE","potentialAction":[{"@type":"ReadAction","target":["https:\/\/andersadlercreutz.fi\/blog\/lehdistotiedote\/adlercreutz-uusi-omistajapoliittinen-periaatepaatos-painottaa-kestavaa-kasvua-ja-vastuullista-omistajuutta\/?lang=fi"]}]},{"@type":"BreadcrumbList","@id":"https:\/\/andersadlercreutz.fi\/blog\/lehdistotiedote\/adlercreutz-uusi-omistajapoliittinen-periaatepaatos-painottaa-kestavaa-kasvua-ja-vastuullista-omistajuutta\/?lang=fi#breadcrumb","itemListElement":[{"@type":"ListItem","position":1,"name":"Home","item":"https:\/\/andersadlercreutz.fi\/blog\/blogg\/?lang=sv"},{"@type":"ListItem","position":2,"name":"Adlercreutz: Uusi omistajapoliittinen periaatep\u00e4\u00e4t\u00f6s painottaa kest\u00e4v\u00e4\u00e4 kasvua ja vastuullista omistajuutta"}]},{"@type":"WebSite","@id":"https:\/\/andersadlercreutz.fi\/blog\/#website","url":"https:\/\/andersadlercreutz.fi\/blog\/","name":"Anders Adlercreutz","description":"Du. Jag. Vi. Kest&auml;v&auml;sti optimisti","potentialAction":[{"@type":"SearchAction","target":{"@type":"EntryPoint","urlTemplate":"https:\/\/andersadlercreutz.fi\/blog\/?s={search_term_string}"},"query-input":"required name=search_term_string"}],"inLanguage":"sv-SE"},{"@type":"Person","@id":"https:\/\/andersadlercreutz.fi\/blog\/#\/schema\/person\/47d4b72eded862b484f74bb4b3a2354f","name":"Anders","image":{"@type":"ImageObject","inLanguage":"sv-SE","@id":"https:\/\/andersadlercreutz.fi\/blog\/#\/schema\/person\/image\/","url":"https:\/\/secure.gravatar.com\/avatar\/a144c9bda7a581ff6fabba169027e620?s=96&d=mm&r=g","contentUrl":"https:\/\/secure.gravatar.com\/avatar\/a144c9bda7a581ff6fabba169027e620?s=96&d=mm&r=g","caption":"Anders"},"url":"https:\/\/andersadlercreutz.fi\/blog\/author\/admin\/"}]}},"jetpack_featured_media_url":"https:\/\/i0.wp.com\/andersadlercreutz.fi\/blog\/wp-content\/uploads\/2024\/05\/O45A85921-scaled.jpg?fit=2560%2C1455&ssl=1","jetpack_shortlink":"https:\/\/wp.me\/p4T6Dh-2uK","jetpack_sharing_enabled":true,"_links":{"self":[{"href":"https:\/\/andersadlercreutz.fi\/blog\/wp-json\/wp\/v2\/posts\/9594"}],"collection":[{"href":"https:\/\/andersadlercreutz.fi\/blog\/wp-json\/wp\/v2\/posts"}],"about":[{"href":"https:\/\/andersadlercreutz.fi\/blog\/wp-json\/wp\/v2\/types\/post"}],"author":[{"embeddable":true,"href":"https:\/\/andersadlercreutz.fi\/blog\/wp-json\/wp\/v2\/users\/1"}],"replies":[{"embeddable":true,"href":"https:\/\/andersadlercreutz.fi\/blog\/wp-json\/wp\/v2\/comments?post=9594"}],"version-history":[{"count":2,"href":"https:\/\/andersadlercreutz.fi\/blog\/wp-json\/wp\/v2\/posts\/9594\/revisions"}],"predecessor-version":[{"id":9596,"href":"https:\/\/andersadlercreutz.fi\/blog\/wp-json\/wp\/v2\/posts\/9594\/revisions\/9596"}],"wp:featuredmedia":[{"embeddable":true,"href":"https:\/\/andersadlercreutz.fi\/blog\/wp-json\/wp\/v2\/media\/9592"}],"wp:attachment":[{"href":"https:\/\/andersadlercreutz.fi\/blog\/wp-json\/wp\/v2\/media?parent=9594"}],"wp:term":[{"taxonomy":"category","embeddable":true,"href":"https:\/\/andersadlercreutz.fi\/blog\/wp-json\/wp\/v2\/categories?post=9594"},{"taxonomy":"post_tag","embeddable":true,"href":"https:\/\/andersadlercreutz.fi\/blog\/wp-json\/wp\/v2\/tags?post=9594"}],"curies":[{"name":"wp","href":"https:\/\/api.w.org\/{rel}","templated":true}]}}