{"id":9611,"date":"2024-05-31T12:22:13","date_gmt":"2024-05-31T09:22:13","guid":{"rendered":"https:\/\/andersadlercreutz.fi\/blog\/?p=9611"},"modified":"2024-05-31T12:22:13","modified_gmt":"2024-05-31T09:22:13","slug":"minister-adlercreutz-reser-till-madrid","status":"publish","type":"post","link":"https:\/\/andersadlercreutz.fi\/blog\/lehdistotiedote-sv\/minister-adlercreutz-reser-till-madrid\/","title":{"rendered":"Minister Adlercreutz reser till Madrid"},"content":{"rendered":"<p class=\"ingress\">Europa- och \u00e4garstyrningsminister Anders Adlercreutz bes\u00f6ker Madrid den 30 maj\u20132 juni f\u00f6r att delta i Bilderberggruppens m\u00f6te.<\/p>\n<p>Bilderberggruppen har h\u00e5llit m\u00f6ten s\u00e5 gott som \u00e5rligen sedan 1954. Bilderberggruppens m\u00f6ten g\u00e5r ut p\u00e5 informella och f\u00f6rtroliga samtal mellan ledande politiker, journalister, forskare, experter och f\u00f6retr\u00e4dare f\u00f6r n\u00e4ringslivet fr\u00e5n Europa och Nordamerika.<\/p>\n<p><strong>Ytterligare information:\u00a0<\/strong>Andreas Elfving, specialmedarbetare, tfn 050 310 0274, statsr\u00e5dets kansli<\/p>\n<p><a href=\"https:\/\/bilderbergmeetings.org\/\">Bilderberg Meetings<\/a><\/p>\n","protected":false},"excerpt":{"rendered":"<p>Europa- och \u00e4garstyrningsminister Anders Adlercreutz bes\u00f6ker Madrid den 30 maj\u20132 juni f\u00f6r att delta i Bilderberggruppens m\u00f6te. Bilderberggruppen har h\u00e5llit m\u00f6ten s\u00e5 gott som \u00e5rligen sedan 1954. Bilderberggruppens m\u00f6ten g\u00e5r ut p\u00e5 informella och f\u00f6rtroliga samtal mellan ledande politiker, journalister, forskare, experter och f\u00f6retr\u00e4dare f\u00f6r n\u00e4ringslivet fr\u00e5n Europa och Nordamerika. Ytterligare information:\u00a0Andreas Elfving, specialmedarbetare, tfn [&hellip;]<\/p>\n","protected":false},"author":1,"featured_media":9608,"comment_status":"open","ping_status":"open","sticky":false,"template":"","format":"standard","meta":{"jetpack_post_was_ever_published":false,"_jetpack_newsletter_access":"","jetpack_publicize_message":"","jetpack_is_tweetstorm":false,"jetpack_publicize_feature_enabled":true,"jetpack_social_post_already_shared":true,"jetpack_social_options":{"image_generator_settings":{"template":"highway","enabled":false}}},"categories":[86,72],"tags":[],"jetpack_publicize_connections":[],"yoast_head":"<!-- This site is optimized with the Yoast SEO plugin v20.12 - https:\/\/yoast.com\/wordpress\/plugins\/seo\/ -->\n<title>Minister Adlercreutz reser till Madrid - Anders Adlercreutz<\/title>\n<meta name=\"robots\" content=\"index, follow, max-snippet:-1, max-image-preview:large, max-video-preview:-1\" \/>\n<link rel=\"canonical\" href=\"https:\/\/andersadlercreutz.fi\/blog\/lehdistotiedote-sv\/minister-adlercreutz-reser-till-madrid\/\" \/>\n<meta property=\"og:locale\" content=\"sv_SE\" \/>\n<meta property=\"og:type\" content=\"article\" \/>\n<meta property=\"og:title\" content=\"Minister Adlercreutz reser till Madrid - Anders Adlercreutz\" \/>\n<meta property=\"og:description\" content=\"Europa- och \u00e4garstyrningsminister Anders Adlercreutz bes\u00f6ker Madrid den 30 maj\u20132 juni f\u00f6r att delta i Bilderberggruppens m\u00f6te. Bilderberggruppen har h\u00e5llit m\u00f6ten s\u00e5 gott som \u00e5rligen sedan 1954. Bilderberggruppens m\u00f6ten g\u00e5r ut p\u00e5 informella och f\u00f6rtroliga samtal mellan ledande politiker, journalister, forskare, experter och f\u00f6retr\u00e4dare f\u00f6r n\u00e4ringslivet fr\u00e5n Europa och Nordamerika. Ytterligare information:\u00a0Andreas Elfving, specialmedarbetare, tfn [&hellip;]\" \/>\n<meta property=\"og:url\" content=\"https:\/\/andersadlercreutz.fi\/blog\/lehdistotiedote-sv\/minister-adlercreutz-reser-till-madrid\/\" \/>\n<meta property=\"og:site_name\" content=\"Anders Adlercreutz\" \/>\n<meta property=\"article:published_time\" content=\"2024-05-31T09:22:13+00:00\" \/>\n<meta property=\"og:image\" content=\"https:\/\/andersadlercreutz.fi\/blog\/wp-content\/uploads\/2024\/05\/Anders-Madrid.jpg\" \/>\n\t<meta property=\"og:image:width\" content=\"1200\" \/>\n\t<meta property=\"og:image:height\" content=\"505\" \/>\n\t<meta property=\"og:image:type\" content=\"image\/jpeg\" \/>\n<meta name=\"author\" content=\"Anders\" \/>\n<meta name=\"twitter:card\" content=\"summary_large_image\" \/>\n<meta name=\"twitter:label1\" content=\"Skriven av\" \/>\n\t<meta name=\"twitter:data1\" content=\"Anders\" \/>\n\t<meta name=\"twitter:label2\" content=\"Ber\u00e4knad l\u00e4stid\" \/>\n\t<meta name=\"twitter:data2\" content=\"1 minut\" \/>\n<script type=\"application\/ld+json\" class=\"yoast-schema-graph\">{\"@context\":\"https:\/\/schema.org\",\"@graph\":[{\"@type\":\"WebPage\",\"@id\":\"https:\/\/andersadlercreutz.fi\/blog\/lehdistotiedote-sv\/minister-adlercreutz-reser-till-madrid\/\",\"url\":\"https:\/\/andersadlercreutz.fi\/blog\/lehdistotiedote-sv\/minister-adlercreutz-reser-till-madrid\/\",\"name\":\"Minister Adlercreutz reser till Madrid - Anders Adlercreutz\",\"isPartOf\":{\"@id\":\"https:\/\/andersadlercreutz.fi\/blog\/#website\"},\"datePublished\":\"2024-05-31T09:22:13+00:00\",\"dateModified\":\"2024-05-31T09:22:13+00:00\",\"author\":{\"@id\":\"https:\/\/andersadlercreutz.fi\/blog\/#\/schema\/person\/47d4b72eded862b484f74bb4b3a2354f\"},\"breadcrumb\":{\"@id\":\"https:\/\/andersadlercreutz.fi\/blog\/lehdistotiedote-sv\/minister-adlercreutz-reser-till-madrid\/#breadcrumb\"},\"inLanguage\":\"sv-SE\",\"potentialAction\":[{\"@type\":\"ReadAction\",\"target\":[\"https:\/\/andersadlercreutz.fi\/blog\/lehdistotiedote-sv\/minister-adlercreutz-reser-till-madrid\/\"]}]},{\"@type\":\"BreadcrumbList\",\"@id\":\"https:\/\/andersadlercreutz.fi\/blog\/lehdistotiedote-sv\/minister-adlercreutz-reser-till-madrid\/#breadcrumb\",\"itemListElement\":[{\"@type\":\"ListItem\",\"position\":1,\"name\":\"Home\",\"item\":\"https:\/\/andersadlercreutz.fi\/blog\/blogg\/?lang=sv\"},{\"@type\":\"ListItem\",\"position\":2,\"name\":\"Minister Adlercreutz reser till Madrid\"}]},{\"@type\":\"WebSite\",\"@id\":\"https:\/\/andersadlercreutz.fi\/blog\/#website\",\"url\":\"https:\/\/andersadlercreutz.fi\/blog\/\",\"name\":\"Anders Adlercreutz\",\"description\":\"Du. Jag. Vi. Kest&auml;v&auml;sti optimisti\",\"potentialAction\":[{\"@type\":\"SearchAction\",\"target\":{\"@type\":\"EntryPoint\",\"urlTemplate\":\"https:\/\/andersadlercreutz.fi\/blog\/?s={search_term_string}\"},\"query-input\":\"required name=search_term_string\"}],\"inLanguage\":\"sv-SE\"},{\"@type\":\"Person\",\"@id\":\"https:\/\/andersadlercreutz.fi\/blog\/#\/schema\/person\/47d4b72eded862b484f74bb4b3a2354f\",\"name\":\"Anders\",\"image\":{\"@type\":\"ImageObject\",\"inLanguage\":\"sv-SE\",\"@id\":\"https:\/\/andersadlercreutz.fi\/blog\/#\/schema\/person\/image\/\",\"url\":\"https:\/\/secure.gravatar.com\/avatar\/a144c9bda7a581ff6fabba169027e620?s=96&d=mm&r=g\",\"contentUrl\":\"https:\/\/secure.gravatar.com\/avatar\/a144c9bda7a581ff6fabba169027e620?s=96&d=mm&r=g\",\"caption\":\"Anders\"},\"url\":\"https:\/\/andersadlercreutz.fi\/blog\/author\/admin\/\"}]}<\/script>\n<!-- \/ Yoast SEO plugin. -->","yoast_head_json":{"title":"Minister Adlercreutz reser till Madrid - Anders Adlercreutz","robots":{"index":"index","follow":"follow","max-snippet":"max-snippet:-1","max-image-preview":"max-image-preview:large","max-video-preview":"max-video-preview:-1"},"canonical":"https:\/\/andersadlercreutz.fi\/blog\/lehdistotiedote-sv\/minister-adlercreutz-reser-till-madrid\/","og_locale":"sv_SE","og_type":"article","og_title":"Minister Adlercreutz reser till Madrid - Anders Adlercreutz","og_description":"Europa- och \u00e4garstyrningsminister Anders Adlercreutz bes\u00f6ker Madrid den 30 maj\u20132 juni f\u00f6r att delta i Bilderberggruppens m\u00f6te. Bilderberggruppen har h\u00e5llit m\u00f6ten s\u00e5 gott som \u00e5rligen sedan 1954. Bilderberggruppens m\u00f6ten g\u00e5r ut p\u00e5 informella och f\u00f6rtroliga samtal mellan ledande politiker, journalister, forskare, experter och f\u00f6retr\u00e4dare f\u00f6r n\u00e4ringslivet fr\u00e5n Europa och Nordamerika. Ytterligare information:\u00a0Andreas Elfving, specialmedarbetare, tfn [&hellip;]","og_url":"https:\/\/andersadlercreutz.fi\/blog\/lehdistotiedote-sv\/minister-adlercreutz-reser-till-madrid\/","og_site_name":"Anders Adlercreutz","article_published_time":"2024-05-31T09:22:13+00:00","og_image":[{"width":1200,"height":505,"url":"https:\/\/andersadlercreutz.fi\/blog\/wp-content\/uploads\/2024\/05\/Anders-Madrid.jpg","type":"image\/jpeg"}],"author":"Anders","twitter_card":"summary_large_image","twitter_misc":{"Skriven av":"Anders","Ber\u00e4knad l\u00e4stid":"1 minut"},"schema":{"@context":"https:\/\/schema.org","@graph":[{"@type":"WebPage","@id":"https:\/\/andersadlercreutz.fi\/blog\/lehdistotiedote-sv\/minister-adlercreutz-reser-till-madrid\/","url":"https:\/\/andersadlercreutz.fi\/blog\/lehdistotiedote-sv\/minister-adlercreutz-reser-till-madrid\/","name":"Minister Adlercreutz reser till Madrid - Anders Adlercreutz","isPartOf":{"@id":"https:\/\/andersadlercreutz.fi\/blog\/#website"},"datePublished":"2024-05-31T09:22:13+00:00","dateModified":"2024-05-31T09:22:13+00:00","author":{"@id":"https:\/\/andersadlercreutz.fi\/blog\/#\/schema\/person\/47d4b72eded862b484f74bb4b3a2354f"},"breadcrumb":{"@id":"https:\/\/andersadlercreutz.fi\/blog\/lehdistotiedote-sv\/minister-adlercreutz-reser-till-madrid\/#breadcrumb"},"inLanguage":"sv-SE","potentialAction":[{"@type":"ReadAction","target":["https:\/\/andersadlercreutz.fi\/blog\/lehdistotiedote-sv\/minister-adlercreutz-reser-till-madrid\/"]}]},{"@type":"BreadcrumbList","@id":"https:\/\/andersadlercreutz.fi\/blog\/lehdistotiedote-sv\/minister-adlercreutz-reser-till-madrid\/#breadcrumb","itemListElement":[{"@type":"ListItem","position":1,"name":"Home","item":"https:\/\/andersadlercreutz.fi\/blog\/blogg\/?lang=sv"},{"@type":"ListItem","position":2,"name":"Minister Adlercreutz reser till Madrid"}]},{"@type":"WebSite","@id":"https:\/\/andersadlercreutz.fi\/blog\/#website","url":"https:\/\/andersadlercreutz.fi\/blog\/","name":"Anders Adlercreutz","description":"Du. Jag. Vi. Kest&auml;v&auml;sti optimisti","potentialAction":[{"@type":"SearchAction","target":{"@type":"EntryPoint","urlTemplate":"https:\/\/andersadlercreutz.fi\/blog\/?s={search_term_string}"},"query-input":"required name=search_term_string"}],"inLanguage":"sv-SE"},{"@type":"Person","@id":"https:\/\/andersadlercreutz.fi\/blog\/#\/schema\/person\/47d4b72eded862b484f74bb4b3a2354f","name":"Anders","image":{"@type":"ImageObject","inLanguage":"sv-SE","@id":"https:\/\/andersadlercreutz.fi\/blog\/#\/schema\/person\/image\/","url":"https:\/\/secure.gravatar.com\/avatar\/a144c9bda7a581ff6fabba169027e620?s=96&d=mm&r=g","contentUrl":"https:\/\/secure.gravatar.com\/avatar\/a144c9bda7a581ff6fabba169027e620?s=96&d=mm&r=g","caption":"Anders"},"url":"https:\/\/andersadlercreutz.fi\/blog\/author\/admin\/"}]}},"jetpack_featured_media_url":"https:\/\/i0.wp.com\/andersadlercreutz.fi\/blog\/wp-content\/uploads\/2024\/05\/Anders-Madrid.jpg?fit=1200%2C505&ssl=1","jetpack_shortlink":"https:\/\/wp.me\/p4T6Dh-2v1","jetpack_sharing_enabled":true,"_links":{"self":[{"href":"https:\/\/andersadlercreutz.fi\/blog\/wp-json\/wp\/v2\/posts\/9611"}],"collection":[{"href":"https:\/\/andersadlercreutz.fi\/blog\/wp-json\/wp\/v2\/posts"}],"about":[{"href":"https:\/\/andersadlercreutz.fi\/blog\/wp-json\/wp\/v2\/types\/post"}],"author":[{"embeddable":true,"href":"https:\/\/andersadlercreutz.fi\/blog\/wp-json\/wp\/v2\/users\/1"}],"replies":[{"embeddable":true,"href":"https:\/\/andersadlercreutz.fi\/blog\/wp-json\/wp\/v2\/comments?post=9611"}],"version-history":[{"count":2,"href":"https:\/\/andersadlercreutz.fi\/blog\/wp-json\/wp\/v2\/posts\/9611\/revisions"}],"predecessor-version":[{"id":9613,"href":"https:\/\/andersadlercreutz.fi\/blog\/wp-json\/wp\/v2\/posts\/9611\/revisions\/9613"}],"wp:featuredmedia":[{"embeddable":true,"href":"https:\/\/andersadlercreutz.fi\/blog\/wp-json\/wp\/v2\/media\/9608"}],"wp:attachment":[{"href":"https:\/\/andersadlercreutz.fi\/blog\/wp-json\/wp\/v2\/media?parent=9611"}],"wp:term":[{"taxonomy":"category","embeddable":true,"href":"https:\/\/andersadlercreutz.fi\/blog\/wp-json\/wp\/v2\/categories?post=9611"},{"taxonomy":"post_tag","embeddable":true,"href":"https:\/\/andersadlercreutz.fi\/blog\/wp-json\/wp\/v2\/tags?post=9611"}],"curies":[{"name":"wp","href":"https:\/\/api.w.org\/{rel}","templated":true}]}}