{"id":9615,"date":"2024-05-24T12:23:20","date_gmt":"2024-05-24T09:23:20","guid":{"rendered":"https:\/\/andersadlercreutz.fi\/blog\/?p=9615"},"modified":"2024-05-31T12:26:43","modified_gmt":"2024-05-31T09:26:43","slug":"ministeri-adlercreutz-ykn-pienten-saarivaltioiden-konferenssiin","status":"publish","type":"post","link":"https:\/\/andersadlercreutz.fi\/blog\/lehdistotiedote\/ministeri-adlercreutz-ykn-pienten-saarivaltioiden-konferenssiin\/?lang=fi","title":{"rendered":"Ministeri Adlercreutz YK:n pienten saarivaltioiden konferenssiin"},"content":{"rendered":"<p class=\"ingress\">Eurooppa- ja omistajaohjausministeri Anders Adlercreutz osallistuu YK:n pienten saarivaltioiden kansainv\u00e4liseen konferenssiin (4th International Conference on Small Developing Island States) Antigua ja Barbudalla 27.-29. toukokuuta.<\/p>\n<p>Kerran kymmeness\u00e4 vuodessa j\u00e4rjestett\u00e4v\u00e4ss\u00e4 korkean tason poliittisessa konferenssissa on tarkoitus tarkastella pienten saarivaltioiden tilannetta YK:n kest\u00e4v\u00e4n kehityksen tavoitteiden osalta, hyv\u00e4ksy\u00e4 poliittinen loppuasiakirja ja uusi toimintasuunnitelma seuraavalle kymmenelle vuodelle. Konferenssin osana j\u00e4rjestet\u00e4\u00e4n mittava yritysten ja j\u00e4rjest\u00f6jen messu- ja n\u00e4yttelyosio.<\/p>\n<p>Ministeri Adlercreutzia on pyydetty toimimaan puheenjohtajana yhdess\u00e4 konferenssin viidest\u00e4 interaktiivisessa dialogissa yhdess\u00e4 Malediivien presidentin Mohamed Muizzun kanssa. Dialogissa keskityt\u00e4\u00e4n talouden ja kest\u00e4v\u00e4n kehityksen edist\u00e4miseen. Muut puhujat ovat Antigua ja Barbudan p\u00e4\u00e4ministeri Gaston Browne sek\u00e4 Yhdysvaltojen sis\u00e4ministeri Debra Haaland.<\/p>\n<p>Lis\u00e4ksi ministerill\u00e4 on useita kahdenv\u00e4lisi\u00e4 tapaamisia tapahtumaan osallistuvien kumppanimaiden ministereiden ja kansainv\u00e4listen j\u00e4rjest\u00f6jen johdon kanssa. N\u00e4iss\u00e4 painottuvat erityisesti ilmasto- ja ymp\u00e4rist\u00f6kysymykset, vihre\u00e4 siirtym\u00e4 ja Suomen tarjoamat ratkaisut. Ministeri osallistuu my\u00f6s EU:n roolia kumppanimaissa vahvistavan Global Gateway -strategiaa koskevaan tilaisuuteen.<\/p>\n<p>Ministerin ohjelmassa on lis\u00e4ksi muun muassa tapaaminen Antigua ja Barbudan tiede-, teknologia ja energiaministerin sek\u00e4 yritysedustajien kanssa, jossa tavoitteena on edist\u00e4\u00e4 suomalaisyritysten toimintaa alueella sek\u00e4 kartoittaa uusia yhteisty\u00f6mahdollisuuksia.<\/p>\n<p>Konferenssi on j\u00e4rjestyksess\u00e4 nelj\u00e4s, ja se on aiemmin j\u00e4rjestetty Barbadoksella (1994), Mauritiuksella (2005) ja Samoalla (2014).<\/p>\n<p><strong>Lis\u00e4tietoja:\u00a0<\/strong>erityisavustaja Andreas Elfving p. 050 310 0274, valtioneuvoston kanslia ja ulkoasiainsihteeri Milena Hakanp\u00e4\u00e4 p. 050 330 2921, ulkoministeri\u00f6<\/p>\n<p><a href=\"https:\/\/sdgs.un.org\/conferences\/sids2024\">4th International Conference on SIDS<\/a><\/p>\n","protected":false},"excerpt":{"rendered":"<p>Eurooppa- ja omistajaohjausministeri Anders Adlercreutz osallistuu YK:n pienten saarivaltioiden kansainv\u00e4liseen konferenssiin (4th International Conference on Small Developing Island States) Antigua ja Barbudalla 27.-29. toukokuuta. Kerran kymmeness\u00e4 vuodessa j\u00e4rjestett\u00e4v\u00e4ss\u00e4 korkean tason poliittisessa konferenssissa on tarkoitus tarkastella pienten saarivaltioiden tilannetta YK:n kest\u00e4v\u00e4n kehityksen tavoitteiden osalta, hyv\u00e4ksy\u00e4 poliittinen loppuasiakirja ja uusi toimintasuunnitelma seuraavalle kymmenelle vuodelle. Konferenssin osana j\u00e4rjestet\u00e4\u00e4n [&hellip;]<\/p>\n","protected":false},"author":1,"featured_media":9616,"comment_status":"open","ping_status":"open","sticky":false,"template":"","format":"standard","meta":{"jetpack_post_was_ever_published":false,"_jetpack_newsletter_access":"","jetpack_publicize_message":"","jetpack_is_tweetstorm":false,"jetpack_publicize_feature_enabled":true,"jetpack_social_post_already_shared":true,"jetpack_social_options":{"image_generator_settings":{"template":"highway","enabled":false}}},"categories":[71],"tags":[],"jetpack_publicize_connections":[],"yoast_head":"<!-- This site is optimized with the Yoast SEO plugin v20.12 - https:\/\/yoast.com\/wordpress\/plugins\/seo\/ -->\n<title>Ministeri Adlercreutz YK:n pienten saarivaltioiden konferenssiin - Anders Adlercreutz<\/title>\n<meta name=\"robots\" content=\"index, follow, max-snippet:-1, max-image-preview:large, max-video-preview:-1\" \/>\n<link rel=\"canonical\" href=\"https:\/\/andersadlercreutz.fi\/blog\/lehdistotiedote\/ministeri-adlercreutz-ykn-pienten-saarivaltioiden-konferenssiin\/\" \/>\n<meta property=\"og:locale\" content=\"sv_SE\" \/>\n<meta property=\"og:type\" content=\"article\" \/>\n<meta property=\"og:title\" content=\"Ministeri Adlercreutz YK:n pienten saarivaltioiden konferenssiin - Anders Adlercreutz\" \/>\n<meta property=\"og:description\" content=\"Eurooppa- ja omistajaohjausministeri Anders Adlercreutz osallistuu YK:n pienten saarivaltioiden kansainv\u00e4liseen konferenssiin (4th International Conference on Small Developing Island States) Antigua ja Barbudalla 27.-29. toukokuuta. Kerran kymmeness\u00e4 vuodessa j\u00e4rjestett\u00e4v\u00e4ss\u00e4 korkean tason poliittisessa konferenssissa on tarkoitus tarkastella pienten saarivaltioiden tilannetta YK:n kest\u00e4v\u00e4n kehityksen tavoitteiden osalta, hyv\u00e4ksy\u00e4 poliittinen loppuasiakirja ja uusi toimintasuunnitelma seuraavalle kymmenelle vuodelle. Konferenssin osana j\u00e4rjestet\u00e4\u00e4n [&hellip;]\" \/>\n<meta property=\"og:url\" content=\"https:\/\/andersadlercreutz.fi\/blog\/lehdistotiedote\/ministeri-adlercreutz-ykn-pienten-saarivaltioiden-konferenssiin\/?lang=fi\" \/>\n<meta property=\"og:site_name\" content=\"Anders Adlercreutz\" \/>\n<meta property=\"article:published_time\" content=\"2024-05-24T09:23:20+00:00\" \/>\n<meta property=\"article:modified_time\" content=\"2024-05-31T09:26:43+00:00\" \/>\n<meta property=\"og:image\" content=\"https:\/\/andersadlercreutz.fi\/blog\/wp-content\/uploads\/2024\/05\/Anders-SIDS.jpg\" \/>\n\t<meta property=\"og:image:width\" content=\"1200\" \/>\n\t<meta property=\"og:image:height\" content=\"458\" \/>\n\t<meta property=\"og:image:type\" content=\"image\/jpeg\" \/>\n<meta name=\"author\" content=\"Anders\" \/>\n<meta name=\"twitter:card\" content=\"summary_large_image\" \/>\n<meta name=\"twitter:label1\" content=\"Skriven av\" \/>\n\t<meta name=\"twitter:data1\" content=\"Anders\" \/>\n\t<meta name=\"twitter:label2\" content=\"Ber\u00e4knad l\u00e4stid\" \/>\n\t<meta name=\"twitter:data2\" content=\"2 minuter\" \/>\n<script type=\"application\/ld+json\" class=\"yoast-schema-graph\">{\"@context\":\"https:\/\/schema.org\",\"@graph\":[{\"@type\":\"WebPage\",\"@id\":\"https:\/\/andersadlercreutz.fi\/blog\/lehdistotiedote\/ministeri-adlercreutz-ykn-pienten-saarivaltioiden-konferenssiin\/?lang=fi\",\"url\":\"https:\/\/andersadlercreutz.fi\/blog\/lehdistotiedote\/ministeri-adlercreutz-ykn-pienten-saarivaltioiden-konferenssiin\/?lang=fi\",\"name\":\"Ministeri Adlercreutz YK:n pienten saarivaltioiden konferenssiin - Anders Adlercreutz\",\"isPartOf\":{\"@id\":\"https:\/\/andersadlercreutz.fi\/blog\/#website\"},\"datePublished\":\"2024-05-24T09:23:20+00:00\",\"dateModified\":\"2024-05-31T09:26:43+00:00\",\"author\":{\"@id\":\"https:\/\/andersadlercreutz.fi\/blog\/#\/schema\/person\/47d4b72eded862b484f74bb4b3a2354f\"},\"breadcrumb\":{\"@id\":\"https:\/\/andersadlercreutz.fi\/blog\/lehdistotiedote\/ministeri-adlercreutz-ykn-pienten-saarivaltioiden-konferenssiin\/?lang=fi#breadcrumb\"},\"inLanguage\":\"sv-SE\",\"potentialAction\":[{\"@type\":\"ReadAction\",\"target\":[\"https:\/\/andersadlercreutz.fi\/blog\/lehdistotiedote\/ministeri-adlercreutz-ykn-pienten-saarivaltioiden-konferenssiin\/?lang=fi\"]}]},{\"@type\":\"BreadcrumbList\",\"@id\":\"https:\/\/andersadlercreutz.fi\/blog\/lehdistotiedote\/ministeri-adlercreutz-ykn-pienten-saarivaltioiden-konferenssiin\/?lang=fi#breadcrumb\",\"itemListElement\":[{\"@type\":\"ListItem\",\"position\":1,\"name\":\"Home\",\"item\":\"https:\/\/andersadlercreutz.fi\/blog\/blogg\/?lang=sv\"},{\"@type\":\"ListItem\",\"position\":2,\"name\":\"Ministeri Adlercreutz YK:n pienten saarivaltioiden konferenssiin\"}]},{\"@type\":\"WebSite\",\"@id\":\"https:\/\/andersadlercreutz.fi\/blog\/#website\",\"url\":\"https:\/\/andersadlercreutz.fi\/blog\/\",\"name\":\"Anders Adlercreutz\",\"description\":\"Du. Jag. Vi. Kest&auml;v&auml;sti optimisti\",\"potentialAction\":[{\"@type\":\"SearchAction\",\"target\":{\"@type\":\"EntryPoint\",\"urlTemplate\":\"https:\/\/andersadlercreutz.fi\/blog\/?s={search_term_string}\"},\"query-input\":\"required name=search_term_string\"}],\"inLanguage\":\"sv-SE\"},{\"@type\":\"Person\",\"@id\":\"https:\/\/andersadlercreutz.fi\/blog\/#\/schema\/person\/47d4b72eded862b484f74bb4b3a2354f\",\"name\":\"Anders\",\"image\":{\"@type\":\"ImageObject\",\"inLanguage\":\"sv-SE\",\"@id\":\"https:\/\/andersadlercreutz.fi\/blog\/#\/schema\/person\/image\/\",\"url\":\"https:\/\/secure.gravatar.com\/avatar\/a144c9bda7a581ff6fabba169027e620?s=96&d=mm&r=g\",\"contentUrl\":\"https:\/\/secure.gravatar.com\/avatar\/a144c9bda7a581ff6fabba169027e620?s=96&d=mm&r=g\",\"caption\":\"Anders\"},\"url\":\"https:\/\/andersadlercreutz.fi\/blog\/author\/admin\/\"}]}<\/script>\n<!-- \/ Yoast SEO plugin. -->","yoast_head_json":{"title":"Ministeri Adlercreutz YK:n pienten saarivaltioiden konferenssiin - Anders Adlercreutz","robots":{"index":"index","follow":"follow","max-snippet":"max-snippet:-1","max-image-preview":"max-image-preview:large","max-video-preview":"max-video-preview:-1"},"canonical":"https:\/\/andersadlercreutz.fi\/blog\/lehdistotiedote\/ministeri-adlercreutz-ykn-pienten-saarivaltioiden-konferenssiin\/","og_locale":"sv_SE","og_type":"article","og_title":"Ministeri Adlercreutz YK:n pienten saarivaltioiden konferenssiin - Anders Adlercreutz","og_description":"Eurooppa- ja omistajaohjausministeri Anders Adlercreutz osallistuu YK:n pienten saarivaltioiden kansainv\u00e4liseen konferenssiin (4th International Conference on Small Developing Island States) Antigua ja Barbudalla 27.-29. toukokuuta. Kerran kymmeness\u00e4 vuodessa j\u00e4rjestett\u00e4v\u00e4ss\u00e4 korkean tason poliittisessa konferenssissa on tarkoitus tarkastella pienten saarivaltioiden tilannetta YK:n kest\u00e4v\u00e4n kehityksen tavoitteiden osalta, hyv\u00e4ksy\u00e4 poliittinen loppuasiakirja ja uusi toimintasuunnitelma seuraavalle kymmenelle vuodelle. Konferenssin osana j\u00e4rjestet\u00e4\u00e4n [&hellip;]","og_url":"https:\/\/andersadlercreutz.fi\/blog\/lehdistotiedote\/ministeri-adlercreutz-ykn-pienten-saarivaltioiden-konferenssiin\/?lang=fi","og_site_name":"Anders Adlercreutz","article_published_time":"2024-05-24T09:23:20+00:00","article_modified_time":"2024-05-31T09:26:43+00:00","og_image":[{"width":1200,"height":458,"url":"https:\/\/andersadlercreutz.fi\/blog\/wp-content\/uploads\/2024\/05\/Anders-SIDS.jpg","type":"image\/jpeg"}],"author":"Anders","twitter_card":"summary_large_image","twitter_misc":{"Skriven av":"Anders","Ber\u00e4knad l\u00e4stid":"2 minuter"},"schema":{"@context":"https:\/\/schema.org","@graph":[{"@type":"WebPage","@id":"https:\/\/andersadlercreutz.fi\/blog\/lehdistotiedote\/ministeri-adlercreutz-ykn-pienten-saarivaltioiden-konferenssiin\/?lang=fi","url":"https:\/\/andersadlercreutz.fi\/blog\/lehdistotiedote\/ministeri-adlercreutz-ykn-pienten-saarivaltioiden-konferenssiin\/?lang=fi","name":"Ministeri Adlercreutz YK:n pienten saarivaltioiden konferenssiin - Anders Adlercreutz","isPartOf":{"@id":"https:\/\/andersadlercreutz.fi\/blog\/#website"},"datePublished":"2024-05-24T09:23:20+00:00","dateModified":"2024-05-31T09:26:43+00:00","author":{"@id":"https:\/\/andersadlercreutz.fi\/blog\/#\/schema\/person\/47d4b72eded862b484f74bb4b3a2354f"},"breadcrumb":{"@id":"https:\/\/andersadlercreutz.fi\/blog\/lehdistotiedote\/ministeri-adlercreutz-ykn-pienten-saarivaltioiden-konferenssiin\/?lang=fi#breadcrumb"},"inLanguage":"sv-SE","potentialAction":[{"@type":"ReadAction","target":["https:\/\/andersadlercreutz.fi\/blog\/lehdistotiedote\/ministeri-adlercreutz-ykn-pienten-saarivaltioiden-konferenssiin\/?lang=fi"]}]},{"@type":"BreadcrumbList","@id":"https:\/\/andersadlercreutz.fi\/blog\/lehdistotiedote\/ministeri-adlercreutz-ykn-pienten-saarivaltioiden-konferenssiin\/?lang=fi#breadcrumb","itemListElement":[{"@type":"ListItem","position":1,"name":"Home","item":"https:\/\/andersadlercreutz.fi\/blog\/blogg\/?lang=sv"},{"@type":"ListItem","position":2,"name":"Ministeri Adlercreutz YK:n pienten saarivaltioiden konferenssiin"}]},{"@type":"WebSite","@id":"https:\/\/andersadlercreutz.fi\/blog\/#website","url":"https:\/\/andersadlercreutz.fi\/blog\/","name":"Anders Adlercreutz","description":"Du. Jag. Vi. Kest&auml;v&auml;sti optimisti","potentialAction":[{"@type":"SearchAction","target":{"@type":"EntryPoint","urlTemplate":"https:\/\/andersadlercreutz.fi\/blog\/?s={search_term_string}"},"query-input":"required name=search_term_string"}],"inLanguage":"sv-SE"},{"@type":"Person","@id":"https:\/\/andersadlercreutz.fi\/blog\/#\/schema\/person\/47d4b72eded862b484f74bb4b3a2354f","name":"Anders","image":{"@type":"ImageObject","inLanguage":"sv-SE","@id":"https:\/\/andersadlercreutz.fi\/blog\/#\/schema\/person\/image\/","url":"https:\/\/secure.gravatar.com\/avatar\/a144c9bda7a581ff6fabba169027e620?s=96&d=mm&r=g","contentUrl":"https:\/\/secure.gravatar.com\/avatar\/a144c9bda7a581ff6fabba169027e620?s=96&d=mm&r=g","caption":"Anders"},"url":"https:\/\/andersadlercreutz.fi\/blog\/author\/admin\/"}]}},"jetpack_featured_media_url":"https:\/\/i0.wp.com\/andersadlercreutz.fi\/blog\/wp-content\/uploads\/2024\/05\/Anders-SIDS.jpg?fit=1200%2C458&ssl=1","jetpack_shortlink":"https:\/\/wp.me\/p4T6Dh-2v5","jetpack_sharing_enabled":true,"_links":{"self":[{"href":"https:\/\/andersadlercreutz.fi\/blog\/wp-json\/wp\/v2\/posts\/9615"}],"collection":[{"href":"https:\/\/andersadlercreutz.fi\/blog\/wp-json\/wp\/v2\/posts"}],"about":[{"href":"https:\/\/andersadlercreutz.fi\/blog\/wp-json\/wp\/v2\/types\/post"}],"author":[{"embeddable":true,"href":"https:\/\/andersadlercreutz.fi\/blog\/wp-json\/wp\/v2\/users\/1"}],"replies":[{"embeddable":true,"href":"https:\/\/andersadlercreutz.fi\/blog\/wp-json\/wp\/v2\/comments?post=9615"}],"version-history":[{"count":1,"href":"https:\/\/andersadlercreutz.fi\/blog\/wp-json\/wp\/v2\/posts\/9615\/revisions"}],"predecessor-version":[{"id":9619,"href":"https:\/\/andersadlercreutz.fi\/blog\/wp-json\/wp\/v2\/posts\/9615\/revisions\/9619"}],"wp:featuredmedia":[{"embeddable":true,"href":"https:\/\/andersadlercreutz.fi\/blog\/wp-json\/wp\/v2\/media\/9616"}],"wp:attachment":[{"href":"https:\/\/andersadlercreutz.fi\/blog\/wp-json\/wp\/v2\/media?parent=9615"}],"wp:term":[{"taxonomy":"category","embeddable":true,"href":"https:\/\/andersadlercreutz.fi\/blog\/wp-json\/wp\/v2\/categories?post=9615"},{"taxonomy":"post_tag","embeddable":true,"href":"https:\/\/andersadlercreutz.fi\/blog\/wp-json\/wp\/v2\/tags?post=9615"}],"curies":[{"name":"wp","href":"https:\/\/api.w.org\/{rel}","templated":true}]}}