{"id":9624,"date":"2024-05-23T12:33:53","date_gmt":"2024-05-23T09:33:53","guid":{"rendered":"https:\/\/andersadlercreutz.fi\/blog\/?p=9624"},"modified":"2024-05-31T12:38:00","modified_gmt":"2024-05-31T09:38:00","slug":"valtion-yhtioomistuksilla-haetaan-kestavaa-kasvua-hallitus-hyvaksyi-valtion-omistajapolitiikan-periaatepaatoksen","status":"publish","type":"post","link":"https:\/\/andersadlercreutz.fi\/blog\/lehdistotiedote\/valtion-yhtioomistuksilla-haetaan-kestavaa-kasvua-hallitus-hyvaksyi-valtion-omistajapolitiikan-periaatepaatoksen\/?lang=fi","title":{"rendered":"Valtion yhti\u00f6omistuksilla haetaan kest\u00e4v\u00e4\u00e4 kasvua &#8211; Hallitus hyv\u00e4ksyi valtion omistajapolitiikan periaatep\u00e4\u00e4t\u00f6ksen"},"content":{"rendered":"<p class=\"ingress\">Valtioneuvosto on t\u00e4n\u00e4\u00e4n 23.5.2024 antanut uuden omistajapoliittisen periaatep\u00e4\u00e4t\u00f6ksen. Se ohjaa valtion toimintaa osakkeenomistajana ja koskee kaikkia niit\u00e4 osakeyhti\u00f6it\u00e4, joissa valtio on osakkeenomistaja sek\u00e4 niit\u00e4 ministeri\u00f6it\u00e4, jotka omistajaohjaavat yhti\u00f6omistuksia.<\/p>\n<p>\u201dOmistajapolitiikan uudistuksessa on huomioitu, ett\u00e4 yhti\u00f6t toimivat nyt geopoliittisesti muuttuneessa tilanteessa ja entist\u00e4 haastavammissa olosuhteissa. Perusasiat pysyv\u00e4t ennallaan: valtion omistajapolitiikan l\u00e4ht\u00f6kohtana on yhti\u00f6omistusten hallinnointi vastuullisesti, ammattimaisesti, omistusintressin kannalta tarkoituksenmukaisesti ja omistaja-arvoa pitk\u00e4j\u00e4nteisesti kasvattavasti\u201d, toteaa eurooppa- ja omistajaohjausministeri\u00a0<strong>Anders Adlercreutz<\/strong>.<\/p>\n<p>Valtion p\u00e4\u00e4t\u00f6ksenteko omistajana perustuu lakiin valtion yhti\u00f6omistuksesta ja omistajaohjauksesta sek\u00e4 osakeyhti\u00f6lakiin. P\u00e4ivitt\u00e4inen omistajaohjaus perustuu arvopaperimarkkinayhdistyksen hallinnointikoodiin ja hyv\u00e4n hallintotavan suosituksiin.<\/p>\n<p>Valtio tavoittelee yhti\u00f6omaisuutensa hoidossa pitk\u00e4j\u00e4nteist\u00e4 omistaja-arvon kasvua, ennakoitavia omaisuustuloja sek\u00e4 strategisten intressien ja erityisteht\u00e4vien tehokasta toimeenpanoa.<\/p>\n<p>\u201dValtiolla on omistuksessaan merkitt\u00e4v\u00e4 yhti\u00f6omaisuus: 73 yhti\u00f6t\u00e4, joiden arvo vuodenvaihteessa oli noin 37 miljardia euroa. N\u00e4iden yhti\u00f6iden ohjaamisessa ja niiden omaisuusarvon s\u00e4ilytt\u00e4misess\u00e4 ja kasvattamisessa tarvitaan pitk\u00e4j\u00e4nteist\u00e4, yli vaalikausien ulottuvaa omistajapolitiikkaa.\u201d<\/p>\n<p>Hallitusohjelman mukaisesti omistajapolitiikassa painottuvat nyt riskienhallinta, turvallisuus sek\u00e4 kilpailuneutraliteetti.<\/p>\n<p>\u201dT\u00e4rke\u00e4 l\u00e4ht\u00f6kohta on, ett\u00e4 valtio kunnioittaa reilun kilpailun vaatimuksia ja varmistaa sen, ettei se toiminnallaan syrj\u00e4yt\u00e4 yksityist\u00e4 omistajuutta\u201d, ministeri Adlercreutz sanoo.<\/p>\n<h4>Huoltovarmuus ja riskienhallinta painopistein\u00e4<\/h4>\n<p>Valtio-omistaja huomioi geopoliittisen ulottuvuuden ja huoltovarmuusn\u00e4k\u00f6kohdat Suomen kannalta muun muassa yhti\u00f6it\u00e4 koskevissa omistajastrategioissa ja yhteiskunnallisen intressin m\u00e4\u00e4rittelyss\u00e4.<\/p>\n<p>\u201dOmistajastrategiassa kunkin yhti\u00f6n omistukseen liittyv\u00e4t p\u00e4\u00e4riskit huomioidaan ja riskienhallinnan rooli p\u00e4\u00e4t\u00f6ksenteon tukena varmistetaan. Yhti\u00f6iden tulee itse identifioida liiketoiminnassaan muuttunut geopoliittinen tilanne ja sen edellytt\u00e4m\u00e4t varautumisen, riskienhallinnan sek\u00e4 kriittisen infran suojaamista koskevat kysymykset\u201d, ministeri Adlercreutz toteaa.<\/p>\n<p>Muiden suurten osakkeenomistajien tavoin valtio nimitt\u00e4\u00e4 omia edustajiaan yhti\u00f6idens\u00e4 hallituksiin, tosin p\u00f6rssiyhti\u00f6iden hallituksiin valtio esitt\u00e4\u00e4 virkamiehi\u00e4 vain poikkeustilanteissa.<\/p>\n<h4>Palkitsemisessa korostuu kohtuullisuus ja l\u00e4pin\u00e4kyvyys<\/h4>\n<p>Valtio on aktiivinen omistaja, joka m\u00e4\u00e4rittelee jokaiselle yhti\u00f6omistukselleen omistajastrategian, josta ilmenev\u00e4t omistajan tavoitteet sek\u00e4 omistajaohjauksen painopisteet ja toimenpiteet. Valtio-omistaja muodostaa oman tahtotilansa yhti\u00f6iden taloudellisista ja strategisista tavoitteista, joita se tarkastelee s\u00e4\u00e4nn\u00f6llisesti yhti\u00f6n hallituksen kanssa.<\/p>\n<p>Jatkossa kaikkien valtionyhti\u00f6iden on m\u00e4\u00e4ritelt\u00e4v\u00e4 ja julkaistava osinkopolitiikkansa, jonka l\u00e4ht\u00f6kohtina ovat tehokas ja toimialalla vertailukelpoinen p\u00e4\u00e4omarakenne sek\u00e4 suhteellisen tasainen, ennakoitava osinkovirta.<\/p>\n<p>Palkitsemisessa valtio edellytt\u00e4\u00e4 kohtuullisuutta ja l\u00e4pin\u00e4kyvyytt\u00e4 sek\u00e4 korostaa muuttuvan palkitsemisen kriteereiden avoimuuden merkityst\u00e4 palkitsemisraportoinnissa. T\u00e4rke\u00e4n\u00e4 pidet\u00e4\u00e4n my\u00f6s sukupuolten v\u00e4list\u00e4 palkkatasa-arvoa samapalkkaisuusdirektiivin mukaisesti.<\/p>\n<p>Listaamattomien yhti\u00f6iden palkitsemisrajat pysyv\u00e4t ennallaan, mutta p\u00f6rssiyhti\u00f6iden muuttuvan palkitsemisen maksimiraja nostetaan 200 aiemmasta 120 prosentista.<\/p>\n<p>\u201dP\u00f6rssiyhti\u00f6iden tulospalkitsemisen enimm\u00e4israjat olivat merkitt\u00e4v\u00e4sti markkinatasoa alhaisemmat. Valtio-omisteisten yhti\u00f6iden on kyett\u00e4v\u00e4 palkkaamaan johtoa ja henkil\u00f6st\u00f6\u00e4 kilpailukykyisin ehdoin\u201d, ministeri Adlercreutz toteaa.<\/p>\n<h4>Vastuullisuus omistaja-arvon kasvun takaajana<\/h4>\n<p>Omistajapolitiikassa on t\u00e4smennetty valtio-omistajan vastuullisuusodotuksia muun muassa yhti\u00f6iden ilmasto- ja luontoty\u00f6h\u00f6n liittyen sek\u00e4 korostettu yhti\u00f6iden vastuuta arvoketjunsa ymp\u00e4rist\u00f6- ja ihmisoikeusvaikutuksista. Valtio-omistaja edellytt\u00e4\u00e4 yhti\u00f6ilt\u00e4 edell\u00e4k\u00e4vijyytt\u00e4 yritysvastuussa, koska vastuullisuus vahvistaa yritysten kilpailukyky\u00e4 ja kasvattaa omistaja-arvoa.<\/p>\n<p>\u201dOmistajana edellyt\u00e4mme, ett\u00e4 vastuullisuus on osa valtio-omisteisten yhti\u00f6iden strategiaa, liiketoimintamallia ja johdon palkitsemista. Yhti\u00f6iden tulee keskitty\u00e4 kilpailukykyns\u00e4 kannalta olennaisten vastuullisuustavoitteiden edist\u00e4miseen\u201d, ministeri Adlercreutz toteaa.<\/p>\n<p>Uutena toimintatapana omistajaohjausosasto laatii s\u00e4\u00e4nn\u00f6llisesti valtion yhti\u00f6omistuksia koskevan vastuullisuusohjelman. Siin\u00e4 m\u00e4\u00e4ritell\u00e4\u00e4n valtio-omistajan vastuullisuustavoitteet ja -mittarit, joilla omistaja voi seurata oman vastuullisuusty\u00f6ns\u00e4 ja omistajaohjausty\u00f6ns\u00e4 vaikuttavuutta.<\/p>\n<h4>Omistusj\u00e4rjestelyt hallituskaudella<\/h4>\n<p>Hallitusohjelman mukaista investointiohjelmaa on tarkoitus rahoittaa p\u00e4\u00e4osin liikelaitosten tuloutuksilla ja omaisuustuloilla, joita ovat osingot, p\u00e4\u00e4omanpalautukset, osakemyynnit ja muut yritysj\u00e4rjestelyt.<\/p>\n<p>\u201dHallituskauden kuluessa valtio-omistaja arvioi huolellisesti omistusj\u00e4rjestelyj\u00e4 ja yhti\u00f6iden optimaalista omistusrakennetta. Omistusj\u00e4rjestelyjen suunnittelussa huomioidaan aina yhti\u00f6iden ja p\u00e4\u00e4omamarkkinoiden tilanne\u201d, ministeri Adlercreutz korostaa.<\/p>\n<p>Valtion listaamattomien yhti\u00f6iden p\u00e4\u00e4omarakenteet arvioidaan s\u00e4\u00e4nn\u00f6llisesti ja mahdolliset ylip\u00e4\u00e4omitukset puretaan.<\/p>\n<p>Uuden omistajapoliittisen periaatep\u00e4\u00e4t\u00f6ksen valmistelun yhteydess\u00e4 on tarkastettu ja t\u00e4smennetty yhti\u00f6iden omistusintressit ja seuraavat v\u00e4himm\u00e4isomistusrajat ehdotetaan eduskunnalle p\u00e4\u00e4tett\u00e4v\u00e4ksi. Finavia Oyj:n ja VR Group Oyj:n v\u00e4himm\u00e4isomistusrajat lasketaan 50,1 prosenttiin aiemmasta 100 prosentista. Gasum Oy:n ja Posti Group Oy:n v\u00e4himm\u00e4isomistusrajat laskevat 33,4 prosenttiin aiemmasta 50,1 prosentista. A-Kruunu Oy:n v\u00e4himm\u00e4isomistusraja lasketaan 0 prosenttiin aiemmasta 100 prosentista. Kemijoki Oy:n raja nostetaan 33,4 prosenttiin aiemmasta 0 prosentista.<\/p>\n<p><strong>Lis\u00e4tiedot:<\/strong>\u00a0valtioneuvoston kanslian omistajaohjausosaston osastop\u00e4\u00e4llikk\u00f6 Maija Strandberg, p. 050 407 8423; ministerin haastattelupyynn\u00f6t erityisavustaja Crista Gr\u00f6nroos, p. 050 441 4257<\/p>\n","protected":false},"excerpt":{"rendered":"<p>Valtioneuvosto on t\u00e4n\u00e4\u00e4n 23.5.2024 antanut uuden omistajapoliittisen periaatep\u00e4\u00e4t\u00f6ksen. Se ohjaa valtion toimintaa osakkeenomistajana ja koskee kaikkia niit\u00e4 osakeyhti\u00f6it\u00e4, joissa valtio on osakkeenomistaja sek\u00e4 niit\u00e4 ministeri\u00f6it\u00e4, jotka omistajaohjaavat yhti\u00f6omistuksia. \u201dOmistajapolitiikan uudistuksessa on huomioitu, ett\u00e4 yhti\u00f6t toimivat nyt geopoliittisesti muuttuneessa tilanteessa ja entist\u00e4 haastavammissa olosuhteissa. Perusasiat pysyv\u00e4t ennallaan: valtion omistajapolitiikan l\u00e4ht\u00f6kohtana on yhti\u00f6omistusten hallinnointi vastuullisesti, ammattimaisesti, omistusintressin [&hellip;]<\/p>\n","protected":false},"author":1,"featured_media":9625,"comment_status":"open","ping_status":"open","sticky":false,"template":"","format":"standard","meta":{"jetpack_post_was_ever_published":false,"_jetpack_newsletter_access":"","jetpack_publicize_message":"","jetpack_is_tweetstorm":false,"jetpack_publicize_feature_enabled":true,"jetpack_social_post_already_shared":true,"jetpack_social_options":{"image_generator_settings":{"template":"highway","enabled":false}}},"categories":[71],"tags":[],"jetpack_publicize_connections":[],"yoast_head":"<!-- This site is optimized with the Yoast SEO plugin v20.12 - https:\/\/yoast.com\/wordpress\/plugins\/seo\/ -->\n<title>Valtion yhti\u00f6omistuksilla haetaan kest\u00e4v\u00e4\u00e4 kasvua - Hallitus hyv\u00e4ksyi valtion omistajapolitiikan periaatep\u00e4\u00e4t\u00f6ksen - Anders Adlercreutz<\/title>\n<meta name=\"robots\" content=\"index, follow, max-snippet:-1, max-image-preview:large, max-video-preview:-1\" \/>\n<link rel=\"canonical\" href=\"https:\/\/andersadlercreutz.fi\/blog\/lehdistotiedote\/valtion-yhtioomistuksilla-haetaan-kestavaa-kasvua-hallitus-hyvaksyi-valtion-omistajapolitiikan-periaatepaatoksen\/\" \/>\n<meta property=\"og:locale\" content=\"sv_SE\" \/>\n<meta property=\"og:type\" content=\"article\" \/>\n<meta property=\"og:title\" content=\"Valtion yhti\u00f6omistuksilla haetaan kest\u00e4v\u00e4\u00e4 kasvua - Hallitus hyv\u00e4ksyi valtion omistajapolitiikan periaatep\u00e4\u00e4t\u00f6ksen - Anders Adlercreutz\" \/>\n<meta property=\"og:description\" content=\"Valtioneuvosto on t\u00e4n\u00e4\u00e4n 23.5.2024 antanut uuden omistajapoliittisen periaatep\u00e4\u00e4t\u00f6ksen. Se ohjaa valtion toimintaa osakkeenomistajana ja koskee kaikkia niit\u00e4 osakeyhti\u00f6it\u00e4, joissa valtio on osakkeenomistaja sek\u00e4 niit\u00e4 ministeri\u00f6it\u00e4, jotka omistajaohjaavat yhti\u00f6omistuksia. \u201dOmistajapolitiikan uudistuksessa on huomioitu, ett\u00e4 yhti\u00f6t toimivat nyt geopoliittisesti muuttuneessa tilanteessa ja entist\u00e4 haastavammissa olosuhteissa. Perusasiat pysyv\u00e4t ennallaan: valtion omistajapolitiikan l\u00e4ht\u00f6kohtana on yhti\u00f6omistusten hallinnointi vastuullisesti, ammattimaisesti, omistusintressin [&hellip;]\" \/>\n<meta property=\"og:url\" content=\"https:\/\/andersadlercreutz.fi\/blog\/lehdistotiedote\/valtion-yhtioomistuksilla-haetaan-kestavaa-kasvua-hallitus-hyvaksyi-valtion-omistajapolitiikan-periaatepaatoksen\/?lang=fi\" \/>\n<meta property=\"og:site_name\" content=\"Anders Adlercreutz\" \/>\n<meta property=\"article:published_time\" content=\"2024-05-23T09:33:53+00:00\" \/>\n<meta property=\"article:modified_time\" content=\"2024-05-31T09:38:00+00:00\" \/>\n<meta property=\"og:image\" content=\"https:\/\/andersadlercreutz.fi\/blog\/wp-content\/uploads\/2024\/05\/Anders-periaatepaatos.jpg\" \/>\n\t<meta property=\"og:image:width\" content=\"1200\" \/>\n\t<meta property=\"og:image:height\" content=\"556\" \/>\n\t<meta property=\"og:image:type\" content=\"image\/jpeg\" \/>\n<meta name=\"author\" content=\"Anders\" \/>\n<meta name=\"twitter:card\" content=\"summary_large_image\" \/>\n<meta name=\"twitter:label1\" content=\"Skriven av\" \/>\n\t<meta name=\"twitter:data1\" content=\"Anders\" \/>\n\t<meta name=\"twitter:label2\" content=\"Ber\u00e4knad l\u00e4stid\" \/>\n\t<meta name=\"twitter:data2\" content=\"3 minuter\" \/>\n<script type=\"application\/ld+json\" class=\"yoast-schema-graph\">{\"@context\":\"https:\/\/schema.org\",\"@graph\":[{\"@type\":\"WebPage\",\"@id\":\"https:\/\/andersadlercreutz.fi\/blog\/lehdistotiedote\/valtion-yhtioomistuksilla-haetaan-kestavaa-kasvua-hallitus-hyvaksyi-valtion-omistajapolitiikan-periaatepaatoksen\/?lang=fi\",\"url\":\"https:\/\/andersadlercreutz.fi\/blog\/lehdistotiedote\/valtion-yhtioomistuksilla-haetaan-kestavaa-kasvua-hallitus-hyvaksyi-valtion-omistajapolitiikan-periaatepaatoksen\/?lang=fi\",\"name\":\"Valtion yhti\u00f6omistuksilla haetaan kest\u00e4v\u00e4\u00e4 kasvua - Hallitus hyv\u00e4ksyi valtion omistajapolitiikan periaatep\u00e4\u00e4t\u00f6ksen - Anders Adlercreutz\",\"isPartOf\":{\"@id\":\"https:\/\/andersadlercreutz.fi\/blog\/#website\"},\"datePublished\":\"2024-05-23T09:33:53+00:00\",\"dateModified\":\"2024-05-31T09:38:00+00:00\",\"author\":{\"@id\":\"https:\/\/andersadlercreutz.fi\/blog\/#\/schema\/person\/47d4b72eded862b484f74bb4b3a2354f\"},\"breadcrumb\":{\"@id\":\"https:\/\/andersadlercreutz.fi\/blog\/lehdistotiedote\/valtion-yhtioomistuksilla-haetaan-kestavaa-kasvua-hallitus-hyvaksyi-valtion-omistajapolitiikan-periaatepaatoksen\/?lang=fi#breadcrumb\"},\"inLanguage\":\"sv-SE\",\"potentialAction\":[{\"@type\":\"ReadAction\",\"target\":[\"https:\/\/andersadlercreutz.fi\/blog\/lehdistotiedote\/valtion-yhtioomistuksilla-haetaan-kestavaa-kasvua-hallitus-hyvaksyi-valtion-omistajapolitiikan-periaatepaatoksen\/?lang=fi\"]}]},{\"@type\":\"BreadcrumbList\",\"@id\":\"https:\/\/andersadlercreutz.fi\/blog\/lehdistotiedote\/valtion-yhtioomistuksilla-haetaan-kestavaa-kasvua-hallitus-hyvaksyi-valtion-omistajapolitiikan-periaatepaatoksen\/?lang=fi#breadcrumb\",\"itemListElement\":[{\"@type\":\"ListItem\",\"position\":1,\"name\":\"Home\",\"item\":\"https:\/\/andersadlercreutz.fi\/blog\/blogg\/?lang=sv\"},{\"@type\":\"ListItem\",\"position\":2,\"name\":\"Valtion yhti\u00f6omistuksilla haetaan kest\u00e4v\u00e4\u00e4 kasvua &#8211; Hallitus hyv\u00e4ksyi valtion omistajapolitiikan periaatep\u00e4\u00e4t\u00f6ksen\"}]},{\"@type\":\"WebSite\",\"@id\":\"https:\/\/andersadlercreutz.fi\/blog\/#website\",\"url\":\"https:\/\/andersadlercreutz.fi\/blog\/\",\"name\":\"Anders Adlercreutz\",\"description\":\"Du. Jag. Vi. Kest&auml;v&auml;sti optimisti\",\"potentialAction\":[{\"@type\":\"SearchAction\",\"target\":{\"@type\":\"EntryPoint\",\"urlTemplate\":\"https:\/\/andersadlercreutz.fi\/blog\/?s={search_term_string}\"},\"query-input\":\"required name=search_term_string\"}],\"inLanguage\":\"sv-SE\"},{\"@type\":\"Person\",\"@id\":\"https:\/\/andersadlercreutz.fi\/blog\/#\/schema\/person\/47d4b72eded862b484f74bb4b3a2354f\",\"name\":\"Anders\",\"image\":{\"@type\":\"ImageObject\",\"inLanguage\":\"sv-SE\",\"@id\":\"https:\/\/andersadlercreutz.fi\/blog\/#\/schema\/person\/image\/\",\"url\":\"https:\/\/secure.gravatar.com\/avatar\/a144c9bda7a581ff6fabba169027e620?s=96&d=mm&r=g\",\"contentUrl\":\"https:\/\/secure.gravatar.com\/avatar\/a144c9bda7a581ff6fabba169027e620?s=96&d=mm&r=g\",\"caption\":\"Anders\"},\"url\":\"https:\/\/andersadlercreutz.fi\/blog\/author\/admin\/\"}]}<\/script>\n<!-- \/ Yoast SEO plugin. -->","yoast_head_json":{"title":"Valtion yhti\u00f6omistuksilla haetaan kest\u00e4v\u00e4\u00e4 kasvua - Hallitus hyv\u00e4ksyi valtion omistajapolitiikan periaatep\u00e4\u00e4t\u00f6ksen - Anders Adlercreutz","robots":{"index":"index","follow":"follow","max-snippet":"max-snippet:-1","max-image-preview":"max-image-preview:large","max-video-preview":"max-video-preview:-1"},"canonical":"https:\/\/andersadlercreutz.fi\/blog\/lehdistotiedote\/valtion-yhtioomistuksilla-haetaan-kestavaa-kasvua-hallitus-hyvaksyi-valtion-omistajapolitiikan-periaatepaatoksen\/","og_locale":"sv_SE","og_type":"article","og_title":"Valtion yhti\u00f6omistuksilla haetaan kest\u00e4v\u00e4\u00e4 kasvua - Hallitus hyv\u00e4ksyi valtion omistajapolitiikan periaatep\u00e4\u00e4t\u00f6ksen - Anders Adlercreutz","og_description":"Valtioneuvosto on t\u00e4n\u00e4\u00e4n 23.5.2024 antanut uuden omistajapoliittisen periaatep\u00e4\u00e4t\u00f6ksen. Se ohjaa valtion toimintaa osakkeenomistajana ja koskee kaikkia niit\u00e4 osakeyhti\u00f6it\u00e4, joissa valtio on osakkeenomistaja sek\u00e4 niit\u00e4 ministeri\u00f6it\u00e4, jotka omistajaohjaavat yhti\u00f6omistuksia. \u201dOmistajapolitiikan uudistuksessa on huomioitu, ett\u00e4 yhti\u00f6t toimivat nyt geopoliittisesti muuttuneessa tilanteessa ja entist\u00e4 haastavammissa olosuhteissa. Perusasiat pysyv\u00e4t ennallaan: valtion omistajapolitiikan l\u00e4ht\u00f6kohtana on yhti\u00f6omistusten hallinnointi vastuullisesti, ammattimaisesti, omistusintressin [&hellip;]","og_url":"https:\/\/andersadlercreutz.fi\/blog\/lehdistotiedote\/valtion-yhtioomistuksilla-haetaan-kestavaa-kasvua-hallitus-hyvaksyi-valtion-omistajapolitiikan-periaatepaatoksen\/?lang=fi","og_site_name":"Anders Adlercreutz","article_published_time":"2024-05-23T09:33:53+00:00","article_modified_time":"2024-05-31T09:38:00+00:00","og_image":[{"width":1200,"height":556,"url":"https:\/\/andersadlercreutz.fi\/blog\/wp-content\/uploads\/2024\/05\/Anders-periaatepaatos.jpg","type":"image\/jpeg"}],"author":"Anders","twitter_card":"summary_large_image","twitter_misc":{"Skriven av":"Anders","Ber\u00e4knad l\u00e4stid":"3 minuter"},"schema":{"@context":"https:\/\/schema.org","@graph":[{"@type":"WebPage","@id":"https:\/\/andersadlercreutz.fi\/blog\/lehdistotiedote\/valtion-yhtioomistuksilla-haetaan-kestavaa-kasvua-hallitus-hyvaksyi-valtion-omistajapolitiikan-periaatepaatoksen\/?lang=fi","url":"https:\/\/andersadlercreutz.fi\/blog\/lehdistotiedote\/valtion-yhtioomistuksilla-haetaan-kestavaa-kasvua-hallitus-hyvaksyi-valtion-omistajapolitiikan-periaatepaatoksen\/?lang=fi","name":"Valtion yhti\u00f6omistuksilla haetaan kest\u00e4v\u00e4\u00e4 kasvua - Hallitus hyv\u00e4ksyi valtion omistajapolitiikan periaatep\u00e4\u00e4t\u00f6ksen - Anders Adlercreutz","isPartOf":{"@id":"https:\/\/andersadlercreutz.fi\/blog\/#website"},"datePublished":"2024-05-23T09:33:53+00:00","dateModified":"2024-05-31T09:38:00+00:00","author":{"@id":"https:\/\/andersadlercreutz.fi\/blog\/#\/schema\/person\/47d4b72eded862b484f74bb4b3a2354f"},"breadcrumb":{"@id":"https:\/\/andersadlercreutz.fi\/blog\/lehdistotiedote\/valtion-yhtioomistuksilla-haetaan-kestavaa-kasvua-hallitus-hyvaksyi-valtion-omistajapolitiikan-periaatepaatoksen\/?lang=fi#breadcrumb"},"inLanguage":"sv-SE","potentialAction":[{"@type":"ReadAction","target":["https:\/\/andersadlercreutz.fi\/blog\/lehdistotiedote\/valtion-yhtioomistuksilla-haetaan-kestavaa-kasvua-hallitus-hyvaksyi-valtion-omistajapolitiikan-periaatepaatoksen\/?lang=fi"]}]},{"@type":"BreadcrumbList","@id":"https:\/\/andersadlercreutz.fi\/blog\/lehdistotiedote\/valtion-yhtioomistuksilla-haetaan-kestavaa-kasvua-hallitus-hyvaksyi-valtion-omistajapolitiikan-periaatepaatoksen\/?lang=fi#breadcrumb","itemListElement":[{"@type":"ListItem","position":1,"name":"Home","item":"https:\/\/andersadlercreutz.fi\/blog\/blogg\/?lang=sv"},{"@type":"ListItem","position":2,"name":"Valtion yhti\u00f6omistuksilla haetaan kest\u00e4v\u00e4\u00e4 kasvua &#8211; Hallitus hyv\u00e4ksyi valtion omistajapolitiikan periaatep\u00e4\u00e4t\u00f6ksen"}]},{"@type":"WebSite","@id":"https:\/\/andersadlercreutz.fi\/blog\/#website","url":"https:\/\/andersadlercreutz.fi\/blog\/","name":"Anders Adlercreutz","description":"Du. Jag. Vi. Kest&auml;v&auml;sti optimisti","potentialAction":[{"@type":"SearchAction","target":{"@type":"EntryPoint","urlTemplate":"https:\/\/andersadlercreutz.fi\/blog\/?s={search_term_string}"},"query-input":"required name=search_term_string"}],"inLanguage":"sv-SE"},{"@type":"Person","@id":"https:\/\/andersadlercreutz.fi\/blog\/#\/schema\/person\/47d4b72eded862b484f74bb4b3a2354f","name":"Anders","image":{"@type":"ImageObject","inLanguage":"sv-SE","@id":"https:\/\/andersadlercreutz.fi\/blog\/#\/schema\/person\/image\/","url":"https:\/\/secure.gravatar.com\/avatar\/a144c9bda7a581ff6fabba169027e620?s=96&d=mm&r=g","contentUrl":"https:\/\/secure.gravatar.com\/avatar\/a144c9bda7a581ff6fabba169027e620?s=96&d=mm&r=g","caption":"Anders"},"url":"https:\/\/andersadlercreutz.fi\/blog\/author\/admin\/"}]}},"jetpack_featured_media_url":"https:\/\/i0.wp.com\/andersadlercreutz.fi\/blog\/wp-content\/uploads\/2024\/05\/Anders-periaatepaatos.jpg?fit=1200%2C556&ssl=1","jetpack_shortlink":"https:\/\/wp.me\/p4T6Dh-2ve","jetpack_sharing_enabled":true,"_links":{"self":[{"href":"https:\/\/andersadlercreutz.fi\/blog\/wp-json\/wp\/v2\/posts\/9624"}],"collection":[{"href":"https:\/\/andersadlercreutz.fi\/blog\/wp-json\/wp\/v2\/posts"}],"about":[{"href":"https:\/\/andersadlercreutz.fi\/blog\/wp-json\/wp\/v2\/types\/post"}],"author":[{"embeddable":true,"href":"https:\/\/andersadlercreutz.fi\/blog\/wp-json\/wp\/v2\/users\/1"}],"replies":[{"embeddable":true,"href":"https:\/\/andersadlercreutz.fi\/blog\/wp-json\/wp\/v2\/comments?post=9624"}],"version-history":[{"count":2,"href":"https:\/\/andersadlercreutz.fi\/blog\/wp-json\/wp\/v2\/posts\/9624\/revisions"}],"predecessor-version":[{"id":9629,"href":"https:\/\/andersadlercreutz.fi\/blog\/wp-json\/wp\/v2\/posts\/9624\/revisions\/9629"}],"wp:featuredmedia":[{"embeddable":true,"href":"https:\/\/andersadlercreutz.fi\/blog\/wp-json\/wp\/v2\/media\/9625"}],"wp:attachment":[{"href":"https:\/\/andersadlercreutz.fi\/blog\/wp-json\/wp\/v2\/media?parent=9624"}],"wp:term":[{"taxonomy":"category","embeddable":true,"href":"https:\/\/andersadlercreutz.fi\/blog\/wp-json\/wp\/v2\/categories?post=9624"},{"taxonomy":"post_tag","embeddable":true,"href":"https:\/\/andersadlercreutz.fi\/blog\/wp-json\/wp\/v2\/tags?post=9624"}],"curies":[{"name":"wp","href":"https:\/\/api.w.org\/{rel}","templated":true}]}}