{"id":9653,"date":"2024-04-26T13:18:46","date_gmt":"2024-04-26T10:18:46","guid":{"rendered":"https:\/\/andersadlercreutz.fi\/blog\/?p=9653"},"modified":"2024-05-31T13:27:58","modified_gmt":"2024-05-31T10:27:58","slug":"eurooppaministerien-kokouksen-aiheena-eun-laajentuminen-ja-oikeusvaltioperiaate","status":"publish","type":"post","link":"https:\/\/andersadlercreutz.fi\/blog\/lehdistotiedote\/eurooppaministerien-kokouksen-aiheena-eun-laajentuminen-ja-oikeusvaltioperiaate\/?lang=fi","title":{"rendered":"Eurooppaministerien kokouksen aiheena EU:n laajentuminen ja oikeusvaltioperiaate"},"content":{"rendered":"<p class=\"ingress\">EU:n neuvoston puheenjohtajavaltio Belgia j\u00e4rjest\u00e4\u00e4 ep\u00e4virallisen eurooppaministerikokouksen Brysseliss\u00e4 29.\u201330. huhtikuuta. Kokous keskittyy EU:n tulevaisuuskeskusteluun, unionin laajentumiseen ja oikeusvaltiouudistuksiin hakijamaiden kanssa. Suomea kokouksessa edustaa eurooppa- ja omistajaohjausministeri Anders Adlercreutz.<\/p>\n<p>Kokous alkaa maanantai-iltana 29. huhutikutta EU:n vuoden 2004 laajentumisen 20-vuotisjuhlallisuuksilla, joihin osallistuvat my\u00f6s nykyiset EU:n hakijamaat. Tiistaina 30. huhtikuuta keskustellaan hakijamaiden kanssa oikeusvaltiouudistuksista liittymisprosessissa. T\u00e4m\u00e4n j\u00e4lkeen keskustelua oikeusvaltioperiaatteen noudattamisesta laajentuvassa unionissa jatketaan EU-maiden kesken. Kokouksen p\u00e4\u00e4tt\u00e4\u00e4 keskustelu EU:n tulevaisuudesta mahdollista laajentumista silm\u00e4ll\u00e4 pit\u00e4en.<\/p>\n<p>\u201dSuomi katsoo, ett\u00e4 hakijamaiden omiin ansioihin ja j\u00e4senyyskriteerien t\u00e4ytt\u00e4miseen perustuva laajentuminen vahvistaa unionin omaa turvallisuutta, globaalia asemaa sek\u00e4 taloudellista hyvinvointia ja edist\u00e4\u00e4 demokratiaa, oikeusvaltiokehityst\u00e4 ja perusoikeuksien toteutumista. Unionin laajentuminen tarkoittaisi my\u00f6s nykyist\u00e4 suurempia sis\u00e4markkinoita ja uusia kasvumahdollisuuksia suomalaisille yrityksille\u201d, sanoo ministeri Adlercreutz.<\/p>\n<p>Oikeusvaltiokysymyksiss\u00e4 Suomi jatkaa pitk\u00e4aikaisella toimintalinjallaan ja edist\u00e4\u00e4 oikeusvaltioperiaatteen toteutumista ja korruption torjuntaa EU:ssa. Erityisen t\u00e4rke\u00e4\u00e4 on, ett\u00e4 unionin budjetista saatava rahoitus linkitet\u00e4\u00e4n tiiviisti oikeusvaltioperiaatteen kunnioittamiseen, varojen v\u00e4\u00e4rink\u00e4yt\u00f6n vastaisiin toimiin ja korruption ehk\u00e4isemiseen.<\/p>\n<p>Suomen n\u00e4kemyksen mukaan EU:n tulee jatkaa tukea hakijamaille l\u00e4hentymisen vauhdittamiseksi ja j\u00e4senyyskriteerien t\u00e4ytt\u00e4miseksi. Liittymisprosessin rinnalla unionin tulee edet\u00e4 tarvittavassa sis\u00e4isess\u00e4 pohjaty\u00f6ss\u00e4. EU:n toimintaa on uudistettava ja tehostettava ensisijaisesti nykyisten perussopimusten puitteissa. Nykyisess\u00e4 geopoliittisessa tilanteessa Suomi korostaa etenkin It\u00e4- ja Pohjois-Suomen merkityst\u00e4 koko Euroopan turvallisuudelle.<\/p>\n<p>Kyse on ep\u00e4virallisesta ministerikokouksesta ja n\u00e4kemysten vaihdosta, joten p\u00e4\u00e4t\u00f6ksi\u00e4 kokouksessa ei tehd\u00e4.<\/p>\n","protected":false},"excerpt":{"rendered":"<p>EU:n neuvoston puheenjohtajavaltio Belgia j\u00e4rjest\u00e4\u00e4 ep\u00e4virallisen eurooppaministerikokouksen Brysseliss\u00e4 29.\u201330. huhtikuuta. Kokous keskittyy EU:n tulevaisuuskeskusteluun, unionin laajentumiseen ja oikeusvaltiouudistuksiin hakijamaiden kanssa. Suomea kokouksessa edustaa eurooppa- ja omistajaohjausministeri Anders Adlercreutz. Kokous alkaa maanantai-iltana 29. huhutikutta EU:n vuoden 2004 laajentumisen 20-vuotisjuhlallisuuksilla, joihin osallistuvat my\u00f6s nykyiset EU:n hakijamaat. Tiistaina 30. huhtikuuta keskustellaan hakijamaiden kanssa oikeusvaltiouudistuksista liittymisprosessissa. T\u00e4m\u00e4n j\u00e4lkeen keskustelua [&hellip;]<\/p>\n","protected":false},"author":1,"featured_media":9654,"comment_status":"open","ping_status":"open","sticky":false,"template":"","format":"standard","meta":{"jetpack_post_was_ever_published":false,"_jetpack_newsletter_access":"","jetpack_publicize_message":"","jetpack_is_tweetstorm":false,"jetpack_publicize_feature_enabled":true,"jetpack_social_post_already_shared":true,"jetpack_social_options":{"image_generator_settings":{"template":"highway","enabled":false}}},"categories":[71],"tags":[],"jetpack_publicize_connections":[],"yoast_head":"<!-- This site is optimized with the Yoast SEO plugin v20.12 - https:\/\/yoast.com\/wordpress\/plugins\/seo\/ -->\n<title>Eurooppaministerien kokouksen aiheena EU:n laajentuminen ja oikeusvaltioperiaate - Anders Adlercreutz<\/title>\n<meta name=\"robots\" content=\"index, follow, max-snippet:-1, max-image-preview:large, max-video-preview:-1\" \/>\n<link rel=\"canonical\" href=\"https:\/\/andersadlercreutz.fi\/blog\/lehdistotiedote\/eurooppaministerien-kokouksen-aiheena-eun-laajentuminen-ja-oikeusvaltioperiaate\/\" \/>\n<meta property=\"og:locale\" content=\"sv_SE\" \/>\n<meta property=\"og:type\" content=\"article\" \/>\n<meta property=\"og:title\" content=\"Eurooppaministerien kokouksen aiheena EU:n laajentuminen ja oikeusvaltioperiaate - Anders Adlercreutz\" \/>\n<meta property=\"og:description\" content=\"EU:n neuvoston puheenjohtajavaltio Belgia j\u00e4rjest\u00e4\u00e4 ep\u00e4virallisen eurooppaministerikokouksen Brysseliss\u00e4 29.\u201330. huhtikuuta. Kokous keskittyy EU:n tulevaisuuskeskusteluun, unionin laajentumiseen ja oikeusvaltiouudistuksiin hakijamaiden kanssa. Suomea kokouksessa edustaa eurooppa- ja omistajaohjausministeri Anders Adlercreutz. Kokous alkaa maanantai-iltana 29. huhutikutta EU:n vuoden 2004 laajentumisen 20-vuotisjuhlallisuuksilla, joihin osallistuvat my\u00f6s nykyiset EU:n hakijamaat. Tiistaina 30. huhtikuuta keskustellaan hakijamaiden kanssa oikeusvaltiouudistuksista liittymisprosessissa. T\u00e4m\u00e4n j\u00e4lkeen keskustelua [&hellip;]\" \/>\n<meta property=\"og:url\" content=\"https:\/\/andersadlercreutz.fi\/blog\/lehdistotiedote\/eurooppaministerien-kokouksen-aiheena-eun-laajentuminen-ja-oikeusvaltioperiaate\/?lang=fi\" \/>\n<meta property=\"og:site_name\" content=\"Anders Adlercreutz\" \/>\n<meta property=\"article:published_time\" content=\"2024-04-26T10:18:46+00:00\" \/>\n<meta property=\"article:modified_time\" content=\"2024-05-31T10:27:58+00:00\" \/>\n<meta property=\"og:image\" content=\"https:\/\/andersadlercreutz.fi\/blog\/wp-content\/uploads\/2024\/05\/YAN-april.jpg\" \/>\n\t<meta property=\"og:image:width\" content=\"1200\" \/>\n\t<meta property=\"og:image:height\" content=\"541\" \/>\n\t<meta property=\"og:image:type\" content=\"image\/jpeg\" \/>\n<meta name=\"author\" content=\"Anders\" \/>\n<meta name=\"twitter:card\" content=\"summary_large_image\" \/>\n<meta name=\"twitter:label1\" content=\"Skriven av\" \/>\n\t<meta name=\"twitter:data1\" content=\"Anders\" \/>\n\t<meta name=\"twitter:label2\" content=\"Ber\u00e4knad l\u00e4stid\" \/>\n\t<meta name=\"twitter:data2\" content=\"2 minuter\" \/>\n<script type=\"application\/ld+json\" class=\"yoast-schema-graph\">{\"@context\":\"https:\/\/schema.org\",\"@graph\":[{\"@type\":\"WebPage\",\"@id\":\"https:\/\/andersadlercreutz.fi\/blog\/lehdistotiedote\/eurooppaministerien-kokouksen-aiheena-eun-laajentuminen-ja-oikeusvaltioperiaate\/?lang=fi\",\"url\":\"https:\/\/andersadlercreutz.fi\/blog\/lehdistotiedote\/eurooppaministerien-kokouksen-aiheena-eun-laajentuminen-ja-oikeusvaltioperiaate\/?lang=fi\",\"name\":\"Eurooppaministerien kokouksen aiheena EU:n laajentuminen ja oikeusvaltioperiaate - Anders Adlercreutz\",\"isPartOf\":{\"@id\":\"https:\/\/andersadlercreutz.fi\/blog\/#website\"},\"datePublished\":\"2024-04-26T10:18:46+00:00\",\"dateModified\":\"2024-05-31T10:27:58+00:00\",\"author\":{\"@id\":\"https:\/\/andersadlercreutz.fi\/blog\/#\/schema\/person\/47d4b72eded862b484f74bb4b3a2354f\"},\"breadcrumb\":{\"@id\":\"https:\/\/andersadlercreutz.fi\/blog\/lehdistotiedote\/eurooppaministerien-kokouksen-aiheena-eun-laajentuminen-ja-oikeusvaltioperiaate\/?lang=fi#breadcrumb\"},\"inLanguage\":\"sv-SE\",\"potentialAction\":[{\"@type\":\"ReadAction\",\"target\":[\"https:\/\/andersadlercreutz.fi\/blog\/lehdistotiedote\/eurooppaministerien-kokouksen-aiheena-eun-laajentuminen-ja-oikeusvaltioperiaate\/?lang=fi\"]}]},{\"@type\":\"BreadcrumbList\",\"@id\":\"https:\/\/andersadlercreutz.fi\/blog\/lehdistotiedote\/eurooppaministerien-kokouksen-aiheena-eun-laajentuminen-ja-oikeusvaltioperiaate\/?lang=fi#breadcrumb\",\"itemListElement\":[{\"@type\":\"ListItem\",\"position\":1,\"name\":\"Home\",\"item\":\"https:\/\/andersadlercreutz.fi\/blog\/blogg\/?lang=sv\"},{\"@type\":\"ListItem\",\"position\":2,\"name\":\"Eurooppaministerien kokouksen aiheena EU:n laajentuminen ja oikeusvaltioperiaate\"}]},{\"@type\":\"WebSite\",\"@id\":\"https:\/\/andersadlercreutz.fi\/blog\/#website\",\"url\":\"https:\/\/andersadlercreutz.fi\/blog\/\",\"name\":\"Anders Adlercreutz\",\"description\":\"Du. Jag. Vi. Kest&auml;v&auml;sti optimisti\",\"potentialAction\":[{\"@type\":\"SearchAction\",\"target\":{\"@type\":\"EntryPoint\",\"urlTemplate\":\"https:\/\/andersadlercreutz.fi\/blog\/?s={search_term_string}\"},\"query-input\":\"required name=search_term_string\"}],\"inLanguage\":\"sv-SE\"},{\"@type\":\"Person\",\"@id\":\"https:\/\/andersadlercreutz.fi\/blog\/#\/schema\/person\/47d4b72eded862b484f74bb4b3a2354f\",\"name\":\"Anders\",\"image\":{\"@type\":\"ImageObject\",\"inLanguage\":\"sv-SE\",\"@id\":\"https:\/\/andersadlercreutz.fi\/blog\/#\/schema\/person\/image\/\",\"url\":\"https:\/\/secure.gravatar.com\/avatar\/a144c9bda7a581ff6fabba169027e620?s=96&d=mm&r=g\",\"contentUrl\":\"https:\/\/secure.gravatar.com\/avatar\/a144c9bda7a581ff6fabba169027e620?s=96&d=mm&r=g\",\"caption\":\"Anders\"},\"url\":\"https:\/\/andersadlercreutz.fi\/blog\/author\/admin\/\"}]}<\/script>\n<!-- \/ Yoast SEO plugin. -->","yoast_head_json":{"title":"Eurooppaministerien kokouksen aiheena EU:n laajentuminen ja oikeusvaltioperiaate - Anders Adlercreutz","robots":{"index":"index","follow":"follow","max-snippet":"max-snippet:-1","max-image-preview":"max-image-preview:large","max-video-preview":"max-video-preview:-1"},"canonical":"https:\/\/andersadlercreutz.fi\/blog\/lehdistotiedote\/eurooppaministerien-kokouksen-aiheena-eun-laajentuminen-ja-oikeusvaltioperiaate\/","og_locale":"sv_SE","og_type":"article","og_title":"Eurooppaministerien kokouksen aiheena EU:n laajentuminen ja oikeusvaltioperiaate - Anders Adlercreutz","og_description":"EU:n neuvoston puheenjohtajavaltio Belgia j\u00e4rjest\u00e4\u00e4 ep\u00e4virallisen eurooppaministerikokouksen Brysseliss\u00e4 29.\u201330. huhtikuuta. Kokous keskittyy EU:n tulevaisuuskeskusteluun, unionin laajentumiseen ja oikeusvaltiouudistuksiin hakijamaiden kanssa. Suomea kokouksessa edustaa eurooppa- ja omistajaohjausministeri Anders Adlercreutz. Kokous alkaa maanantai-iltana 29. huhutikutta EU:n vuoden 2004 laajentumisen 20-vuotisjuhlallisuuksilla, joihin osallistuvat my\u00f6s nykyiset EU:n hakijamaat. Tiistaina 30. huhtikuuta keskustellaan hakijamaiden kanssa oikeusvaltiouudistuksista liittymisprosessissa. T\u00e4m\u00e4n j\u00e4lkeen keskustelua [&hellip;]","og_url":"https:\/\/andersadlercreutz.fi\/blog\/lehdistotiedote\/eurooppaministerien-kokouksen-aiheena-eun-laajentuminen-ja-oikeusvaltioperiaate\/?lang=fi","og_site_name":"Anders Adlercreutz","article_published_time":"2024-04-26T10:18:46+00:00","article_modified_time":"2024-05-31T10:27:58+00:00","og_image":[{"width":1200,"height":541,"url":"https:\/\/andersadlercreutz.fi\/blog\/wp-content\/uploads\/2024\/05\/YAN-april.jpg","type":"image\/jpeg"}],"author":"Anders","twitter_card":"summary_large_image","twitter_misc":{"Skriven av":"Anders","Ber\u00e4knad l\u00e4stid":"2 minuter"},"schema":{"@context":"https:\/\/schema.org","@graph":[{"@type":"WebPage","@id":"https:\/\/andersadlercreutz.fi\/blog\/lehdistotiedote\/eurooppaministerien-kokouksen-aiheena-eun-laajentuminen-ja-oikeusvaltioperiaate\/?lang=fi","url":"https:\/\/andersadlercreutz.fi\/blog\/lehdistotiedote\/eurooppaministerien-kokouksen-aiheena-eun-laajentuminen-ja-oikeusvaltioperiaate\/?lang=fi","name":"Eurooppaministerien kokouksen aiheena EU:n laajentuminen ja oikeusvaltioperiaate - Anders Adlercreutz","isPartOf":{"@id":"https:\/\/andersadlercreutz.fi\/blog\/#website"},"datePublished":"2024-04-26T10:18:46+00:00","dateModified":"2024-05-31T10:27:58+00:00","author":{"@id":"https:\/\/andersadlercreutz.fi\/blog\/#\/schema\/person\/47d4b72eded862b484f74bb4b3a2354f"},"breadcrumb":{"@id":"https:\/\/andersadlercreutz.fi\/blog\/lehdistotiedote\/eurooppaministerien-kokouksen-aiheena-eun-laajentuminen-ja-oikeusvaltioperiaate\/?lang=fi#breadcrumb"},"inLanguage":"sv-SE","potentialAction":[{"@type":"ReadAction","target":["https:\/\/andersadlercreutz.fi\/blog\/lehdistotiedote\/eurooppaministerien-kokouksen-aiheena-eun-laajentuminen-ja-oikeusvaltioperiaate\/?lang=fi"]}]},{"@type":"BreadcrumbList","@id":"https:\/\/andersadlercreutz.fi\/blog\/lehdistotiedote\/eurooppaministerien-kokouksen-aiheena-eun-laajentuminen-ja-oikeusvaltioperiaate\/?lang=fi#breadcrumb","itemListElement":[{"@type":"ListItem","position":1,"name":"Home","item":"https:\/\/andersadlercreutz.fi\/blog\/blogg\/?lang=sv"},{"@type":"ListItem","position":2,"name":"Eurooppaministerien kokouksen aiheena EU:n laajentuminen ja oikeusvaltioperiaate"}]},{"@type":"WebSite","@id":"https:\/\/andersadlercreutz.fi\/blog\/#website","url":"https:\/\/andersadlercreutz.fi\/blog\/","name":"Anders Adlercreutz","description":"Du. Jag. Vi. Kest&auml;v&auml;sti optimisti","potentialAction":[{"@type":"SearchAction","target":{"@type":"EntryPoint","urlTemplate":"https:\/\/andersadlercreutz.fi\/blog\/?s={search_term_string}"},"query-input":"required name=search_term_string"}],"inLanguage":"sv-SE"},{"@type":"Person","@id":"https:\/\/andersadlercreutz.fi\/blog\/#\/schema\/person\/47d4b72eded862b484f74bb4b3a2354f","name":"Anders","image":{"@type":"ImageObject","inLanguage":"sv-SE","@id":"https:\/\/andersadlercreutz.fi\/blog\/#\/schema\/person\/image\/","url":"https:\/\/secure.gravatar.com\/avatar\/a144c9bda7a581ff6fabba169027e620?s=96&d=mm&r=g","contentUrl":"https:\/\/secure.gravatar.com\/avatar\/a144c9bda7a581ff6fabba169027e620?s=96&d=mm&r=g","caption":"Anders"},"url":"https:\/\/andersadlercreutz.fi\/blog\/author\/admin\/"}]}},"jetpack_featured_media_url":"https:\/\/i0.wp.com\/andersadlercreutz.fi\/blog\/wp-content\/uploads\/2024\/05\/YAN-april.jpg?fit=1200%2C541&ssl=1","jetpack_shortlink":"https:\/\/wp.me\/p4T6Dh-2vH","jetpack_sharing_enabled":true,"_links":{"self":[{"href":"https:\/\/andersadlercreutz.fi\/blog\/wp-json\/wp\/v2\/posts\/9653"}],"collection":[{"href":"https:\/\/andersadlercreutz.fi\/blog\/wp-json\/wp\/v2\/posts"}],"about":[{"href":"https:\/\/andersadlercreutz.fi\/blog\/wp-json\/wp\/v2\/types\/post"}],"author":[{"embeddable":true,"href":"https:\/\/andersadlercreutz.fi\/blog\/wp-json\/wp\/v2\/users\/1"}],"replies":[{"embeddable":true,"href":"https:\/\/andersadlercreutz.fi\/blog\/wp-json\/wp\/v2\/comments?post=9653"}],"version-history":[{"count":2,"href":"https:\/\/andersadlercreutz.fi\/blog\/wp-json\/wp\/v2\/posts\/9653\/revisions"}],"predecessor-version":[{"id":9658,"href":"https:\/\/andersadlercreutz.fi\/blog\/wp-json\/wp\/v2\/posts\/9653\/revisions\/9658"}],"wp:featuredmedia":[{"embeddable":true,"href":"https:\/\/andersadlercreutz.fi\/blog\/wp-json\/wp\/v2\/media\/9654"}],"wp:attachment":[{"href":"https:\/\/andersadlercreutz.fi\/blog\/wp-json\/wp\/v2\/media?parent=9653"}],"wp:term":[{"taxonomy":"category","embeddable":true,"href":"https:\/\/andersadlercreutz.fi\/blog\/wp-json\/wp\/v2\/categories?post=9653"},{"taxonomy":"post_tag","embeddable":true,"href":"https:\/\/andersadlercreutz.fi\/blog\/wp-json\/wp\/v2\/tags?post=9653"}],"curies":[{"name":"wp","href":"https:\/\/api.w.org\/{rel}","templated":true}]}}