{"id":9672,"date":"2024-04-17T15:00:21","date_gmt":"2024-04-17T12:00:21","guid":{"rendered":"https:\/\/andersadlercreutz.fi\/blog\/?p=9672"},"modified":"2024-05-31T15:01:07","modified_gmt":"2024-05-31T12:01:07","slug":"ministeri-adlercreutzin-ja-tshekin-eurooppaministeri-dvorakin-tapaamisessa-painottuivat-toimet-euroopan-rauhan-ja-kilpailukyvyn-takaamiseksi","status":"publish","type":"post","link":"https:\/\/andersadlercreutz.fi\/blog\/pressmeddelande-fi\/ministeri-adlercreutzin-ja-tshekin-eurooppaministeri-dvorakin-tapaamisessa-painottuivat-toimet-euroopan-rauhan-ja-kilpailukyvyn-takaamiseksi\/?lang=fi","title":{"rendered":"Ministeri Adlercreutzin ja Tshekin eurooppaministeri Dvo\u0159\u00e1kin tapaamisessa painottuivat toimet Euroopan rauhan ja kilpailukyvyn takaamiseksi"},"content":{"rendered":"<p class=\"ingress\">Eurooppa- ja omistajaohjausministeri Anders Adlercreutz ja Tshekin eurooppaministeri Martin Dvo\u0159\u00e1k tapasivat Helsingiss\u00e4 keskiviikkona 17. huhtikuuta. Keskusteluissa korostui yhteinen tahto toimille, joilla turvataan Euroopan turvallisuus ja kilpailukyky kest\u00e4v\u00e4sti pitk\u00e4ll\u00e4 aikav\u00e4lill\u00e4.<\/p>\n<p>Ministerien agendalla olivat laajasti ajankohtaiset EU-aiheet, kuten unionin laajentuminen ja oikeusvaltiokysymykset. Lis\u00e4ksi ministerit keskustelivat toimista vahvistaa tukea Ukrainalle sen puolustautuessa Ven\u00e4j\u00e4n laitonta hy\u00f6kk\u00e4yst\u00e4 vastaan.<\/p>\n<p>Suomi ja Tshekki ja ovat samanmielisi\u00e4 monessa kysymyksess\u00e4. Maita yhdist\u00e4v\u00e4t muun muassa vahva tuki Ukrainalle, EU:n kilpailukyvyn ja vapaiden sis\u00e4markkinoiden merkityksen korostaminen, positiivinen suhtautuminen EU:n laajentumiseen ja halu kohdistaa lis\u00e4rahoitusta Euroopan puolustusteollisuudelle. Lis\u00e4ksi samanmielisyys n\u00e4kyy energiakysymyksiss\u00e4, erityisesti positiivisena suhtautumisena ydinvoimaan.<\/p>\n<p>Keskusteluissa esill\u00e4 oli my\u00f6s tarve EU:n sis\u00e4iselle uudistumiselle, jotta se on valmis tulevaan laajentumiseen. Komissio aikoo toteuttaa perusteellisemmat arviot unionin uudistustarpeista vuoden 2025 alussa.<\/p>\n<p>\u201dEU:n laajentuminen tulee n\u00e4hd\u00e4 koko Euroopan turvallisuuden n\u00e4k\u00f6kulmasta. Ratkaisevassa roolissa on hakijamaiden oma sitoutuminen vaadittaviin uudistuksiin. Suomi ja EU ovat t\u00e4ss\u00e4 ty\u00f6ss\u00e4 hakijamaiden tukena. Nykyisess\u00e4 geopoliittisessa tilanteessa etenkin sitoutuminen EU:n ulko- ja turvallisuuspoliittiseen linjaan on keskeist\u00e4\u201d, sanoo ministeri Adlercreutz.<\/p>\n<p>Ministeri Adlercreutz kiitti my\u00f6s Tshekki\u00e4 maan aloitteesta ammustuotteiden yhteishankinnasta Ukrainalle. Tshekin aloite koskee yhteishankintaa useiden eri Euroopan maiden kanssa hy\u00f6dynt\u00e4en T\u0161ekin ammustuotteiden toimittajayhteyksi\u00e4 Euroopan ulkopuolella.<\/p>\n<p>\u201dAmpumatarvikkeiden yhteishankinta on eritt\u00e4in t\u00e4rke\u00e4 apu Ukrainan akuuttiin ammuspulaan sen puolustustaistelussa Ven\u00e4j\u00e4n laitonta ja brutaalia hy\u00f6kk\u00e4yst\u00e4 vastaan. Suomi on p\u00e4\u00e4tt\u00e4nyt jo osallistua hankkeeseen 30 miljoonalla eurolla\u201d, toteaa ministeri Adlercreutz.<\/p>\n<p>Ministerit Adlercreutz ja Dvo\u0159\u00e1k ovat kollegoja EU:n yleisten asioiden neuvostossa. Neuvosto vastaa useista monialaisista politiikoista kuten rahoituskehysneuvotteluista ja EU:n laajentumisesta. My\u00f6s oikeusvaltioperiaatteeseen liittyv\u00e4t kysymykset kuuluvat vakiintuneesti neuvoston asialistalle.<\/p>\n<p><strong>Lis\u00e4tietoja:<\/strong>\u00a0erityisavustaja Andreas Elfving p. 050 310 0274 ja erityisasiantuntija Heli Siivola p. 050 576 7745, valtioneuvoston kanslia<\/p>\n","protected":false},"excerpt":{"rendered":"<p>Eurooppa- ja omistajaohjausministeri Anders Adlercreutz ja Tshekin eurooppaministeri Martin Dvo\u0159\u00e1k tapasivat Helsingiss\u00e4 keskiviikkona 17. huhtikuuta. Keskusteluissa korostui yhteinen tahto toimille, joilla turvataan Euroopan turvallisuus ja kilpailukyky kest\u00e4v\u00e4sti pitk\u00e4ll\u00e4 aikav\u00e4lill\u00e4. Ministerien agendalla olivat laajasti ajankohtaiset EU-aiheet, kuten unionin laajentuminen ja oikeusvaltiokysymykset. Lis\u00e4ksi ministerit keskustelivat toimista vahvistaa tukea Ukrainalle sen puolustautuessa Ven\u00e4j\u00e4n laitonta hy\u00f6kk\u00e4yst\u00e4 vastaan. Suomi ja [&hellip;]<\/p>\n","protected":false},"author":1,"featured_media":9668,"comment_status":"open","ping_status":"open","sticky":false,"template":"","format":"standard","meta":{"jetpack_post_was_ever_published":false,"_jetpack_newsletter_access":"","jetpack_publicize_message":"","jetpack_is_tweetstorm":false,"jetpack_publicize_feature_enabled":true,"jetpack_social_post_already_shared":true,"jetpack_social_options":{"image_generator_settings":{"template":"highway","enabled":false}}},"categories":[163],"tags":[],"jetpack_publicize_connections":[],"yoast_head":"<!-- This site is optimized with the Yoast SEO plugin v20.12 - https:\/\/yoast.com\/wordpress\/plugins\/seo\/ -->\n<title>Ministeri Adlercreutzin ja Tshekin eurooppaministeri Dvo\u0159\u00e1kin tapaamisessa painottuivat toimet Euroopan rauhan ja kilpailukyvyn takaamiseksi - Anders Adlercreutz<\/title>\n<meta name=\"robots\" content=\"index, follow, max-snippet:-1, max-image-preview:large, max-video-preview:-1\" \/>\n<link rel=\"canonical\" href=\"https:\/\/andersadlercreutz.fi\/blog\/pressmeddelande-fi\/ministeri-adlercreutzin-ja-tshekin-eurooppaministeri-dvorakin-tapaamisessa-painottuivat-toimet-euroopan-rauhan-ja-kilpailukyvyn-takaamiseksi\/\" \/>\n<meta property=\"og:locale\" content=\"sv_SE\" \/>\n<meta property=\"og:type\" content=\"article\" \/>\n<meta property=\"og:title\" content=\"Ministeri Adlercreutzin ja Tshekin eurooppaministeri Dvo\u0159\u00e1kin tapaamisessa painottuivat toimet Euroopan rauhan ja kilpailukyvyn takaamiseksi - Anders Adlercreutz\" \/>\n<meta property=\"og:description\" content=\"Eurooppa- ja omistajaohjausministeri Anders Adlercreutz ja Tshekin eurooppaministeri Martin Dvo\u0159\u00e1k tapasivat Helsingiss\u00e4 keskiviikkona 17. huhtikuuta. Keskusteluissa korostui yhteinen tahto toimille, joilla turvataan Euroopan turvallisuus ja kilpailukyky kest\u00e4v\u00e4sti pitk\u00e4ll\u00e4 aikav\u00e4lill\u00e4. Ministerien agendalla olivat laajasti ajankohtaiset EU-aiheet, kuten unionin laajentuminen ja oikeusvaltiokysymykset. Lis\u00e4ksi ministerit keskustelivat toimista vahvistaa tukea Ukrainalle sen puolustautuessa Ven\u00e4j\u00e4n laitonta hy\u00f6kk\u00e4yst\u00e4 vastaan. Suomi ja [&hellip;]\" \/>\n<meta property=\"og:url\" content=\"https:\/\/andersadlercreutz.fi\/blog\/pressmeddelande-fi\/ministeri-adlercreutzin-ja-tshekin-eurooppaministeri-dvorakin-tapaamisessa-painottuivat-toimet-euroopan-rauhan-ja-kilpailukyvyn-takaamiseksi\/?lang=fi\" \/>\n<meta property=\"og:site_name\" content=\"Anders Adlercreutz\" \/>\n<meta property=\"article:published_time\" content=\"2024-04-17T12:00:21+00:00\" \/>\n<meta property=\"article:modified_time\" content=\"2024-05-31T12:01:07+00:00\" \/>\n<meta property=\"og:image\" content=\"https:\/\/andersadlercreutz.fi\/blog\/wp-content\/uploads\/2024\/05\/Tshekin-eurooppaministeri-1.jpg\" \/>\n\t<meta property=\"og:image:width\" content=\"1200\" \/>\n\t<meta property=\"og:image:height\" content=\"524\" \/>\n\t<meta property=\"og:image:type\" content=\"image\/jpeg\" \/>\n<meta name=\"author\" content=\"Anders\" \/>\n<meta name=\"twitter:card\" content=\"summary_large_image\" \/>\n<meta name=\"twitter:label1\" content=\"Skriven av\" \/>\n\t<meta name=\"twitter:data1\" content=\"Anders\" \/>\n\t<meta name=\"twitter:label2\" content=\"Ber\u00e4knad l\u00e4stid\" \/>\n\t<meta name=\"twitter:data2\" content=\"2 minuter\" \/>\n<script type=\"application\/ld+json\" class=\"yoast-schema-graph\">{\"@context\":\"https:\/\/schema.org\",\"@graph\":[{\"@type\":\"WebPage\",\"@id\":\"https:\/\/andersadlercreutz.fi\/blog\/pressmeddelande-fi\/ministeri-adlercreutzin-ja-tshekin-eurooppaministeri-dvorakin-tapaamisessa-painottuivat-toimet-euroopan-rauhan-ja-kilpailukyvyn-takaamiseksi\/?lang=fi\",\"url\":\"https:\/\/andersadlercreutz.fi\/blog\/pressmeddelande-fi\/ministeri-adlercreutzin-ja-tshekin-eurooppaministeri-dvorakin-tapaamisessa-painottuivat-toimet-euroopan-rauhan-ja-kilpailukyvyn-takaamiseksi\/?lang=fi\",\"name\":\"Ministeri Adlercreutzin ja Tshekin eurooppaministeri Dvo\u0159\u00e1kin tapaamisessa painottuivat toimet Euroopan rauhan ja kilpailukyvyn takaamiseksi - Anders Adlercreutz\",\"isPartOf\":{\"@id\":\"https:\/\/andersadlercreutz.fi\/blog\/#website\"},\"datePublished\":\"2024-04-17T12:00:21+00:00\",\"dateModified\":\"2024-05-31T12:01:07+00:00\",\"author\":{\"@id\":\"https:\/\/andersadlercreutz.fi\/blog\/#\/schema\/person\/47d4b72eded862b484f74bb4b3a2354f\"},\"breadcrumb\":{\"@id\":\"https:\/\/andersadlercreutz.fi\/blog\/pressmeddelande-fi\/ministeri-adlercreutzin-ja-tshekin-eurooppaministeri-dvorakin-tapaamisessa-painottuivat-toimet-euroopan-rauhan-ja-kilpailukyvyn-takaamiseksi\/?lang=fi#breadcrumb\"},\"inLanguage\":\"sv-SE\",\"potentialAction\":[{\"@type\":\"ReadAction\",\"target\":[\"https:\/\/andersadlercreutz.fi\/blog\/pressmeddelande-fi\/ministeri-adlercreutzin-ja-tshekin-eurooppaministeri-dvorakin-tapaamisessa-painottuivat-toimet-euroopan-rauhan-ja-kilpailukyvyn-takaamiseksi\/?lang=fi\"]}]},{\"@type\":\"BreadcrumbList\",\"@id\":\"https:\/\/andersadlercreutz.fi\/blog\/pressmeddelande-fi\/ministeri-adlercreutzin-ja-tshekin-eurooppaministeri-dvorakin-tapaamisessa-painottuivat-toimet-euroopan-rauhan-ja-kilpailukyvyn-takaamiseksi\/?lang=fi#breadcrumb\",\"itemListElement\":[{\"@type\":\"ListItem\",\"position\":1,\"name\":\"Home\",\"item\":\"https:\/\/andersadlercreutz.fi\/blog\/blogg\/?lang=sv\"},{\"@type\":\"ListItem\",\"position\":2,\"name\":\"Ministeri Adlercreutzin ja Tshekin eurooppaministeri Dvo\u0159\u00e1kin tapaamisessa painottuivat toimet Euroopan rauhan ja kilpailukyvyn takaamiseksi\"}]},{\"@type\":\"WebSite\",\"@id\":\"https:\/\/andersadlercreutz.fi\/blog\/#website\",\"url\":\"https:\/\/andersadlercreutz.fi\/blog\/\",\"name\":\"Anders Adlercreutz\",\"description\":\"Du. Jag. Vi. Kest&auml;v&auml;sti optimisti\",\"potentialAction\":[{\"@type\":\"SearchAction\",\"target\":{\"@type\":\"EntryPoint\",\"urlTemplate\":\"https:\/\/andersadlercreutz.fi\/blog\/?s={search_term_string}\"},\"query-input\":\"required name=search_term_string\"}],\"inLanguage\":\"sv-SE\"},{\"@type\":\"Person\",\"@id\":\"https:\/\/andersadlercreutz.fi\/blog\/#\/schema\/person\/47d4b72eded862b484f74bb4b3a2354f\",\"name\":\"Anders\",\"image\":{\"@type\":\"ImageObject\",\"inLanguage\":\"sv-SE\",\"@id\":\"https:\/\/andersadlercreutz.fi\/blog\/#\/schema\/person\/image\/\",\"url\":\"https:\/\/secure.gravatar.com\/avatar\/a144c9bda7a581ff6fabba169027e620?s=96&d=mm&r=g\",\"contentUrl\":\"https:\/\/secure.gravatar.com\/avatar\/a144c9bda7a581ff6fabba169027e620?s=96&d=mm&r=g\",\"caption\":\"Anders\"},\"url\":\"https:\/\/andersadlercreutz.fi\/blog\/author\/admin\/\"}]}<\/script>\n<!-- \/ Yoast SEO plugin. -->","yoast_head_json":{"title":"Ministeri Adlercreutzin ja Tshekin eurooppaministeri Dvo\u0159\u00e1kin tapaamisessa painottuivat toimet Euroopan rauhan ja kilpailukyvyn takaamiseksi - Anders Adlercreutz","robots":{"index":"index","follow":"follow","max-snippet":"max-snippet:-1","max-image-preview":"max-image-preview:large","max-video-preview":"max-video-preview:-1"},"canonical":"https:\/\/andersadlercreutz.fi\/blog\/pressmeddelande-fi\/ministeri-adlercreutzin-ja-tshekin-eurooppaministeri-dvorakin-tapaamisessa-painottuivat-toimet-euroopan-rauhan-ja-kilpailukyvyn-takaamiseksi\/","og_locale":"sv_SE","og_type":"article","og_title":"Ministeri Adlercreutzin ja Tshekin eurooppaministeri Dvo\u0159\u00e1kin tapaamisessa painottuivat toimet Euroopan rauhan ja kilpailukyvyn takaamiseksi - Anders Adlercreutz","og_description":"Eurooppa- ja omistajaohjausministeri Anders Adlercreutz ja Tshekin eurooppaministeri Martin Dvo\u0159\u00e1k tapasivat Helsingiss\u00e4 keskiviikkona 17. huhtikuuta. Keskusteluissa korostui yhteinen tahto toimille, joilla turvataan Euroopan turvallisuus ja kilpailukyky kest\u00e4v\u00e4sti pitk\u00e4ll\u00e4 aikav\u00e4lill\u00e4. Ministerien agendalla olivat laajasti ajankohtaiset EU-aiheet, kuten unionin laajentuminen ja oikeusvaltiokysymykset. Lis\u00e4ksi ministerit keskustelivat toimista vahvistaa tukea Ukrainalle sen puolustautuessa Ven\u00e4j\u00e4n laitonta hy\u00f6kk\u00e4yst\u00e4 vastaan. Suomi ja [&hellip;]","og_url":"https:\/\/andersadlercreutz.fi\/blog\/pressmeddelande-fi\/ministeri-adlercreutzin-ja-tshekin-eurooppaministeri-dvorakin-tapaamisessa-painottuivat-toimet-euroopan-rauhan-ja-kilpailukyvyn-takaamiseksi\/?lang=fi","og_site_name":"Anders Adlercreutz","article_published_time":"2024-04-17T12:00:21+00:00","article_modified_time":"2024-05-31T12:01:07+00:00","og_image":[{"width":1200,"height":524,"url":"https:\/\/andersadlercreutz.fi\/blog\/wp-content\/uploads\/2024\/05\/Tshekin-eurooppaministeri-1.jpg","type":"image\/jpeg"}],"author":"Anders","twitter_card":"summary_large_image","twitter_misc":{"Skriven av":"Anders","Ber\u00e4knad l\u00e4stid":"2 minuter"},"schema":{"@context":"https:\/\/schema.org","@graph":[{"@type":"WebPage","@id":"https:\/\/andersadlercreutz.fi\/blog\/pressmeddelande-fi\/ministeri-adlercreutzin-ja-tshekin-eurooppaministeri-dvorakin-tapaamisessa-painottuivat-toimet-euroopan-rauhan-ja-kilpailukyvyn-takaamiseksi\/?lang=fi","url":"https:\/\/andersadlercreutz.fi\/blog\/pressmeddelande-fi\/ministeri-adlercreutzin-ja-tshekin-eurooppaministeri-dvorakin-tapaamisessa-painottuivat-toimet-euroopan-rauhan-ja-kilpailukyvyn-takaamiseksi\/?lang=fi","name":"Ministeri Adlercreutzin ja Tshekin eurooppaministeri Dvo\u0159\u00e1kin tapaamisessa painottuivat toimet Euroopan rauhan ja kilpailukyvyn takaamiseksi - Anders Adlercreutz","isPartOf":{"@id":"https:\/\/andersadlercreutz.fi\/blog\/#website"},"datePublished":"2024-04-17T12:00:21+00:00","dateModified":"2024-05-31T12:01:07+00:00","author":{"@id":"https:\/\/andersadlercreutz.fi\/blog\/#\/schema\/person\/47d4b72eded862b484f74bb4b3a2354f"},"breadcrumb":{"@id":"https:\/\/andersadlercreutz.fi\/blog\/pressmeddelande-fi\/ministeri-adlercreutzin-ja-tshekin-eurooppaministeri-dvorakin-tapaamisessa-painottuivat-toimet-euroopan-rauhan-ja-kilpailukyvyn-takaamiseksi\/?lang=fi#breadcrumb"},"inLanguage":"sv-SE","potentialAction":[{"@type":"ReadAction","target":["https:\/\/andersadlercreutz.fi\/blog\/pressmeddelande-fi\/ministeri-adlercreutzin-ja-tshekin-eurooppaministeri-dvorakin-tapaamisessa-painottuivat-toimet-euroopan-rauhan-ja-kilpailukyvyn-takaamiseksi\/?lang=fi"]}]},{"@type":"BreadcrumbList","@id":"https:\/\/andersadlercreutz.fi\/blog\/pressmeddelande-fi\/ministeri-adlercreutzin-ja-tshekin-eurooppaministeri-dvorakin-tapaamisessa-painottuivat-toimet-euroopan-rauhan-ja-kilpailukyvyn-takaamiseksi\/?lang=fi#breadcrumb","itemListElement":[{"@type":"ListItem","position":1,"name":"Home","item":"https:\/\/andersadlercreutz.fi\/blog\/blogg\/?lang=sv"},{"@type":"ListItem","position":2,"name":"Ministeri Adlercreutzin ja Tshekin eurooppaministeri Dvo\u0159\u00e1kin tapaamisessa painottuivat toimet Euroopan rauhan ja kilpailukyvyn takaamiseksi"}]},{"@type":"WebSite","@id":"https:\/\/andersadlercreutz.fi\/blog\/#website","url":"https:\/\/andersadlercreutz.fi\/blog\/","name":"Anders Adlercreutz","description":"Du. Jag. Vi. Kest&auml;v&auml;sti optimisti","potentialAction":[{"@type":"SearchAction","target":{"@type":"EntryPoint","urlTemplate":"https:\/\/andersadlercreutz.fi\/blog\/?s={search_term_string}"},"query-input":"required name=search_term_string"}],"inLanguage":"sv-SE"},{"@type":"Person","@id":"https:\/\/andersadlercreutz.fi\/blog\/#\/schema\/person\/47d4b72eded862b484f74bb4b3a2354f","name":"Anders","image":{"@type":"ImageObject","inLanguage":"sv-SE","@id":"https:\/\/andersadlercreutz.fi\/blog\/#\/schema\/person\/image\/","url":"https:\/\/secure.gravatar.com\/avatar\/a144c9bda7a581ff6fabba169027e620?s=96&d=mm&r=g","contentUrl":"https:\/\/secure.gravatar.com\/avatar\/a144c9bda7a581ff6fabba169027e620?s=96&d=mm&r=g","caption":"Anders"},"url":"https:\/\/andersadlercreutz.fi\/blog\/author\/admin\/"}]}},"jetpack_featured_media_url":"https:\/\/i0.wp.com\/andersadlercreutz.fi\/blog\/wp-content\/uploads\/2024\/05\/Tshekin-eurooppaministeri-1.jpg?fit=1200%2C524&ssl=1","jetpack_shortlink":"https:\/\/wp.me\/p4T6Dh-2w0","jetpack_sharing_enabled":true,"_links":{"self":[{"href":"https:\/\/andersadlercreutz.fi\/blog\/wp-json\/wp\/v2\/posts\/9672"}],"collection":[{"href":"https:\/\/andersadlercreutz.fi\/blog\/wp-json\/wp\/v2\/posts"}],"about":[{"href":"https:\/\/andersadlercreutz.fi\/blog\/wp-json\/wp\/v2\/types\/post"}],"author":[{"embeddable":true,"href":"https:\/\/andersadlercreutz.fi\/blog\/wp-json\/wp\/v2\/users\/1"}],"replies":[{"embeddable":true,"href":"https:\/\/andersadlercreutz.fi\/blog\/wp-json\/wp\/v2\/comments?post=9672"}],"version-history":[{"count":2,"href":"https:\/\/andersadlercreutz.fi\/blog\/wp-json\/wp\/v2\/posts\/9672\/revisions"}],"predecessor-version":[{"id":9674,"href":"https:\/\/andersadlercreutz.fi\/blog\/wp-json\/wp\/v2\/posts\/9672\/revisions\/9674"}],"wp:featuredmedia":[{"embeddable":true,"href":"https:\/\/andersadlercreutz.fi\/blog\/wp-json\/wp\/v2\/media\/9668"}],"wp:attachment":[{"href":"https:\/\/andersadlercreutz.fi\/blog\/wp-json\/wp\/v2\/media?parent=9672"}],"wp:term":[{"taxonomy":"category","embeddable":true,"href":"https:\/\/andersadlercreutz.fi\/blog\/wp-json\/wp\/v2\/categories?post=9672"},{"taxonomy":"post_tag","embeddable":true,"href":"https:\/\/andersadlercreutz.fi\/blog\/wp-json\/wp\/v2\/tags?post=9672"}],"curies":[{"name":"wp","href":"https:\/\/api.w.org\/{rel}","templated":true}]}}