{"id":9681,"date":"2024-06-14T13:02:38","date_gmt":"2024-06-14T10:02:38","guid":{"rendered":"https:\/\/andersadlercreutz.fi\/blog\/?p=9681"},"modified":"2024-06-14T13:02:38","modified_gmt":"2024-06-14T10:02:38","slug":"om-skogen-varden-och-maten","status":"publish","type":"post","link":"https:\/\/andersadlercreutz.fi\/blog\/blogg\/om-skogen-varden-och-maten\/","title":{"rendered":"Om skogen, v\u00e5rden och maten"},"content":{"rendered":"<p>Det h\u00e4r veckoslutet v\u00e4ljer Svenska folkpartiet en ny ordf\u00f6rande. Jag ser fram emot att tr\u00e4ffa alla partidagsdelegater och andra deltagare och forts\u00e4tta de diskussioner som f\u00f6rts under v\u00e5rens lopp ute p\u00e5 f\u00e4ltet runtom i Svenskfinland.<\/p>\n<p>Svenska Yle har idag publicerat en artikel d\u00e4r de j\u00e4mf\u00f6r oss ordf\u00f6randekandidater och n\u00e5gra av v\u00e5ra svar i valkompassen inf\u00f6r riksdagsvalet 2023. De har lyft fram fr\u00e5gor som ber\u00f6r till exempel krav p\u00e5 spr\u00e5kkunskaper, st\u00f6det f\u00f6r k\u00f6ttproduktionen och hur vi ser p\u00e5 skogspolitiken i Finland.<i>\u00a0<\/i><\/p>\n<p>Eftersom valkompasser \u00e4r menade f\u00f6r att hitta skillnader mellan olika kandidater t\u00e4nkte jag h\u00e4r \u00f6ppna upp hur jag resonerat i mina svar. Det brukar dessutom vara sv\u00e5rt att ge ett komplett svar i en valkompass, ofta d\u00e4rf\u00f6r att de givna svarsalternativen inte m\u00f6jligg\u00f6r att beakta nyanser.<\/p>\n<p>Det \u00e4r sj\u00e4lvklart att man ska f\u00e5 v\u00e5rd p\u00e5 sitt modersm\u00e5l. D\u00e5 det handlar om patients\u00e4kerhet m\u00e5ste tillr\u00e4ckliga spr\u00e5kkunskaper kunna garanteras. N\u00e4r man \u00e4r sjuk ska man f\u00e5 tala sitt modersm\u00e5l. Det \u00e4r \u00e4nd\u00e5 en realitet att vi lider av brist p\u00e5 arbetskraft inom v\u00e5rdsektorn, samtidigt som vi vet att integration av nyfinl\u00e4ndare b\u00e4st sker via arbete. Via jobbet l\u00e4r man sig ocks\u00e5 spr\u00e5ket. D\u00e4rf\u00f6r tror jag att det i vissa uppgifter inom v\u00e5rden \u00e4r m\u00f6jligt att se \u00f6ver spr\u00e5kkraven. Det betyder inte att man i forts\u00e4ttningen inte ska f\u00e5 v\u00e5rd p\u00e5 svenska eller finska, utan att vi ger en m\u00f6jlighet f\u00f6r en nyinflyttad att ocks\u00e5 f\u00f6rb\u00e4ttra sina spr\u00e5kkunskaper i jobbet. Inom v\u00e5rdsektorn finns flera assisterande uppgifter som man kan b\u00f6rja med medan man f\u00f6rb\u00e4ttrar sina spr\u00e5kkunskaper. Jag tror att det \u00e4r m\u00f6jligt att kombinera dessa, men eventuella f\u00f6r\u00e4ndringar ska f\u00f6rst\u00e5s granskas noggrant.<\/p>\n<p>SFP har ocks\u00e5 tidigare lyft upp att kraven p\u00e5 kunskaper i finska ofta \u00e4r s\u00e5 h\u00f6ga att de kan g\u00f6r det sv\u00e5rt f\u00f6r svenskspr\u00e5kiga att f\u00e5 anst\u00e4llning. Det \u00e4r ocks\u00e5 ett problem vi beh\u00f6ver se n\u00e4rmare p\u00e5.<\/p>\n<p>Den inhemska matproduktionen \u00e4r helt central f\u00f6r v\u00e5r f\u00f6rs\u00f6rjningsberedskap och \u00f6verlag f\u00f6r livskraften i v\u00e5rt samh\u00e4lle. Vi har en ren och h\u00e5llbar matproduktion i Finland och den beh\u00f6ver vi ocks\u00e5 fram\u00f6ver. D\u00e4rf\u00f6r beh\u00f6vs \u00e5tg\u00e4rder f\u00f6r att f\u00f6rb\u00e4ttra prim\u00e4rproduktionens l\u00f6nsamhet \u2013 bara s\u00e5 kan vi garantera att vi har matproduktion i Finland ocks\u00e5 i framtiden. Om man vill k\u00f6pa k\u00f6tt fr\u00e5n andra sidan jorden, f\u00e5rk\u00f6tt fr\u00e5n Nya Zeeland eller biffar fr\u00e5n Brasilien, s\u00e5 ska man f\u00f6rst\u00e5s f\u00e5 g\u00f6ra det, men jag tycker det \u00e4r helt naturligt att anv\u00e4nda till exempel beskattning f\u00f6r att styra konsumtionen mot producenter i N\u00e4rpes, Korsholm, Pargas eller Raseborg ist\u00e4llet. Det \u00e4r klokt b\u00e5de f\u00f6r milj\u00f6n, klimatet och v\u00e5r egen sj\u00e4lvf\u00f6rs\u00f6rjning.<\/p>\n<p>I en situation d\u00e4r vi har h\u00e5llbar och lokal k\u00f6ttproduktion i Finland \u00e4r det bakv\u00e4nt att importerat k\u00f6tt fr\u00e5n fj\u00e4rran l\u00e4nder kan s\u00e4ljas billigare \u00e4n v\u00e5rt n\u00e4rproducerade k\u00f6tt. S\u00e5 l\u00e4nge deras h\u00f6ga koldioxidavtryck inte p\u00e5 n\u00e5got s\u00e4tt syns i priset har de en f\u00f6rdel j\u00e4mf\u00f6rt med inhemsk produktion. Det b\u00f6r \u00e5tg\u00e4rdas.<\/p>\n<p>Som skogs\u00e4gare \u00e4r det sj\u00e4lvklart f\u00f6r mig att vi ska ta hand om v\u00e5r skogar och f\u00e5 den att v\u00e4xa bra. Det \u00e4r bra b\u00e5de med tanke p\u00e5 att vi beh\u00f6ver ett fortsatt skogsbruk och att vi p\u00e5 grund av klimatuppv\u00e4rmningen beh\u00f6ver st\u00e4rka v\u00e5r kols\u00e4nka. Det h\u00e4r kan vi uppn\u00e5 genom en aktiv skogsv\u00e5rd som \u00f6kar skogens tillv\u00e4xt \u2013 h\u00e4r finns det m\u00e5nga \u00e5tg\u00e4rder man kan ta till. Samtidigt beh\u00f6ver vi v\u00e4rna om den biologiska m\u00e5ngfalden \u2013 som \u00e4r viktig ocks\u00e5 med tanke p\u00e5 v\u00e5r matproduktion \u2013 och t.ex. fr\u00e5n EU kommer krav om att vi ska skydda en del av v\u00e5r skog. H\u00e4r beh\u00f6ver vi hitta en balans. Vi ska skydda de allra v\u00e4rdefullaste skogarna p\u00e5 statlig mark och via Metso-programmet erbjuda samma m\u00f6jlighet f\u00f6r privata skogs\u00e4gare. H\u00e4r \u00e4r respekten f\u00f6r privat \u00e4gande en central fr\u00e5ga. Skydd p\u00e5 privat mark ska vara frivillig och den ska kompenseras. Detta har vi arbetat f\u00f6r ocks\u00e5 i denna regering. Genom aktiva skogsv\u00e5rds\u00e5tg\u00e4rder som \u00f6kar skogens tillv\u00e4xt kan vi forts\u00e4tta anv\u00e4nda skogen som vi gjort idag.<\/p>\n<p>Helt som inom andra sektorer \u00e4r det viktigt att ta fram marknadsm\u00e4ssiga mekanismer som st\u00f6der v\u00e5r str\u00e4van: Jag hoppas att vi kan utveckla en modell enligt vilken skogs\u00e4garna f\u00e5r kompensation f\u00f6r den s\u00e4nka de uppr\u00e4tth\u00e5ller. Vi beh\u00f6ver inte bara en utsl\u00e4ppsmarknad, utan ocks\u00e5 en marknad f\u00f6r biologiska och tekniska s\u00e4nkor.<\/p>\n<p>SFP ska vara partiet som inte bygger skiljelinjer mellan stad och landsbygd. Vi ska ocks\u00e5 vara speciellt bra p\u00e5 att ta fram l\u00f6sningar som ger ren och n\u00e4rproducerad mat den konkurrensf\u00f6rdel som den f\u00f6rtj\u00e4nar. Och vi ska aktivt arbeta f\u00f6r att alla ska f\u00e5 v\u00e5rd p\u00e5 eget modersm\u00e5l.<\/p>\n<p>&nbsp;<\/p>\n","protected":false},"excerpt":{"rendered":"<p>Det h\u00e4r veckoslutet v\u00e4ljer Svenska folkpartiet en ny ordf\u00f6rande. Jag ser fram emot att tr\u00e4ffa alla partidagsdelegater och andra deltagare och forts\u00e4tta de diskussioner som f\u00f6rts under v\u00e5rens lopp ute p\u00e5 f\u00e4ltet runtom i Svenskfinland. Svenska Yle har idag publicerat en artikel d\u00e4r de j\u00e4mf\u00f6r oss ordf\u00f6randekandidater och n\u00e5gra av v\u00e5ra svar i valkompassen inf\u00f6r [&hellip;]<\/p>\n","protected":false},"author":1,"featured_media":9102,"comment_status":"open","ping_status":"open","sticky":false,"template":"","format":"standard","meta":{"jetpack_post_was_ever_published":false,"_jetpack_newsletter_access":"","jetpack_publicize_message":"","jetpack_is_tweetstorm":false,"jetpack_publicize_feature_enabled":true,"jetpack_social_post_already_shared":true,"jetpack_social_options":{"image_generator_settings":{"template":"highway","enabled":false}}},"categories":[46,45,34,79,74],"tags":[],"jetpack_publicize_connections":[],"yoast_head":"<!-- This site is optimized with the Yoast SEO plugin v20.12 - https:\/\/yoast.com\/wordpress\/plugins\/seo\/ -->\n<title>Om skogen, v\u00e5rden och maten - Anders Adlercreutz<\/title>\n<meta name=\"robots\" content=\"index, follow, max-snippet:-1, max-image-preview:large, max-video-preview:-1\" \/>\n<link rel=\"canonical\" href=\"https:\/\/andersadlercreutz.fi\/blog\/blogg\/om-skogen-varden-och-maten\/\" \/>\n<meta property=\"og:locale\" content=\"sv_SE\" \/>\n<meta property=\"og:type\" content=\"article\" \/>\n<meta property=\"og:title\" content=\"Om skogen, v\u00e5rden och maten - Anders Adlercreutz\" \/>\n<meta property=\"og:description\" content=\"Det h\u00e4r veckoslutet v\u00e4ljer Svenska folkpartiet en ny ordf\u00f6rande. Jag ser fram emot att tr\u00e4ffa alla partidagsdelegater och andra deltagare och forts\u00e4tta de diskussioner som f\u00f6rts under v\u00e5rens lopp ute p\u00e5 f\u00e4ltet runtom i Svenskfinland. Svenska Yle har idag publicerat en artikel d\u00e4r de j\u00e4mf\u00f6r oss ordf\u00f6randekandidater och n\u00e5gra av v\u00e5ra svar i valkompassen inf\u00f6r [&hellip;]\" \/>\n<meta property=\"og:url\" content=\"https:\/\/andersadlercreutz.fi\/blog\/blogg\/om-skogen-varden-och-maten\/\" \/>\n<meta property=\"og:site_name\" content=\"Anders Adlercreutz\" \/>\n<meta property=\"article:published_time\" content=\"2024-06-14T10:02:38+00:00\" \/>\n<meta property=\"og:image\" content=\"https:\/\/andersadlercreutz.fi\/blog\/wp-content\/uploads\/2023\/12\/781A8306-copy-3.jpg\" \/>\n\t<meta property=\"og:image:width\" content=\"2048\" \/>\n\t<meta property=\"og:image:height\" content=\"1366\" \/>\n\t<meta property=\"og:image:type\" content=\"image\/jpeg\" \/>\n<meta name=\"author\" content=\"Anders\" \/>\n<meta name=\"twitter:card\" content=\"summary_large_image\" \/>\n<meta name=\"twitter:label1\" content=\"Skriven av\" \/>\n\t<meta name=\"twitter:data1\" content=\"Anders\" \/>\n\t<meta name=\"twitter:label2\" content=\"Ber\u00e4knad l\u00e4stid\" \/>\n\t<meta name=\"twitter:data2\" content=\"4 minuter\" \/>\n<script type=\"application\/ld+json\" class=\"yoast-schema-graph\">{\"@context\":\"https:\/\/schema.org\",\"@graph\":[{\"@type\":\"WebPage\",\"@id\":\"https:\/\/andersadlercreutz.fi\/blog\/blogg\/om-skogen-varden-och-maten\/\",\"url\":\"https:\/\/andersadlercreutz.fi\/blog\/blogg\/om-skogen-varden-och-maten\/\",\"name\":\"Om skogen, v\u00e5rden och maten - Anders Adlercreutz\",\"isPartOf\":{\"@id\":\"https:\/\/andersadlercreutz.fi\/blog\/#website\"},\"datePublished\":\"2024-06-14T10:02:38+00:00\",\"dateModified\":\"2024-06-14T10:02:38+00:00\",\"author\":{\"@id\":\"https:\/\/andersadlercreutz.fi\/blog\/#\/schema\/person\/47d4b72eded862b484f74bb4b3a2354f\"},\"breadcrumb\":{\"@id\":\"https:\/\/andersadlercreutz.fi\/blog\/blogg\/om-skogen-varden-och-maten\/#breadcrumb\"},\"inLanguage\":\"sv-SE\",\"potentialAction\":[{\"@type\":\"ReadAction\",\"target\":[\"https:\/\/andersadlercreutz.fi\/blog\/blogg\/om-skogen-varden-och-maten\/\"]}]},{\"@type\":\"BreadcrumbList\",\"@id\":\"https:\/\/andersadlercreutz.fi\/blog\/blogg\/om-skogen-varden-och-maten\/#breadcrumb\",\"itemListElement\":[{\"@type\":\"ListItem\",\"position\":1,\"name\":\"Home\",\"item\":\"https:\/\/andersadlercreutz.fi\/blog\/blogg\/?lang=sv\"},{\"@type\":\"ListItem\",\"position\":2,\"name\":\"Om skogen, v\u00e5rden och maten\"}]},{\"@type\":\"WebSite\",\"@id\":\"https:\/\/andersadlercreutz.fi\/blog\/#website\",\"url\":\"https:\/\/andersadlercreutz.fi\/blog\/\",\"name\":\"Anders Adlercreutz\",\"description\":\"Du. Jag. Vi. Kest&auml;v&auml;sti optimisti\",\"potentialAction\":[{\"@type\":\"SearchAction\",\"target\":{\"@type\":\"EntryPoint\",\"urlTemplate\":\"https:\/\/andersadlercreutz.fi\/blog\/?s={search_term_string}\"},\"query-input\":\"required name=search_term_string\"}],\"inLanguage\":\"sv-SE\"},{\"@type\":\"Person\",\"@id\":\"https:\/\/andersadlercreutz.fi\/blog\/#\/schema\/person\/47d4b72eded862b484f74bb4b3a2354f\",\"name\":\"Anders\",\"image\":{\"@type\":\"ImageObject\",\"inLanguage\":\"sv-SE\",\"@id\":\"https:\/\/andersadlercreutz.fi\/blog\/#\/schema\/person\/image\/\",\"url\":\"https:\/\/secure.gravatar.com\/avatar\/a144c9bda7a581ff6fabba169027e620?s=96&d=mm&r=g\",\"contentUrl\":\"https:\/\/secure.gravatar.com\/avatar\/a144c9bda7a581ff6fabba169027e620?s=96&d=mm&r=g\",\"caption\":\"Anders\"},\"url\":\"https:\/\/andersadlercreutz.fi\/blog\/author\/admin\/\"}]}<\/script>\n<!-- \/ Yoast SEO plugin. -->","yoast_head_json":{"title":"Om skogen, v\u00e5rden och maten - Anders Adlercreutz","robots":{"index":"index","follow":"follow","max-snippet":"max-snippet:-1","max-image-preview":"max-image-preview:large","max-video-preview":"max-video-preview:-1"},"canonical":"https:\/\/andersadlercreutz.fi\/blog\/blogg\/om-skogen-varden-och-maten\/","og_locale":"sv_SE","og_type":"article","og_title":"Om skogen, v\u00e5rden och maten - Anders Adlercreutz","og_description":"Det h\u00e4r veckoslutet v\u00e4ljer Svenska folkpartiet en ny ordf\u00f6rande. Jag ser fram emot att tr\u00e4ffa alla partidagsdelegater och andra deltagare och forts\u00e4tta de diskussioner som f\u00f6rts under v\u00e5rens lopp ute p\u00e5 f\u00e4ltet runtom i Svenskfinland. Svenska Yle har idag publicerat en artikel d\u00e4r de j\u00e4mf\u00f6r oss ordf\u00f6randekandidater och n\u00e5gra av v\u00e5ra svar i valkompassen inf\u00f6r [&hellip;]","og_url":"https:\/\/andersadlercreutz.fi\/blog\/blogg\/om-skogen-varden-och-maten\/","og_site_name":"Anders Adlercreutz","article_published_time":"2024-06-14T10:02:38+00:00","og_image":[{"width":2048,"height":1366,"url":"https:\/\/andersadlercreutz.fi\/blog\/wp-content\/uploads\/2023\/12\/781A8306-copy-3.jpg","type":"image\/jpeg"}],"author":"Anders","twitter_card":"summary_large_image","twitter_misc":{"Skriven av":"Anders","Ber\u00e4knad l\u00e4stid":"4 minuter"},"schema":{"@context":"https:\/\/schema.org","@graph":[{"@type":"WebPage","@id":"https:\/\/andersadlercreutz.fi\/blog\/blogg\/om-skogen-varden-och-maten\/","url":"https:\/\/andersadlercreutz.fi\/blog\/blogg\/om-skogen-varden-och-maten\/","name":"Om skogen, v\u00e5rden och maten - Anders Adlercreutz","isPartOf":{"@id":"https:\/\/andersadlercreutz.fi\/blog\/#website"},"datePublished":"2024-06-14T10:02:38+00:00","dateModified":"2024-06-14T10:02:38+00:00","author":{"@id":"https:\/\/andersadlercreutz.fi\/blog\/#\/schema\/person\/47d4b72eded862b484f74bb4b3a2354f"},"breadcrumb":{"@id":"https:\/\/andersadlercreutz.fi\/blog\/blogg\/om-skogen-varden-och-maten\/#breadcrumb"},"inLanguage":"sv-SE","potentialAction":[{"@type":"ReadAction","target":["https:\/\/andersadlercreutz.fi\/blog\/blogg\/om-skogen-varden-och-maten\/"]}]},{"@type":"BreadcrumbList","@id":"https:\/\/andersadlercreutz.fi\/blog\/blogg\/om-skogen-varden-och-maten\/#breadcrumb","itemListElement":[{"@type":"ListItem","position":1,"name":"Home","item":"https:\/\/andersadlercreutz.fi\/blog\/blogg\/?lang=sv"},{"@type":"ListItem","position":2,"name":"Om skogen, v\u00e5rden och maten"}]},{"@type":"WebSite","@id":"https:\/\/andersadlercreutz.fi\/blog\/#website","url":"https:\/\/andersadlercreutz.fi\/blog\/","name":"Anders Adlercreutz","description":"Du. Jag. Vi. Kest&auml;v&auml;sti optimisti","potentialAction":[{"@type":"SearchAction","target":{"@type":"EntryPoint","urlTemplate":"https:\/\/andersadlercreutz.fi\/blog\/?s={search_term_string}"},"query-input":"required name=search_term_string"}],"inLanguage":"sv-SE"},{"@type":"Person","@id":"https:\/\/andersadlercreutz.fi\/blog\/#\/schema\/person\/47d4b72eded862b484f74bb4b3a2354f","name":"Anders","image":{"@type":"ImageObject","inLanguage":"sv-SE","@id":"https:\/\/andersadlercreutz.fi\/blog\/#\/schema\/person\/image\/","url":"https:\/\/secure.gravatar.com\/avatar\/a144c9bda7a581ff6fabba169027e620?s=96&d=mm&r=g","contentUrl":"https:\/\/secure.gravatar.com\/avatar\/a144c9bda7a581ff6fabba169027e620?s=96&d=mm&r=g","caption":"Anders"},"url":"https:\/\/andersadlercreutz.fi\/blog\/author\/admin\/"}]}},"jetpack_featured_media_url":"https:\/\/i0.wp.com\/andersadlercreutz.fi\/blog\/wp-content\/uploads\/2023\/12\/781A8306-copy-3.jpg?fit=2048%2C1366&ssl=1","jetpack_shortlink":"https:\/\/wp.me\/p4T6Dh-2w9","jetpack_sharing_enabled":true,"_links":{"self":[{"href":"https:\/\/andersadlercreutz.fi\/blog\/wp-json\/wp\/v2\/posts\/9681"}],"collection":[{"href":"https:\/\/andersadlercreutz.fi\/blog\/wp-json\/wp\/v2\/posts"}],"about":[{"href":"https:\/\/andersadlercreutz.fi\/blog\/wp-json\/wp\/v2\/types\/post"}],"author":[{"embeddable":true,"href":"https:\/\/andersadlercreutz.fi\/blog\/wp-json\/wp\/v2\/users\/1"}],"replies":[{"embeddable":true,"href":"https:\/\/andersadlercreutz.fi\/blog\/wp-json\/wp\/v2\/comments?post=9681"}],"version-history":[{"count":2,"href":"https:\/\/andersadlercreutz.fi\/blog\/wp-json\/wp\/v2\/posts\/9681\/revisions"}],"predecessor-version":[{"id":9683,"href":"https:\/\/andersadlercreutz.fi\/blog\/wp-json\/wp\/v2\/posts\/9681\/revisions\/9683"}],"wp:featuredmedia":[{"embeddable":true,"href":"https:\/\/andersadlercreutz.fi\/blog\/wp-json\/wp\/v2\/media\/9102"}],"wp:attachment":[{"href":"https:\/\/andersadlercreutz.fi\/blog\/wp-json\/wp\/v2\/media?parent=9681"}],"wp:term":[{"taxonomy":"category","embeddable":true,"href":"https:\/\/andersadlercreutz.fi\/blog\/wp-json\/wp\/v2\/categories?post=9681"},{"taxonomy":"post_tag","embeddable":true,"href":"https:\/\/andersadlercreutz.fi\/blog\/wp-json\/wp\/v2\/tags?post=9681"}],"curies":[{"name":"wp","href":"https:\/\/api.w.org\/{rel}","templated":true}]}}