{"id":9702,"date":"2024-06-16T18:39:32","date_gmt":"2024-06-16T15:39:32","guid":{"rendered":"https:\/\/andersadlercreutz.fi\/blog\/?p=9702"},"modified":"2024-06-16T18:39:32","modified_gmt":"2024-06-16T15:39:32","slug":"adlercreutz-valittu-rkpn-uudeksi-puheenjohtajaksi","status":"publish","type":"post","link":"https:\/\/andersadlercreutz.fi\/blog\/lehdistotiedote\/adlercreutz-valittu-rkpn-uudeksi-puheenjohtajaksi\/?lang=fi","title":{"rendered":"Adlercreutz valittu RKP:n uudeksi puheenjohtajaksi"},"content":{"rendered":"<p><span style=\"font-weight: 400;\">Eurooppa- ja omistajaohjausministeri ja kolmannen kauden kansanedustaja Anders Adlercreutz on 183 \u00e4\u00e4nell\u00e4 valittu Ruotsalaisen kansanpuolueen uudeksi puheenjohtajaksi puoluekokouksessa Helsingiss\u00e4.<\/span><\/p>\n<p><span style=\"font-weight: 400;\">\u2013 Olen \u00e4\u00e4rimm\u00e4isen iloinen ja kiitollinen siit\u00e4 suuresta tuesta ja luottamuksesta, jonka olen t\u00e4n\u00e4\u00e4n puoluekokoukselta saanut, RKP:n vastavalittu puheenjohtaja Anders Adlercreutz sanoo.<\/span><\/p>\n<p><span style=\"font-weight: 400;\">\u2013 L\u00e4mpim\u00e4t kiitokset kaikille, jotka ovat tukeneet minua puheenjohtajakampanjassani ja erityiskiitos my\u00f6s perheelleni kaikesta tuesta.<\/span><\/p>\n<p><span style=\"font-weight: 400;\">\u2013 RKP:n politiikalle on nyt tilausta. Muiden puolueiden ajautuessa enemm\u00e4n vasemmalle ja oikealle meill\u00e4 on pelikentt\u00e4 auki. Jotta me my\u00f6s vastaisuudessa voimme edist\u00e4\u00e4 RKP:lle t\u00e4rkeit\u00e4 asioita \u2013 avointa ja suvaitsevaista yhteiskuntaa ja kaksikielist\u00e4 Suomea \u2013 tarvitsemme vahvan mandaatin \u00e4\u00e4nest\u00e4jilt\u00e4mme, ja t\u00e4t\u00e4 tulemme tavoittelemaan. Ty\u00f6 ensi vuoden kuntavaaleja ja aluevaaleja varten alkaa nyt.<\/span><\/p>\n<p><span style=\"font-weight: 400;\">Puheessaan Adlercreutz kiitti kanssaehdokkaitaan Otto Anderssonia ja Henrik Wickstr\u00f6mi\u00e4 hyv\u00e4st\u00e4 kampanjasta ja v\u00e4istyv\u00e4\u00e4 puheenjohtajaa sek\u00e4 RKP:n tuoretta EU-parlamentaarikkoa Anna-Maja Henrikssonia h\u00e4nen kahdeksan vuoden puheenjohtajataipaleestaan.<\/span><\/p>\n<p><span style=\"font-weight: 400;\">RKP:n varapuheenjohtajiksi valittiin Ramieza Mahdi, Silja Borgarsd\u00f3ttir Sandelin ja Sandra Bergqvist.\u00a0<\/span><\/p>\n<p><span style=\"font-weight: 400;\">Lis\u00e4tietoja: Erityisavustaja Crista Gr\u00f6nroos, 050 441 4257<\/span><\/p>\n","protected":false},"excerpt":{"rendered":"<p>Eurooppa- ja omistajaohjausministeri ja kolmannen kauden kansanedustaja Anders Adlercreutz on 183 \u00e4\u00e4nell\u00e4 valittu Ruotsalaisen kansanpuolueen uudeksi puheenjohtajaksi puoluekokouksessa Helsingiss\u00e4. \u2013 Olen \u00e4\u00e4rimm\u00e4isen iloinen ja kiitollinen siit\u00e4 suuresta tuesta ja luottamuksesta, jonka olen t\u00e4n\u00e4\u00e4n puoluekokoukselta saanut, RKP:n vastavalittu puheenjohtaja Anders Adlercreutz sanoo. \u2013 L\u00e4mpim\u00e4t kiitokset kaikille, jotka ovat tukeneet minua puheenjohtajakampanjassani ja erityiskiitos my\u00f6s perheelleni kaikesta [&hellip;]<\/p>\n","protected":false},"author":1,"featured_media":9699,"comment_status":"open","ping_status":"open","sticky":false,"template":"","format":"standard","meta":{"jetpack_post_was_ever_published":false,"_jetpack_newsletter_access":"","jetpack_publicize_message":"","jetpack_is_tweetstorm":false,"jetpack_publicize_feature_enabled":true,"jetpack_social_post_already_shared":true,"jetpack_social_options":{"image_generator_settings":{"template":"highway","enabled":false}}},"categories":[71,163,87,150],"tags":[],"jetpack_publicize_connections":[],"yoast_head":"<!-- This site is optimized with the Yoast SEO plugin v20.12 - https:\/\/yoast.com\/wordpress\/plugins\/seo\/ -->\n<title>Adlercreutz valittu RKP:n uudeksi puheenjohtajaksi - Anders Adlercreutz<\/title>\n<meta name=\"robots\" content=\"index, follow, max-snippet:-1, max-image-preview:large, max-video-preview:-1\" \/>\n<link rel=\"canonical\" href=\"https:\/\/andersadlercreutz.fi\/blog\/lehdistotiedote\/adlercreutz-valittu-rkpn-uudeksi-puheenjohtajaksi\/\" \/>\n<meta property=\"og:locale\" content=\"sv_SE\" \/>\n<meta property=\"og:type\" content=\"article\" \/>\n<meta property=\"og:title\" content=\"Adlercreutz valittu RKP:n uudeksi puheenjohtajaksi - Anders Adlercreutz\" \/>\n<meta property=\"og:description\" content=\"Eurooppa- ja omistajaohjausministeri ja kolmannen kauden kansanedustaja Anders Adlercreutz on 183 \u00e4\u00e4nell\u00e4 valittu Ruotsalaisen kansanpuolueen uudeksi puheenjohtajaksi puoluekokouksessa Helsingiss\u00e4. \u2013 Olen \u00e4\u00e4rimm\u00e4isen iloinen ja kiitollinen siit\u00e4 suuresta tuesta ja luottamuksesta, jonka olen t\u00e4n\u00e4\u00e4n puoluekokoukselta saanut, RKP:n vastavalittu puheenjohtaja Anders Adlercreutz sanoo. \u2013 L\u00e4mpim\u00e4t kiitokset kaikille, jotka ovat tukeneet minua puheenjohtajakampanjassani ja erityiskiitos my\u00f6s perheelleni kaikesta [&hellip;]\" \/>\n<meta property=\"og:url\" content=\"https:\/\/andersadlercreutz.fi\/blog\/lehdistotiedote\/adlercreutz-valittu-rkpn-uudeksi-puheenjohtajaksi\/?lang=fi\" \/>\n<meta property=\"og:site_name\" content=\"Anders Adlercreutz\" \/>\n<meta property=\"article:published_time\" content=\"2024-06-16T15:39:32+00:00\" \/>\n<meta property=\"og:image\" content=\"https:\/\/andersadlercreutz.fi\/blog\/wp-content\/uploads\/2024\/06\/Anders-vald-till-partiordforande.jpeg\" \/>\n\t<meta property=\"og:image:width\" content=\"1600\" \/>\n\t<meta property=\"og:image:height\" content=\"1066\" \/>\n\t<meta property=\"og:image:type\" content=\"image\/jpeg\" \/>\n<meta name=\"author\" content=\"Anders\" \/>\n<meta name=\"twitter:card\" content=\"summary_large_image\" \/>\n<meta name=\"twitter:label1\" content=\"Skriven av\" \/>\n\t<meta name=\"twitter:data1\" content=\"Anders\" \/>\n\t<meta name=\"twitter:label2\" content=\"Ber\u00e4knad l\u00e4stid\" \/>\n\t<meta name=\"twitter:data2\" content=\"1 minut\" \/>\n<script type=\"application\/ld+json\" class=\"yoast-schema-graph\">{\"@context\":\"https:\/\/schema.org\",\"@graph\":[{\"@type\":\"WebPage\",\"@id\":\"https:\/\/andersadlercreutz.fi\/blog\/lehdistotiedote\/adlercreutz-valittu-rkpn-uudeksi-puheenjohtajaksi\/?lang=fi\",\"url\":\"https:\/\/andersadlercreutz.fi\/blog\/lehdistotiedote\/adlercreutz-valittu-rkpn-uudeksi-puheenjohtajaksi\/?lang=fi\",\"name\":\"Adlercreutz valittu RKP:n uudeksi puheenjohtajaksi - Anders Adlercreutz\",\"isPartOf\":{\"@id\":\"https:\/\/andersadlercreutz.fi\/blog\/#website\"},\"datePublished\":\"2024-06-16T15:39:32+00:00\",\"dateModified\":\"2024-06-16T15:39:32+00:00\",\"author\":{\"@id\":\"https:\/\/andersadlercreutz.fi\/blog\/#\/schema\/person\/47d4b72eded862b484f74bb4b3a2354f\"},\"breadcrumb\":{\"@id\":\"https:\/\/andersadlercreutz.fi\/blog\/lehdistotiedote\/adlercreutz-valittu-rkpn-uudeksi-puheenjohtajaksi\/?lang=fi#breadcrumb\"},\"inLanguage\":\"sv-SE\",\"potentialAction\":[{\"@type\":\"ReadAction\",\"target\":[\"https:\/\/andersadlercreutz.fi\/blog\/lehdistotiedote\/adlercreutz-valittu-rkpn-uudeksi-puheenjohtajaksi\/?lang=fi\"]}]},{\"@type\":\"BreadcrumbList\",\"@id\":\"https:\/\/andersadlercreutz.fi\/blog\/lehdistotiedote\/adlercreutz-valittu-rkpn-uudeksi-puheenjohtajaksi\/?lang=fi#breadcrumb\",\"itemListElement\":[{\"@type\":\"ListItem\",\"position\":1,\"name\":\"Home\",\"item\":\"https:\/\/andersadlercreutz.fi\/blog\/blogg\/?lang=sv\"},{\"@type\":\"ListItem\",\"position\":2,\"name\":\"Adlercreutz valittu RKP:n uudeksi puheenjohtajaksi\"}]},{\"@type\":\"WebSite\",\"@id\":\"https:\/\/andersadlercreutz.fi\/blog\/#website\",\"url\":\"https:\/\/andersadlercreutz.fi\/blog\/\",\"name\":\"Anders Adlercreutz\",\"description\":\"Du. Jag. Vi. Kest&auml;v&auml;sti optimisti\",\"potentialAction\":[{\"@type\":\"SearchAction\",\"target\":{\"@type\":\"EntryPoint\",\"urlTemplate\":\"https:\/\/andersadlercreutz.fi\/blog\/?s={search_term_string}\"},\"query-input\":\"required name=search_term_string\"}],\"inLanguage\":\"sv-SE\"},{\"@type\":\"Person\",\"@id\":\"https:\/\/andersadlercreutz.fi\/blog\/#\/schema\/person\/47d4b72eded862b484f74bb4b3a2354f\",\"name\":\"Anders\",\"image\":{\"@type\":\"ImageObject\",\"inLanguage\":\"sv-SE\",\"@id\":\"https:\/\/andersadlercreutz.fi\/blog\/#\/schema\/person\/image\/\",\"url\":\"https:\/\/secure.gravatar.com\/avatar\/a144c9bda7a581ff6fabba169027e620?s=96&d=mm&r=g\",\"contentUrl\":\"https:\/\/secure.gravatar.com\/avatar\/a144c9bda7a581ff6fabba169027e620?s=96&d=mm&r=g\",\"caption\":\"Anders\"},\"url\":\"https:\/\/andersadlercreutz.fi\/blog\/author\/admin\/\"}]}<\/script>\n<!-- \/ Yoast SEO plugin. -->","yoast_head_json":{"title":"Adlercreutz valittu RKP:n uudeksi puheenjohtajaksi - Anders Adlercreutz","robots":{"index":"index","follow":"follow","max-snippet":"max-snippet:-1","max-image-preview":"max-image-preview:large","max-video-preview":"max-video-preview:-1"},"canonical":"https:\/\/andersadlercreutz.fi\/blog\/lehdistotiedote\/adlercreutz-valittu-rkpn-uudeksi-puheenjohtajaksi\/","og_locale":"sv_SE","og_type":"article","og_title":"Adlercreutz valittu RKP:n uudeksi puheenjohtajaksi - Anders Adlercreutz","og_description":"Eurooppa- ja omistajaohjausministeri ja kolmannen kauden kansanedustaja Anders Adlercreutz on 183 \u00e4\u00e4nell\u00e4 valittu Ruotsalaisen kansanpuolueen uudeksi puheenjohtajaksi puoluekokouksessa Helsingiss\u00e4. \u2013 Olen \u00e4\u00e4rimm\u00e4isen iloinen ja kiitollinen siit\u00e4 suuresta tuesta ja luottamuksesta, jonka olen t\u00e4n\u00e4\u00e4n puoluekokoukselta saanut, RKP:n vastavalittu puheenjohtaja Anders Adlercreutz sanoo. \u2013 L\u00e4mpim\u00e4t kiitokset kaikille, jotka ovat tukeneet minua puheenjohtajakampanjassani ja erityiskiitos my\u00f6s perheelleni kaikesta [&hellip;]","og_url":"https:\/\/andersadlercreutz.fi\/blog\/lehdistotiedote\/adlercreutz-valittu-rkpn-uudeksi-puheenjohtajaksi\/?lang=fi","og_site_name":"Anders Adlercreutz","article_published_time":"2024-06-16T15:39:32+00:00","og_image":[{"width":1600,"height":1066,"url":"https:\/\/andersadlercreutz.fi\/blog\/wp-content\/uploads\/2024\/06\/Anders-vald-till-partiordforande.jpeg","type":"image\/jpeg"}],"author":"Anders","twitter_card":"summary_large_image","twitter_misc":{"Skriven av":"Anders","Ber\u00e4knad l\u00e4stid":"1 minut"},"schema":{"@context":"https:\/\/schema.org","@graph":[{"@type":"WebPage","@id":"https:\/\/andersadlercreutz.fi\/blog\/lehdistotiedote\/adlercreutz-valittu-rkpn-uudeksi-puheenjohtajaksi\/?lang=fi","url":"https:\/\/andersadlercreutz.fi\/blog\/lehdistotiedote\/adlercreutz-valittu-rkpn-uudeksi-puheenjohtajaksi\/?lang=fi","name":"Adlercreutz valittu RKP:n uudeksi puheenjohtajaksi - Anders Adlercreutz","isPartOf":{"@id":"https:\/\/andersadlercreutz.fi\/blog\/#website"},"datePublished":"2024-06-16T15:39:32+00:00","dateModified":"2024-06-16T15:39:32+00:00","author":{"@id":"https:\/\/andersadlercreutz.fi\/blog\/#\/schema\/person\/47d4b72eded862b484f74bb4b3a2354f"},"breadcrumb":{"@id":"https:\/\/andersadlercreutz.fi\/blog\/lehdistotiedote\/adlercreutz-valittu-rkpn-uudeksi-puheenjohtajaksi\/?lang=fi#breadcrumb"},"inLanguage":"sv-SE","potentialAction":[{"@type":"ReadAction","target":["https:\/\/andersadlercreutz.fi\/blog\/lehdistotiedote\/adlercreutz-valittu-rkpn-uudeksi-puheenjohtajaksi\/?lang=fi"]}]},{"@type":"BreadcrumbList","@id":"https:\/\/andersadlercreutz.fi\/blog\/lehdistotiedote\/adlercreutz-valittu-rkpn-uudeksi-puheenjohtajaksi\/?lang=fi#breadcrumb","itemListElement":[{"@type":"ListItem","position":1,"name":"Home","item":"https:\/\/andersadlercreutz.fi\/blog\/blogg\/?lang=sv"},{"@type":"ListItem","position":2,"name":"Adlercreutz valittu RKP:n uudeksi puheenjohtajaksi"}]},{"@type":"WebSite","@id":"https:\/\/andersadlercreutz.fi\/blog\/#website","url":"https:\/\/andersadlercreutz.fi\/blog\/","name":"Anders Adlercreutz","description":"Du. Jag. Vi. Kest&auml;v&auml;sti optimisti","potentialAction":[{"@type":"SearchAction","target":{"@type":"EntryPoint","urlTemplate":"https:\/\/andersadlercreutz.fi\/blog\/?s={search_term_string}"},"query-input":"required name=search_term_string"}],"inLanguage":"sv-SE"},{"@type":"Person","@id":"https:\/\/andersadlercreutz.fi\/blog\/#\/schema\/person\/47d4b72eded862b484f74bb4b3a2354f","name":"Anders","image":{"@type":"ImageObject","inLanguage":"sv-SE","@id":"https:\/\/andersadlercreutz.fi\/blog\/#\/schema\/person\/image\/","url":"https:\/\/secure.gravatar.com\/avatar\/a144c9bda7a581ff6fabba169027e620?s=96&d=mm&r=g","contentUrl":"https:\/\/secure.gravatar.com\/avatar\/a144c9bda7a581ff6fabba169027e620?s=96&d=mm&r=g","caption":"Anders"},"url":"https:\/\/andersadlercreutz.fi\/blog\/author\/admin\/"}]}},"jetpack_featured_media_url":"https:\/\/i0.wp.com\/andersadlercreutz.fi\/blog\/wp-content\/uploads\/2024\/06\/Anders-vald-till-partiordforande.jpeg?fit=1600%2C1066&ssl=1","jetpack_shortlink":"https:\/\/wp.me\/p4T6Dh-2wu","jetpack_sharing_enabled":true,"_links":{"self":[{"href":"https:\/\/andersadlercreutz.fi\/blog\/wp-json\/wp\/v2\/posts\/9702"}],"collection":[{"href":"https:\/\/andersadlercreutz.fi\/blog\/wp-json\/wp\/v2\/posts"}],"about":[{"href":"https:\/\/andersadlercreutz.fi\/blog\/wp-json\/wp\/v2\/types\/post"}],"author":[{"embeddable":true,"href":"https:\/\/andersadlercreutz.fi\/blog\/wp-json\/wp\/v2\/users\/1"}],"replies":[{"embeddable":true,"href":"https:\/\/andersadlercreutz.fi\/blog\/wp-json\/wp\/v2\/comments?post=9702"}],"version-history":[{"count":2,"href":"https:\/\/andersadlercreutz.fi\/blog\/wp-json\/wp\/v2\/posts\/9702\/revisions"}],"predecessor-version":[{"id":9704,"href":"https:\/\/andersadlercreutz.fi\/blog\/wp-json\/wp\/v2\/posts\/9702\/revisions\/9704"}],"wp:featuredmedia":[{"embeddable":true,"href":"https:\/\/andersadlercreutz.fi\/blog\/wp-json\/wp\/v2\/media\/9699"}],"wp:attachment":[{"href":"https:\/\/andersadlercreutz.fi\/blog\/wp-json\/wp\/v2\/media?parent=9702"}],"wp:term":[{"taxonomy":"category","embeddable":true,"href":"https:\/\/andersadlercreutz.fi\/blog\/wp-json\/wp\/v2\/categories?post=9702"},{"taxonomy":"post_tag","embeddable":true,"href":"https:\/\/andersadlercreutz.fi\/blog\/wp-json\/wp\/v2\/tags?post=9702"}],"curies":[{"name":"wp","href":"https:\/\/api.w.org\/{rel}","templated":true}]}}