{"id":9763,"date":"2024-07-12T13:45:52","date_gmt":"2024-07-12T10:45:52","guid":{"rendered":"https:\/\/andersadlercreutz.fi\/blog\/?p=9763"},"modified":"2024-08-12T11:57:59","modified_gmt":"2024-08-12T08:57:59","slug":"adlercreutz-utsag-statssekreterare-och-medarbetare","status":"publish","type":"post","link":"https:\/\/andersadlercreutz.fi\/blog\/lehdistotiedote-sv\/adlercreutz-utsag-statssekreterare-och-medarbetare\/","title":{"rendered":"Adlercreutz uts\u00e5g statssekreterare och medarbetare"},"content":{"rendered":"<div class=\"excerpt\">\n<p>Svenska folkpartiets ordf\u00f6rande, undervisningsminister Anders Adlercreutz har utsett sina medarbetare. Mikaela Nylander forts\u00e4tter i sin roll som undervisningsministerns statssekreterare. Crista Gr\u00f6nroos, Andreas Elfving, Laura Ollila, Lisa Palm och Anita Westerholm har utsetts till specialmedarbetare.<\/p>\n<\/div>\n<div class=\"resizable\">\n<p><b>Mikaela Nylander<\/b>, ekonomie magister och r\u00e4ttsnotarie, har tidigare fungerat som statssekreterare f\u00f6r minister Anna-Maja Henriksson vid undervisnings- och kulturministeriet och justitieministeriet. Nylander \u00e4r tidigare riksdagsledamot 2003\u20132019 och bland annat\u00a0 medlem av kulturutskottet under hela den tiden. Nylander bor i Borg\u00e5, d\u00e4r hon leder stadsfullm\u00e4ktige samt \u00e4ven \u00d6stra Nylands v\u00e4lf\u00e4rdsomr\u00e5de.<\/p>\n<p>Politices magister\u00a0<b>Crista Gr\u00f6nroos<\/b>\u00a0har utsetts till specialmedarbetare f\u00f6r undervisningsministern och f\u00f6r SFP:s ministergrupp. Gr\u00f6nroos har tidigare arbetat som specialmedarbetare f\u00f6r Adlercreutz d\u00e5 han var Europa- och \u00e4garstyrningsminister, som politiskt sakkunnig vid Svenska folkpartiet, som tf. lagstiftningssekreterare f\u00f6r Svenska riksdagsgruppen och som Adlercreutz riksdagsassistent. Gr\u00f6nroos har \u00e4ven varit praktikant vid Center for Strategic and International Studies i Washington D.C. Gr\u00f6nroos \u00e4r hemma fr\u00e5n Esbo.<\/p>\n<p>Politices kandidat\u00a0<b>Andreas Elfving<\/b>, fr\u00e5n Ing\u00e5 och uppv\u00e4xt i Vasa, ansvarar f\u00f6r ministerns kommunikation och mediarelationer, det nordiska samarbetet samt kyrkofr\u00e5gor. Elfving fungerade \u00e4ven som specialmedarbetare f\u00f6r Adlercreutz d\u00e5 han var Europa- och \u00e4garstyrningsminister. Tidigare har Elfving bland annat arbetat som politisk sekreterare och internationell sekreterare vid Svenska folkpartiet, och som politiskt sakkunnig vid Svenska bildningsf\u00f6rbundet.<\/p>\n<p>Politices magister\u00a0<b>Laura Ollila<\/b>\u00a0ansvarar p\u00e5 ministeriet f\u00f6r den fria bildningen och har ocks\u00e5 ansvar f\u00f6r det finanspolitiska ministerutskottet. Ollila har tidigare arbetat bland annat som specialmedarbetare f\u00f6r ministrarna Anna-Maja Henriksson och Thomas Blomqvist, som riksdagsassistent, som politiskt sakkunnig vid Svenska folkpartiet och som projektchef inom den privata sektorn. Ollila bor i Helsingfors men kommer ursprungligen fr\u00e5n Borg\u00e5.<\/p>\n<p>Politices magister\u00a0<b>Lisa Palm<\/b>\u00a0ansvarar f\u00f6r sm\u00e5barnspedagogiken och den grundl\u00e4ggande utbildningen. Palm \u00e4r hemma fr\u00e5n Nykarleby och har tidigare arbetat bland annat som specialmedarbetare f\u00f6r Anna-Maja Henriksson i tv\u00e5 regeringar<b>,<\/b>\u00a0som riksdagsassistent och som skattesekreterare p\u00e5 Skattef\u00f6rvaltningen. Palm har \u00e4ven varit praktikant vid Democratic Alliance i Sydafrika.<\/p>\n<p>R\u00e4ttsnotarie\u00a0<b>Anita Westerholm<\/b>\u00a0ansvarar f\u00f6r fr\u00e5gor relaterade till andra stadiets utbildning. Westerholm har tidigare fungerat som bland annat specialmedarbetare f\u00f6r minister Anna-Maja Henriksson i tv\u00e5 regeringar och som riksdagsassistent f\u00f6r Thomas Blomqvist.\u00a0\u00a0Westerholm \u00e4r fullm\u00e4ktigeledamot och stadsstyrelsens ordf\u00f6rande i Raseborg, fullm\u00e4ktigeledamot i V\u00e4stra Nylands v\u00e4lf\u00e4rdsomr\u00e5de och ordf\u00f6rande f\u00f6r Svenska Kvinnof\u00f6rbundet. Westerholm bor i Raseborg.<\/p>\n<p><i>Svenska folkpartiets ordf\u00f6rande, undervisningsminister Anders Adlercreutz leder undervisnings- och kulturministeriet och ansvarar f\u00f6r sm\u00e5barnspedagogik, allm\u00e4nbildande utbildning, yrkesutbildning och kyrkliga \u00e4renden. P\u00e5 ministeriet handhar idrotts- och ungdomsminister Sandra Bergqvist \u00e4renden som h\u00f6r till ungdoms- och idrottspolitiska avdelningen och \u00e4renden som g\u00e4ller studiest\u00f6d. Forsknings- och kulturminister Multala sk\u00f6ter \u00e4renden som h\u00f6r till h\u00f6gskole- och forskningspolitiska avdelningen och kultur- och konstpolitiska avdelningen. Adlercreutz ansvarar \u00e4ven f\u00f6r \u00e4renden som g\u00e4ller det nordiska samarbetet p\u00e5 Utrikesministeriet.<\/i><\/p>\n<\/div>\n","protected":false},"excerpt":{"rendered":"<p>Svenska folkpartiets ordf\u00f6rande, undervisningsminister Anders Adlercreutz har utsett sina medarbetare. Mikaela Nylander forts\u00e4tter i sin roll som undervisningsministerns statssekreterare. Crista Gr\u00f6nroos, Andreas Elfving, Laura Ollila, Lisa Palm och Anita Westerholm har utsetts till specialmedarbetare. Mikaela Nylander, ekonomie magister och r\u00e4ttsnotarie, har tidigare fungerat som statssekreterare f\u00f6r minister Anna-Maja Henriksson vid undervisnings- och kulturministeriet och justitieministeriet. [&hellip;]<\/p>\n","protected":false},"author":1,"featured_media":9760,"comment_status":"open","ping_status":"open","sticky":false,"template":"","format":"standard","meta":{"jetpack_post_was_ever_published":false,"_jetpack_newsletter_access":"","jetpack_publicize_message":"","jetpack_is_tweetstorm":false,"jetpack_publicize_feature_enabled":true,"jetpack_social_post_already_shared":true,"jetpack_social_options":{"image_generator_settings":{"template":"highway","enabled":false}}},"categories":[86,72],"tags":[],"jetpack_publicize_connections":[],"yoast_head":"<!-- This site is optimized with the Yoast SEO plugin v20.12 - https:\/\/yoast.com\/wordpress\/plugins\/seo\/ -->\n<title>Adlercreutz uts\u00e5g statssekreterare och medarbetare - Anders Adlercreutz<\/title>\n<meta name=\"robots\" content=\"index, follow, max-snippet:-1, max-image-preview:large, max-video-preview:-1\" \/>\n<link rel=\"canonical\" href=\"https:\/\/andersadlercreutz.fi\/blog\/lehdistotiedote-sv\/adlercreutz-utsag-statssekreterare-och-medarbetare\/\" \/>\n<meta property=\"og:locale\" content=\"sv_SE\" \/>\n<meta property=\"og:type\" content=\"article\" \/>\n<meta property=\"og:title\" content=\"Adlercreutz uts\u00e5g statssekreterare och medarbetare - Anders Adlercreutz\" \/>\n<meta property=\"og:description\" content=\"Svenska folkpartiets ordf\u00f6rande, undervisningsminister Anders Adlercreutz har utsett sina medarbetare. Mikaela Nylander forts\u00e4tter i sin roll som undervisningsministerns statssekreterare. Crista Gr\u00f6nroos, Andreas Elfving, Laura Ollila, Lisa Palm och Anita Westerholm har utsetts till specialmedarbetare. Mikaela Nylander, ekonomie magister och r\u00e4ttsnotarie, har tidigare fungerat som statssekreterare f\u00f6r minister Anna-Maja Henriksson vid undervisnings- och kulturministeriet och justitieministeriet. [&hellip;]\" \/>\n<meta property=\"og:url\" content=\"https:\/\/andersadlercreutz.fi\/blog\/lehdistotiedote-sv\/adlercreutz-utsag-statssekreterare-och-medarbetare\/\" \/>\n<meta property=\"og:site_name\" content=\"Anders Adlercreutz\" \/>\n<meta property=\"article:published_time\" content=\"2024-07-12T10:45:52+00:00\" \/>\n<meta property=\"article:modified_time\" content=\"2024-08-12T08:57:59+00:00\" \/>\n<meta property=\"og:image\" content=\"https:\/\/andersadlercreutz.fi\/blog\/wp-content\/uploads\/2024\/08\/Adlercreutz-statssekreterare-medarbetare-pressis-2048x1024-1-1030x515.png\" \/>\n\t<meta property=\"og:image:width\" content=\"1030\" \/>\n\t<meta property=\"og:image:height\" content=\"515\" \/>\n\t<meta property=\"og:image:type\" content=\"image\/png\" \/>\n<meta name=\"author\" content=\"Anders\" \/>\n<meta name=\"twitter:card\" content=\"summary_large_image\" \/>\n<meta name=\"twitter:label1\" content=\"Skriven av\" \/>\n\t<meta name=\"twitter:data1\" content=\"Anders\" \/>\n\t<meta name=\"twitter:label2\" content=\"Ber\u00e4knad l\u00e4stid\" \/>\n\t<meta name=\"twitter:data2\" content=\"3 minuter\" \/>\n<script type=\"application\/ld+json\" class=\"yoast-schema-graph\">{\"@context\":\"https:\/\/schema.org\",\"@graph\":[{\"@type\":\"WebPage\",\"@id\":\"https:\/\/andersadlercreutz.fi\/blog\/lehdistotiedote-sv\/adlercreutz-utsag-statssekreterare-och-medarbetare\/\",\"url\":\"https:\/\/andersadlercreutz.fi\/blog\/lehdistotiedote-sv\/adlercreutz-utsag-statssekreterare-och-medarbetare\/\",\"name\":\"Adlercreutz uts\u00e5g statssekreterare och medarbetare - Anders Adlercreutz\",\"isPartOf\":{\"@id\":\"https:\/\/andersadlercreutz.fi\/blog\/#website\"},\"datePublished\":\"2024-07-12T10:45:52+00:00\",\"dateModified\":\"2024-08-12T08:57:59+00:00\",\"author\":{\"@id\":\"https:\/\/andersadlercreutz.fi\/blog\/#\/schema\/person\/47d4b72eded862b484f74bb4b3a2354f\"},\"breadcrumb\":{\"@id\":\"https:\/\/andersadlercreutz.fi\/blog\/lehdistotiedote-sv\/adlercreutz-utsag-statssekreterare-och-medarbetare\/#breadcrumb\"},\"inLanguage\":\"sv-SE\",\"potentialAction\":[{\"@type\":\"ReadAction\",\"target\":[\"https:\/\/andersadlercreutz.fi\/blog\/lehdistotiedote-sv\/adlercreutz-utsag-statssekreterare-och-medarbetare\/\"]}]},{\"@type\":\"BreadcrumbList\",\"@id\":\"https:\/\/andersadlercreutz.fi\/blog\/lehdistotiedote-sv\/adlercreutz-utsag-statssekreterare-och-medarbetare\/#breadcrumb\",\"itemListElement\":[{\"@type\":\"ListItem\",\"position\":1,\"name\":\"Home\",\"item\":\"https:\/\/andersadlercreutz.fi\/blog\/blogg\/?lang=sv\"},{\"@type\":\"ListItem\",\"position\":2,\"name\":\"Adlercreutz uts\u00e5g statssekreterare och medarbetare\"}]},{\"@type\":\"WebSite\",\"@id\":\"https:\/\/andersadlercreutz.fi\/blog\/#website\",\"url\":\"https:\/\/andersadlercreutz.fi\/blog\/\",\"name\":\"Anders Adlercreutz\",\"description\":\"Du. Jag. Vi. Kest&auml;v&auml;sti optimisti\",\"potentialAction\":[{\"@type\":\"SearchAction\",\"target\":{\"@type\":\"EntryPoint\",\"urlTemplate\":\"https:\/\/andersadlercreutz.fi\/blog\/?s={search_term_string}\"},\"query-input\":\"required name=search_term_string\"}],\"inLanguage\":\"sv-SE\"},{\"@type\":\"Person\",\"@id\":\"https:\/\/andersadlercreutz.fi\/blog\/#\/schema\/person\/47d4b72eded862b484f74bb4b3a2354f\",\"name\":\"Anders\",\"image\":{\"@type\":\"ImageObject\",\"inLanguage\":\"sv-SE\",\"@id\":\"https:\/\/andersadlercreutz.fi\/blog\/#\/schema\/person\/image\/\",\"url\":\"https:\/\/secure.gravatar.com\/avatar\/a144c9bda7a581ff6fabba169027e620?s=96&d=mm&r=g\",\"contentUrl\":\"https:\/\/secure.gravatar.com\/avatar\/a144c9bda7a581ff6fabba169027e620?s=96&d=mm&r=g\",\"caption\":\"Anders\"},\"url\":\"https:\/\/andersadlercreutz.fi\/blog\/author\/admin\/\"}]}<\/script>\n<!-- \/ Yoast SEO plugin. -->","yoast_head_json":{"title":"Adlercreutz uts\u00e5g statssekreterare och medarbetare - Anders Adlercreutz","robots":{"index":"index","follow":"follow","max-snippet":"max-snippet:-1","max-image-preview":"max-image-preview:large","max-video-preview":"max-video-preview:-1"},"canonical":"https:\/\/andersadlercreutz.fi\/blog\/lehdistotiedote-sv\/adlercreutz-utsag-statssekreterare-och-medarbetare\/","og_locale":"sv_SE","og_type":"article","og_title":"Adlercreutz uts\u00e5g statssekreterare och medarbetare - Anders Adlercreutz","og_description":"Svenska folkpartiets ordf\u00f6rande, undervisningsminister Anders Adlercreutz har utsett sina medarbetare. Mikaela Nylander forts\u00e4tter i sin roll som undervisningsministerns statssekreterare. Crista Gr\u00f6nroos, Andreas Elfving, Laura Ollila, Lisa Palm och Anita Westerholm har utsetts till specialmedarbetare. Mikaela Nylander, ekonomie magister och r\u00e4ttsnotarie, har tidigare fungerat som statssekreterare f\u00f6r minister Anna-Maja Henriksson vid undervisnings- och kulturministeriet och justitieministeriet. [&hellip;]","og_url":"https:\/\/andersadlercreutz.fi\/blog\/lehdistotiedote-sv\/adlercreutz-utsag-statssekreterare-och-medarbetare\/","og_site_name":"Anders Adlercreutz","article_published_time":"2024-07-12T10:45:52+00:00","article_modified_time":"2024-08-12T08:57:59+00:00","og_image":[{"width":1030,"height":515,"url":"https:\/\/andersadlercreutz.fi\/blog\/wp-content\/uploads\/2024\/08\/Adlercreutz-statssekreterare-medarbetare-pressis-2048x1024-1-1030x515.png","type":"image\/png"}],"author":"Anders","twitter_card":"summary_large_image","twitter_misc":{"Skriven av":"Anders","Ber\u00e4knad l\u00e4stid":"3 minuter"},"schema":{"@context":"https:\/\/schema.org","@graph":[{"@type":"WebPage","@id":"https:\/\/andersadlercreutz.fi\/blog\/lehdistotiedote-sv\/adlercreutz-utsag-statssekreterare-och-medarbetare\/","url":"https:\/\/andersadlercreutz.fi\/blog\/lehdistotiedote-sv\/adlercreutz-utsag-statssekreterare-och-medarbetare\/","name":"Adlercreutz uts\u00e5g statssekreterare och medarbetare - Anders Adlercreutz","isPartOf":{"@id":"https:\/\/andersadlercreutz.fi\/blog\/#website"},"datePublished":"2024-07-12T10:45:52+00:00","dateModified":"2024-08-12T08:57:59+00:00","author":{"@id":"https:\/\/andersadlercreutz.fi\/blog\/#\/schema\/person\/47d4b72eded862b484f74bb4b3a2354f"},"breadcrumb":{"@id":"https:\/\/andersadlercreutz.fi\/blog\/lehdistotiedote-sv\/adlercreutz-utsag-statssekreterare-och-medarbetare\/#breadcrumb"},"inLanguage":"sv-SE","potentialAction":[{"@type":"ReadAction","target":["https:\/\/andersadlercreutz.fi\/blog\/lehdistotiedote-sv\/adlercreutz-utsag-statssekreterare-och-medarbetare\/"]}]},{"@type":"BreadcrumbList","@id":"https:\/\/andersadlercreutz.fi\/blog\/lehdistotiedote-sv\/adlercreutz-utsag-statssekreterare-och-medarbetare\/#breadcrumb","itemListElement":[{"@type":"ListItem","position":1,"name":"Home","item":"https:\/\/andersadlercreutz.fi\/blog\/blogg\/?lang=sv"},{"@type":"ListItem","position":2,"name":"Adlercreutz uts\u00e5g statssekreterare och medarbetare"}]},{"@type":"WebSite","@id":"https:\/\/andersadlercreutz.fi\/blog\/#website","url":"https:\/\/andersadlercreutz.fi\/blog\/","name":"Anders Adlercreutz","description":"Du. Jag. Vi. Kest&auml;v&auml;sti optimisti","potentialAction":[{"@type":"SearchAction","target":{"@type":"EntryPoint","urlTemplate":"https:\/\/andersadlercreutz.fi\/blog\/?s={search_term_string}"},"query-input":"required name=search_term_string"}],"inLanguage":"sv-SE"},{"@type":"Person","@id":"https:\/\/andersadlercreutz.fi\/blog\/#\/schema\/person\/47d4b72eded862b484f74bb4b3a2354f","name":"Anders","image":{"@type":"ImageObject","inLanguage":"sv-SE","@id":"https:\/\/andersadlercreutz.fi\/blog\/#\/schema\/person\/image\/","url":"https:\/\/secure.gravatar.com\/avatar\/a144c9bda7a581ff6fabba169027e620?s=96&d=mm&r=g","contentUrl":"https:\/\/secure.gravatar.com\/avatar\/a144c9bda7a581ff6fabba169027e620?s=96&d=mm&r=g","caption":"Anders"},"url":"https:\/\/andersadlercreutz.fi\/blog\/author\/admin\/"}]}},"jetpack_featured_media_url":"https:\/\/i0.wp.com\/andersadlercreutz.fi\/blog\/wp-content\/uploads\/2024\/08\/Adlercreutz-statssekreterare-medarbetare-pressis-2048x1024-1.png?fit=2048%2C1024&ssl=1","jetpack_shortlink":"https:\/\/wp.me\/p4T6Dh-2xt","jetpack_sharing_enabled":true,"_links":{"self":[{"href":"https:\/\/andersadlercreutz.fi\/blog\/wp-json\/wp\/v2\/posts\/9763"}],"collection":[{"href":"https:\/\/andersadlercreutz.fi\/blog\/wp-json\/wp\/v2\/posts"}],"about":[{"href":"https:\/\/andersadlercreutz.fi\/blog\/wp-json\/wp\/v2\/types\/post"}],"author":[{"embeddable":true,"href":"https:\/\/andersadlercreutz.fi\/blog\/wp-json\/wp\/v2\/users\/1"}],"replies":[{"embeddable":true,"href":"https:\/\/andersadlercreutz.fi\/blog\/wp-json\/wp\/v2\/comments?post=9763"}],"version-history":[{"count":2,"href":"https:\/\/andersadlercreutz.fi\/blog\/wp-json\/wp\/v2\/posts\/9763\/revisions"}],"predecessor-version":[{"id":9765,"href":"https:\/\/andersadlercreutz.fi\/blog\/wp-json\/wp\/v2\/posts\/9763\/revisions\/9765"}],"wp:featuredmedia":[{"embeddable":true,"href":"https:\/\/andersadlercreutz.fi\/blog\/wp-json\/wp\/v2\/media\/9760"}],"wp:attachment":[{"href":"https:\/\/andersadlercreutz.fi\/blog\/wp-json\/wp\/v2\/media?parent=9763"}],"wp:term":[{"taxonomy":"category","embeddable":true,"href":"https:\/\/andersadlercreutz.fi\/blog\/wp-json\/wp\/v2\/categories?post=9763"},{"taxonomy":"post_tag","embeddable":true,"href":"https:\/\/andersadlercreutz.fi\/blog\/wp-json\/wp\/v2\/tags?post=9763"}],"curies":[{"name":"wp","href":"https:\/\/api.w.org\/{rel}","templated":true}]}}