{"id":9855,"date":"2024-09-05T17:15:32","date_gmt":"2024-09-05T14:15:32","guid":{"rendered":"https:\/\/andersadlercreutz.fi\/blog\/?p=9855"},"modified":"2024-09-05T17:15:32","modified_gmt":"2024-09-05T14:15:32","slug":"adlercreutz-lagforslaget-om-lokala-avtal-till-riksdagen","status":"publish","type":"post","link":"https:\/\/andersadlercreutz.fi\/blog\/riksdagen\/adlercreutz-lagforslaget-om-lokala-avtal-till-riksdagen\/","title":{"rendered":"Adlercreutz: Lagf\u00f6rslaget om lokala avtal till riksdagen"},"content":{"rendered":"<p>\u2013 Idag, p\u00e5 den nationella F\u00f6retagardagen, har regeringen godk\u00e4nt lagf\u00f6rslaget om lokala avtal. Det h\u00e4r \u00e4r n\u00e5got som Svenska folkpartiet har arbetat f\u00f6r l\u00e4nge. Nu tar vi ett viktigt steg mot att m\u00f6jligg\u00f6ra \u00f6kad flexibilitet p\u00e5 arbetsmarknaden och \u00f6kad produktivitet i f\u00f6retagen, s\u00e4ger undervisningsminister och SFP:s partiordf\u00f6rande Anders Adlercreutz.<\/p>\n<p>\u2013 Vi har utrett m\u00f6jligheter till lokala avtal under flera regeringsperioder \u2013 nu lyckades vi \u00e4ntligen f\u00e5 ett f\u00f6rslag till riksdagen. Nu blir det bland annat m\u00f6jligt f\u00f6r icke-organiserade arbetsplatser att ing\u00e5 lokala avtal.<\/p>\n<p>Lagf\u00f6rslaget om lokala avtal b\u00f6rjar nu behandlas av riksdagen. Enligt f\u00f6rslaget g\u00f6rs det flera \u00e4ndringar i arbetslagstiftningen f\u00f6r att m\u00f6jligg\u00f6ra lokala avtal i olika slags f\u00f6retag. Adlercreutz lyfter fram att det blir l\u00e4ttare f\u00f6r arbetstagarna att p\u00e5verka tillsammans, oberoende av om man \u00e4r fackansluten eller inte. Det m\u00f6jligg\u00f6rs \u00e4ven att lokala avtal kan ing\u00e5s med ett f\u00f6rtroendeombud.<\/p>\n<p>\u2013 Finland \u00e4r ett exportberoende land och f\u00f6retagen utg\u00f6r drivmotorn i v\u00e5r ekonomi. Vi beh\u00f6ver ekonomisk tillv\u00e4xt och det h\u00e4r lagf\u00f6rslaget \u00e4r ett bra exempel p\u00e5 hur vi med hj\u00e4lp av strukturella reformer kan f\u00f6rb\u00e4ttra f\u00f6ruts\u00e4ttningarna f\u00f6r v\u00e5ra f\u00f6retag att verka, s\u00e4ger Adlercreutz.<\/p>\n<p>Propositionen om lokala avtal f\u00f6resl\u00e5s tr\u00e4da i kraft den 1 januari 2025.<\/p>\n<p>Till\u00e4ggsuppgifter: Specialmedarbetare Lisa Palm, 050 347 9802<\/p>\n","protected":false},"excerpt":{"rendered":"<p>\u2013 Idag, p\u00e5 den nationella F\u00f6retagardagen, har regeringen godk\u00e4nt lagf\u00f6rslaget om lokala avtal. Det h\u00e4r \u00e4r n\u00e5got som Svenska folkpartiet har arbetat f\u00f6r l\u00e4nge. Nu tar vi ett viktigt steg mot att m\u00f6jligg\u00f6ra \u00f6kad flexibilitet p\u00e5 arbetsmarknaden och \u00f6kad produktivitet i f\u00f6retagen, s\u00e4ger undervisningsminister och SFP:s partiordf\u00f6rande Anders Adlercreutz. \u2013 Vi har utrett m\u00f6jligheter till [&hellip;]<\/p>\n","protected":false},"author":1,"featured_media":9852,"comment_status":"open","ping_status":"open","sticky":false,"template":"","format":"standard","meta":{"jetpack_post_was_ever_published":false,"_jetpack_newsletter_access":"","jetpack_publicize_message":"","jetpack_is_tweetstorm":false,"jetpack_publicize_feature_enabled":true,"jetpack_social_post_already_shared":true,"jetpack_social_options":{"image_generator_settings":{"template":"highway","enabled":false}}},"categories":[28,86,72,64,88],"tags":[],"jetpack_publicize_connections":[],"yoast_head":"<!-- This site is optimized with the Yoast SEO plugin v20.12 - https:\/\/yoast.com\/wordpress\/plugins\/seo\/ -->\n<title>Adlercreutz: Lagf\u00f6rslaget om lokala avtal till riksdagen - Anders Adlercreutz<\/title>\n<meta name=\"robots\" content=\"index, follow, max-snippet:-1, max-image-preview:large, max-video-preview:-1\" \/>\n<link rel=\"canonical\" href=\"https:\/\/andersadlercreutz.fi\/blog\/riksdagen\/adlercreutz-lagforslaget-om-lokala-avtal-till-riksdagen\/\" \/>\n<meta property=\"og:locale\" content=\"sv_SE\" \/>\n<meta property=\"og:type\" content=\"article\" \/>\n<meta property=\"og:title\" content=\"Adlercreutz: Lagf\u00f6rslaget om lokala avtal till riksdagen - Anders Adlercreutz\" \/>\n<meta property=\"og:description\" content=\"\u2013 Idag, p\u00e5 den nationella F\u00f6retagardagen, har regeringen godk\u00e4nt lagf\u00f6rslaget om lokala avtal. Det h\u00e4r \u00e4r n\u00e5got som Svenska folkpartiet har arbetat f\u00f6r l\u00e4nge. Nu tar vi ett viktigt steg mot att m\u00f6jligg\u00f6ra \u00f6kad flexibilitet p\u00e5 arbetsmarknaden och \u00f6kad produktivitet i f\u00f6retagen, s\u00e4ger undervisningsminister och SFP:s partiordf\u00f6rande Anders Adlercreutz. \u2013 Vi har utrett m\u00f6jligheter till [&hellip;]\" \/>\n<meta property=\"og:url\" content=\"https:\/\/andersadlercreutz.fi\/blog\/riksdagen\/adlercreutz-lagforslaget-om-lokala-avtal-till-riksdagen\/\" \/>\n<meta property=\"og:site_name\" content=\"Anders Adlercreutz\" \/>\n<meta property=\"article:published_time\" content=\"2024-09-05T14:15:32+00:00\" \/>\n<meta property=\"og:image\" content=\"https:\/\/andersadlercreutz.fi\/blog\/wp-content\/uploads\/2024\/09\/Anders-i-RD-smile-1.jpg\" \/>\n\t<meta property=\"og:image:width\" content=\"1768\" \/>\n\t<meta property=\"og:image:height\" content=\"1009\" \/>\n\t<meta property=\"og:image:type\" content=\"image\/jpeg\" \/>\n<meta name=\"author\" content=\"Anders\" \/>\n<meta name=\"twitter:card\" content=\"summary_large_image\" \/>\n<meta name=\"twitter:label1\" content=\"Skriven av\" \/>\n\t<meta name=\"twitter:data1\" content=\"Anders\" \/>\n\t<meta name=\"twitter:label2\" content=\"Ber\u00e4knad l\u00e4stid\" \/>\n\t<meta name=\"twitter:data2\" content=\"1 minut\" \/>\n<script type=\"application\/ld+json\" class=\"yoast-schema-graph\">{\"@context\":\"https:\/\/schema.org\",\"@graph\":[{\"@type\":\"WebPage\",\"@id\":\"https:\/\/andersadlercreutz.fi\/blog\/riksdagen\/adlercreutz-lagforslaget-om-lokala-avtal-till-riksdagen\/\",\"url\":\"https:\/\/andersadlercreutz.fi\/blog\/riksdagen\/adlercreutz-lagforslaget-om-lokala-avtal-till-riksdagen\/\",\"name\":\"Adlercreutz: Lagf\u00f6rslaget om lokala avtal till riksdagen - Anders Adlercreutz\",\"isPartOf\":{\"@id\":\"https:\/\/andersadlercreutz.fi\/blog\/#website\"},\"datePublished\":\"2024-09-05T14:15:32+00:00\",\"dateModified\":\"2024-09-05T14:15:32+00:00\",\"author\":{\"@id\":\"https:\/\/andersadlercreutz.fi\/blog\/#\/schema\/person\/47d4b72eded862b484f74bb4b3a2354f\"},\"breadcrumb\":{\"@id\":\"https:\/\/andersadlercreutz.fi\/blog\/riksdagen\/adlercreutz-lagforslaget-om-lokala-avtal-till-riksdagen\/#breadcrumb\"},\"inLanguage\":\"sv-SE\",\"potentialAction\":[{\"@type\":\"ReadAction\",\"target\":[\"https:\/\/andersadlercreutz.fi\/blog\/riksdagen\/adlercreutz-lagforslaget-om-lokala-avtal-till-riksdagen\/\"]}]},{\"@type\":\"BreadcrumbList\",\"@id\":\"https:\/\/andersadlercreutz.fi\/blog\/riksdagen\/adlercreutz-lagforslaget-om-lokala-avtal-till-riksdagen\/#breadcrumb\",\"itemListElement\":[{\"@type\":\"ListItem\",\"position\":1,\"name\":\"Home\",\"item\":\"https:\/\/andersadlercreutz.fi\/blog\/blogg\/?lang=sv\"},{\"@type\":\"ListItem\",\"position\":2,\"name\":\"Adlercreutz: Lagf\u00f6rslaget om lokala avtal till riksdagen\"}]},{\"@type\":\"WebSite\",\"@id\":\"https:\/\/andersadlercreutz.fi\/blog\/#website\",\"url\":\"https:\/\/andersadlercreutz.fi\/blog\/\",\"name\":\"Anders Adlercreutz\",\"description\":\"Du. Jag. Vi. Kest&auml;v&auml;sti optimisti\",\"potentialAction\":[{\"@type\":\"SearchAction\",\"target\":{\"@type\":\"EntryPoint\",\"urlTemplate\":\"https:\/\/andersadlercreutz.fi\/blog\/?s={search_term_string}\"},\"query-input\":\"required name=search_term_string\"}],\"inLanguage\":\"sv-SE\"},{\"@type\":\"Person\",\"@id\":\"https:\/\/andersadlercreutz.fi\/blog\/#\/schema\/person\/47d4b72eded862b484f74bb4b3a2354f\",\"name\":\"Anders\",\"image\":{\"@type\":\"ImageObject\",\"inLanguage\":\"sv-SE\",\"@id\":\"https:\/\/andersadlercreutz.fi\/blog\/#\/schema\/person\/image\/\",\"url\":\"https:\/\/secure.gravatar.com\/avatar\/a144c9bda7a581ff6fabba169027e620?s=96&d=mm&r=g\",\"contentUrl\":\"https:\/\/secure.gravatar.com\/avatar\/a144c9bda7a581ff6fabba169027e620?s=96&d=mm&r=g\",\"caption\":\"Anders\"},\"url\":\"https:\/\/andersadlercreutz.fi\/blog\/author\/admin\/\"}]}<\/script>\n<!-- \/ Yoast SEO plugin. -->","yoast_head_json":{"title":"Adlercreutz: Lagf\u00f6rslaget om lokala avtal till riksdagen - Anders Adlercreutz","robots":{"index":"index","follow":"follow","max-snippet":"max-snippet:-1","max-image-preview":"max-image-preview:large","max-video-preview":"max-video-preview:-1"},"canonical":"https:\/\/andersadlercreutz.fi\/blog\/riksdagen\/adlercreutz-lagforslaget-om-lokala-avtal-till-riksdagen\/","og_locale":"sv_SE","og_type":"article","og_title":"Adlercreutz: Lagf\u00f6rslaget om lokala avtal till riksdagen - Anders Adlercreutz","og_description":"\u2013 Idag, p\u00e5 den nationella F\u00f6retagardagen, har regeringen godk\u00e4nt lagf\u00f6rslaget om lokala avtal. Det h\u00e4r \u00e4r n\u00e5got som Svenska folkpartiet har arbetat f\u00f6r l\u00e4nge. Nu tar vi ett viktigt steg mot att m\u00f6jligg\u00f6ra \u00f6kad flexibilitet p\u00e5 arbetsmarknaden och \u00f6kad produktivitet i f\u00f6retagen, s\u00e4ger undervisningsminister och SFP:s partiordf\u00f6rande Anders Adlercreutz. \u2013 Vi har utrett m\u00f6jligheter till [&hellip;]","og_url":"https:\/\/andersadlercreutz.fi\/blog\/riksdagen\/adlercreutz-lagforslaget-om-lokala-avtal-till-riksdagen\/","og_site_name":"Anders Adlercreutz","article_published_time":"2024-09-05T14:15:32+00:00","og_image":[{"width":1768,"height":1009,"url":"https:\/\/andersadlercreutz.fi\/blog\/wp-content\/uploads\/2024\/09\/Anders-i-RD-smile-1.jpg","type":"image\/jpeg"}],"author":"Anders","twitter_card":"summary_large_image","twitter_misc":{"Skriven av":"Anders","Ber\u00e4knad l\u00e4stid":"1 minut"},"schema":{"@context":"https:\/\/schema.org","@graph":[{"@type":"WebPage","@id":"https:\/\/andersadlercreutz.fi\/blog\/riksdagen\/adlercreutz-lagforslaget-om-lokala-avtal-till-riksdagen\/","url":"https:\/\/andersadlercreutz.fi\/blog\/riksdagen\/adlercreutz-lagforslaget-om-lokala-avtal-till-riksdagen\/","name":"Adlercreutz: Lagf\u00f6rslaget om lokala avtal till riksdagen - Anders Adlercreutz","isPartOf":{"@id":"https:\/\/andersadlercreutz.fi\/blog\/#website"},"datePublished":"2024-09-05T14:15:32+00:00","dateModified":"2024-09-05T14:15:32+00:00","author":{"@id":"https:\/\/andersadlercreutz.fi\/blog\/#\/schema\/person\/47d4b72eded862b484f74bb4b3a2354f"},"breadcrumb":{"@id":"https:\/\/andersadlercreutz.fi\/blog\/riksdagen\/adlercreutz-lagforslaget-om-lokala-avtal-till-riksdagen\/#breadcrumb"},"inLanguage":"sv-SE","potentialAction":[{"@type":"ReadAction","target":["https:\/\/andersadlercreutz.fi\/blog\/riksdagen\/adlercreutz-lagforslaget-om-lokala-avtal-till-riksdagen\/"]}]},{"@type":"BreadcrumbList","@id":"https:\/\/andersadlercreutz.fi\/blog\/riksdagen\/adlercreutz-lagforslaget-om-lokala-avtal-till-riksdagen\/#breadcrumb","itemListElement":[{"@type":"ListItem","position":1,"name":"Home","item":"https:\/\/andersadlercreutz.fi\/blog\/blogg\/?lang=sv"},{"@type":"ListItem","position":2,"name":"Adlercreutz: Lagf\u00f6rslaget om lokala avtal till riksdagen"}]},{"@type":"WebSite","@id":"https:\/\/andersadlercreutz.fi\/blog\/#website","url":"https:\/\/andersadlercreutz.fi\/blog\/","name":"Anders Adlercreutz","description":"Du. Jag. Vi. Kest&auml;v&auml;sti optimisti","potentialAction":[{"@type":"SearchAction","target":{"@type":"EntryPoint","urlTemplate":"https:\/\/andersadlercreutz.fi\/blog\/?s={search_term_string}"},"query-input":"required name=search_term_string"}],"inLanguage":"sv-SE"},{"@type":"Person","@id":"https:\/\/andersadlercreutz.fi\/blog\/#\/schema\/person\/47d4b72eded862b484f74bb4b3a2354f","name":"Anders","image":{"@type":"ImageObject","inLanguage":"sv-SE","@id":"https:\/\/andersadlercreutz.fi\/blog\/#\/schema\/person\/image\/","url":"https:\/\/secure.gravatar.com\/avatar\/a144c9bda7a581ff6fabba169027e620?s=96&d=mm&r=g","contentUrl":"https:\/\/secure.gravatar.com\/avatar\/a144c9bda7a581ff6fabba169027e620?s=96&d=mm&r=g","caption":"Anders"},"url":"https:\/\/andersadlercreutz.fi\/blog\/author\/admin\/"}]}},"jetpack_featured_media_url":"https:\/\/i0.wp.com\/andersadlercreutz.fi\/blog\/wp-content\/uploads\/2024\/09\/Anders-i-RD-smile-1.jpg?fit=1768%2C1009&ssl=1","jetpack_shortlink":"https:\/\/wp.me\/p4T6Dh-2yX","jetpack_sharing_enabled":true,"_links":{"self":[{"href":"https:\/\/andersadlercreutz.fi\/blog\/wp-json\/wp\/v2\/posts\/9855"}],"collection":[{"href":"https:\/\/andersadlercreutz.fi\/blog\/wp-json\/wp\/v2\/posts"}],"about":[{"href":"https:\/\/andersadlercreutz.fi\/blog\/wp-json\/wp\/v2\/types\/post"}],"author":[{"embeddable":true,"href":"https:\/\/andersadlercreutz.fi\/blog\/wp-json\/wp\/v2\/users\/1"}],"replies":[{"embeddable":true,"href":"https:\/\/andersadlercreutz.fi\/blog\/wp-json\/wp\/v2\/comments?post=9855"}],"version-history":[{"count":2,"href":"https:\/\/andersadlercreutz.fi\/blog\/wp-json\/wp\/v2\/posts\/9855\/revisions"}],"predecessor-version":[{"id":9857,"href":"https:\/\/andersadlercreutz.fi\/blog\/wp-json\/wp\/v2\/posts\/9855\/revisions\/9857"}],"wp:featuredmedia":[{"embeddable":true,"href":"https:\/\/andersadlercreutz.fi\/blog\/wp-json\/wp\/v2\/media\/9852"}],"wp:attachment":[{"href":"https:\/\/andersadlercreutz.fi\/blog\/wp-json\/wp\/v2\/media?parent=9855"}],"wp:term":[{"taxonomy":"category","embeddable":true,"href":"https:\/\/andersadlercreutz.fi\/blog\/wp-json\/wp\/v2\/categories?post=9855"},{"taxonomy":"post_tag","embeddable":true,"href":"https:\/\/andersadlercreutz.fi\/blog\/wp-json\/wp\/v2\/tags?post=9855"}],"curies":[{"name":"wp","href":"https:\/\/api.w.org\/{rel}","templated":true}]}}