{"id":9870,"date":"2024-09-03T21:00:20","date_gmt":"2024-09-03T18:00:20","guid":{"rendered":"https:\/\/andersadlercreutz.fi\/blog\/?p=9870"},"modified":"2024-09-06T13:38:33","modified_gmt":"2024-09-06T10:38:33","slug":"adlercreutz-om-budgetrian-manga-atgarder-som-starker-tillvaxten","status":"publish","type":"post","link":"https:\/\/andersadlercreutz.fi\/blog\/budget\/adlercreutz-om-budgetrian-manga-atgarder-som-starker-tillvaxten\/","title":{"rendered":"Adlercreutz om budgetrian: m\u00e5nga \u00e5tg\u00e4rder som st\u00e4rker tillv\u00e4xten"},"content":{"rendered":"<div class=\"excerpt\">\n<p>Regeringens budgetria avslutades p\u00e5 tisdag kv\u00e4ll. Svenska folkpartiets partiordf\u00f6rande, undervisningsminister Anders Adlercreutz \u00e4r n\u00f6jd med slutresultatet trots m\u00e5nga sv\u00e5ra beslut.<\/p>\n<\/div>\n<div class=\"resizable\">\n<p>\u2013 Nu verkst\u00e4lls de anpassnings\u00e5tg\u00e4rder som regeringen kom \u00f6verens om i v\u00e5rens ramria. Trots att det ekonomiska l\u00e4get \u00e4r utmanande \u00e4r jag n\u00f6jd \u00f6ver att vi kunnat undvika nya nedsk\u00e4rningar och ocks\u00e5 lyckats justera en del av anpassningarna i r\u00e4tt riktning, s\u00e4ger Adlercreutz.<\/p>\n<p>\u2013 Vi har fortfarande stora strukturella problem i statsekonomin och med \u00f6kande offentliga utgifter. Underskottet p\u00e5 12,2 miljarder euro \u00e4r enormt \u2013 men utan v\u00e5rens beslut skulle det ha varit 4 miljarder st\u00f6rre.<\/p>\n<p>Budgetrians fokus l\u00e5g p\u00e5 att ta fram tillv\u00e4xt\u00e5tg\u00e4rder.<\/p>\n<p>\u2013 Nu tar regeringen sikte p\u00e5 att st\u00e4rka f\u00f6ruts\u00e4ttningarna f\u00f6r den tillv\u00e4xt vi beh\u00f6ver f\u00f6r att trygga v\u00e5r v\u00e4lf\u00e4rd. Till exempel de syssels\u00e4ttnings\u00e5tg\u00e4rder som regeringen g\u00f6r ber\u00e4knas p\u00e5 sikt skapa 80 000 arbetsplatser och st\u00e4rka statsekonomin med 1,8 miljarder euro, s\u00e4ger Adlercreutz.<\/p>\n<p>Adlercreutz lyfter ocks\u00e5 fram att skolan f\u00e5r k\u00e4nnbara till\u00e4ggssatsningar.<\/p>\n<p>-Fr\u00e5n och med n\u00e4sta h\u00f6st kommer vi att ha tre veckotimmar till i modersm\u00e5l, litteratur och matematik p\u00e5 l\u00e5gstadiet. Vi reformerar st\u00f6det f\u00f6r l\u00e4randet i grundskolan och p\u00e5 andra stadiet. Det \u00e4r en satsning p\u00e5 ungef\u00e4r 100 miljoner, och som undervisningsminister gl\u00e4der det h\u00e4r mig, s\u00e4ger Adlercreutz.<\/p>\n<p>Regeringen har tidigare f\u00f6rbundit sig till att \u00f6ka satsningarna p\u00e5 forskning och utveckling till 1,2 procent av BNP.<\/p>\n<p>\u2013 Finansieringen f\u00f6r forsknings- och utvecklingsprojekt \u00f6kar nu med 280 miljoner euro till 2,9 miljarder euro \u00e5r 2025 \u2013 det \u00e4r en stor satsning och f\u00f6r oss mot v\u00e5r m\u00e5ls\u00e4ttning. De skattel\u00e4ttnader som regeringen kommit \u00f6verens om n\u00e4r det g\u00e4ller investeringar i den gr\u00f6na omst\u00e4llningen ska ocks\u00e5 tr\u00e4da i kraft inom kort, och dessutom f\u00f6rsnabbar vi tillst\u00e5ndsprocesserna. P\u00e5 s\u00e5 s\u00e4tt underl\u00e4ttar vi ocks\u00e5 f\u00f6retagens m\u00f6jligheter att investera och v\u00e4xa, s\u00e4ger Adlercreutz.<\/p>\n<p>Regeringens st\u00e4rker f\u00f6ruts\u00e4ttningarna f\u00f6r tillv\u00e4xt \u00e4ven genom betydande satsningar p\u00e5 infrastruktur. 484 miljoner euro s\u00e4tts p\u00e5 nya v\u00e4g- och banstr\u00e4ckor. En satsning p\u00e5 50 miljoner euro g\u00f6rs p\u00e5 Kustbanan, liksom betydande satsningar p\u00e5 riks\u00e5ttan och andra viktiga trafikleder.<\/p>\n<p>Svenska folkpartiets avtryck i statsbudgeten syns ocks\u00e5 p\u00e5 flera andra s\u00e4tt.<\/p>\n<p>\u2013 Vi lyckades minimera de planerade nedsk\u00e4rningarna i statsunderst\u00f6den f\u00f6r flera civilsamh\u00e4llesorganisationer. Organisationer inom tredje sektorn utg\u00f6r en viktig del av medborgarsamh\u00e4llet och g\u00f6r ett betydelsefullt arbete, s\u00e4ger Adlercreutz.<\/p>\n<p>\u2013 Jag \u00e4r ocks\u00e5 glad \u00f6ver att vi kunde s\u00e4kerst\u00e4lla finansieringen till organisationer som st\u00f6der export och internationalisering. Organisationerna har en betydande roll i arbetet att fr\u00e4mja v\u00e5r tillv\u00e4xt och jag \u00e4r glad \u00f6ver att finansieringen f\u00f6r Finsk- svenska handelskammaren och Viexpo nu kan st\u00e4rkas, s\u00e4ger Adlercreutz.<\/p>\n<\/div>\n","protected":false},"excerpt":{"rendered":"<p>Regeringens budgetria avslutades p\u00e5 tisdag kv\u00e4ll. Svenska folkpartiets partiordf\u00f6rande, undervisningsminister Anders Adlercreutz \u00e4r n\u00f6jd med slutresultatet trots m\u00e5nga sv\u00e5ra beslut. \u2013 Nu verkst\u00e4lls de anpassnings\u00e5tg\u00e4rder som regeringen kom \u00f6verens om i v\u00e5rens ramria. Trots att det ekonomiska l\u00e4get \u00e4r utmanande \u00e4r jag n\u00f6jd \u00f6ver att vi kunnat undvika nya nedsk\u00e4rningar och ocks\u00e5 lyckats justera en [&hellip;]<\/p>\n","protected":false},"author":1,"featured_media":9869,"comment_status":"open","ping_status":"open","sticky":false,"template":"","format":"standard","meta":{"jetpack_post_was_ever_published":false,"_jetpack_newsletter_access":"","jetpack_publicize_message":"","jetpack_is_tweetstorm":false,"jetpack_publicize_feature_enabled":true,"jetpack_social_post_already_shared":true,"jetpack_social_options":{"image_generator_settings":{"template":"highway","enabled":false}}},"categories":[31,86,72,88],"tags":[],"jetpack_publicize_connections":[],"yoast_head":"<!-- This site is optimized with the Yoast SEO plugin v20.12 - https:\/\/yoast.com\/wordpress\/plugins\/seo\/ -->\n<title>Adlercreutz om budgetrian: m\u00e5nga \u00e5tg\u00e4rder som st\u00e4rker tillv\u00e4xten - Anders Adlercreutz<\/title>\n<meta name=\"robots\" content=\"index, follow, max-snippet:-1, max-image-preview:large, max-video-preview:-1\" \/>\n<link rel=\"canonical\" href=\"https:\/\/andersadlercreutz.fi\/blog\/budget\/adlercreutz-om-budgetrian-manga-atgarder-som-starker-tillvaxten\/\" \/>\n<meta property=\"og:locale\" content=\"sv_SE\" \/>\n<meta property=\"og:type\" content=\"article\" \/>\n<meta property=\"og:title\" content=\"Adlercreutz om budgetrian: m\u00e5nga \u00e5tg\u00e4rder som st\u00e4rker tillv\u00e4xten - Anders Adlercreutz\" \/>\n<meta property=\"og:description\" content=\"Regeringens budgetria avslutades p\u00e5 tisdag kv\u00e4ll. Svenska folkpartiets partiordf\u00f6rande, undervisningsminister Anders Adlercreutz \u00e4r n\u00f6jd med slutresultatet trots m\u00e5nga sv\u00e5ra beslut. \u2013 Nu verkst\u00e4lls de anpassnings\u00e5tg\u00e4rder som regeringen kom \u00f6verens om i v\u00e5rens ramria. Trots att det ekonomiska l\u00e4get \u00e4r utmanande \u00e4r jag n\u00f6jd \u00f6ver att vi kunnat undvika nya nedsk\u00e4rningar och ocks\u00e5 lyckats justera en [&hellip;]\" \/>\n<meta property=\"og:url\" content=\"https:\/\/andersadlercreutz.fi\/blog\/budget\/adlercreutz-om-budgetrian-manga-atgarder-som-starker-tillvaxten\/\" \/>\n<meta property=\"og:site_name\" content=\"Anders Adlercreutz\" \/>\n<meta property=\"article:published_time\" content=\"2024-09-03T18:00:20+00:00\" \/>\n<meta property=\"article:modified_time\" content=\"2024-09-06T10:38:33+00:00\" \/>\n<meta property=\"og:image\" content=\"https:\/\/andersadlercreutz.fi\/blog\/wp-content\/uploads\/2024\/09\/Anders-i-rian-1.jpg\" \/>\n\t<meta property=\"og:image:width\" content=\"1252\" \/>\n\t<meta property=\"og:image:height\" content=\"718\" \/>\n\t<meta property=\"og:image:type\" content=\"image\/jpeg\" \/>\n<meta name=\"author\" content=\"Anders\" \/>\n<meta name=\"twitter:card\" content=\"summary_large_image\" \/>\n<meta name=\"twitter:label1\" content=\"Skriven av\" \/>\n\t<meta name=\"twitter:data1\" content=\"Anders\" \/>\n\t<meta name=\"twitter:label2\" content=\"Ber\u00e4knad l\u00e4stid\" \/>\n\t<meta name=\"twitter:data2\" content=\"3 minuter\" \/>\n<script type=\"application\/ld+json\" class=\"yoast-schema-graph\">{\"@context\":\"https:\/\/schema.org\",\"@graph\":[{\"@type\":\"WebPage\",\"@id\":\"https:\/\/andersadlercreutz.fi\/blog\/budget\/adlercreutz-om-budgetrian-manga-atgarder-som-starker-tillvaxten\/\",\"url\":\"https:\/\/andersadlercreutz.fi\/blog\/budget\/adlercreutz-om-budgetrian-manga-atgarder-som-starker-tillvaxten\/\",\"name\":\"Adlercreutz om budgetrian: m\u00e5nga \u00e5tg\u00e4rder som st\u00e4rker tillv\u00e4xten - Anders Adlercreutz\",\"isPartOf\":{\"@id\":\"https:\/\/andersadlercreutz.fi\/blog\/#website\"},\"datePublished\":\"2024-09-03T18:00:20+00:00\",\"dateModified\":\"2024-09-06T10:38:33+00:00\",\"author\":{\"@id\":\"https:\/\/andersadlercreutz.fi\/blog\/#\/schema\/person\/47d4b72eded862b484f74bb4b3a2354f\"},\"breadcrumb\":{\"@id\":\"https:\/\/andersadlercreutz.fi\/blog\/budget\/adlercreutz-om-budgetrian-manga-atgarder-som-starker-tillvaxten\/#breadcrumb\"},\"inLanguage\":\"sv-SE\",\"potentialAction\":[{\"@type\":\"ReadAction\",\"target\":[\"https:\/\/andersadlercreutz.fi\/blog\/budget\/adlercreutz-om-budgetrian-manga-atgarder-som-starker-tillvaxten\/\"]}]},{\"@type\":\"BreadcrumbList\",\"@id\":\"https:\/\/andersadlercreutz.fi\/blog\/budget\/adlercreutz-om-budgetrian-manga-atgarder-som-starker-tillvaxten\/#breadcrumb\",\"itemListElement\":[{\"@type\":\"ListItem\",\"position\":1,\"name\":\"Home\",\"item\":\"https:\/\/andersadlercreutz.fi\/blog\/blogg\/?lang=sv\"},{\"@type\":\"ListItem\",\"position\":2,\"name\":\"Adlercreutz om budgetrian: m\u00e5nga \u00e5tg\u00e4rder som st\u00e4rker tillv\u00e4xten\"}]},{\"@type\":\"WebSite\",\"@id\":\"https:\/\/andersadlercreutz.fi\/blog\/#website\",\"url\":\"https:\/\/andersadlercreutz.fi\/blog\/\",\"name\":\"Anders Adlercreutz\",\"description\":\"Du. Jag. Vi. Kest&auml;v&auml;sti optimisti\",\"potentialAction\":[{\"@type\":\"SearchAction\",\"target\":{\"@type\":\"EntryPoint\",\"urlTemplate\":\"https:\/\/andersadlercreutz.fi\/blog\/?s={search_term_string}\"},\"query-input\":\"required name=search_term_string\"}],\"inLanguage\":\"sv-SE\"},{\"@type\":\"Person\",\"@id\":\"https:\/\/andersadlercreutz.fi\/blog\/#\/schema\/person\/47d4b72eded862b484f74bb4b3a2354f\",\"name\":\"Anders\",\"image\":{\"@type\":\"ImageObject\",\"inLanguage\":\"sv-SE\",\"@id\":\"https:\/\/andersadlercreutz.fi\/blog\/#\/schema\/person\/image\/\",\"url\":\"https:\/\/secure.gravatar.com\/avatar\/a144c9bda7a581ff6fabba169027e620?s=96&d=mm&r=g\",\"contentUrl\":\"https:\/\/secure.gravatar.com\/avatar\/a144c9bda7a581ff6fabba169027e620?s=96&d=mm&r=g\",\"caption\":\"Anders\"},\"url\":\"https:\/\/andersadlercreutz.fi\/blog\/author\/admin\/\"}]}<\/script>\n<!-- \/ Yoast SEO plugin. -->","yoast_head_json":{"title":"Adlercreutz om budgetrian: m\u00e5nga \u00e5tg\u00e4rder som st\u00e4rker tillv\u00e4xten - Anders Adlercreutz","robots":{"index":"index","follow":"follow","max-snippet":"max-snippet:-1","max-image-preview":"max-image-preview:large","max-video-preview":"max-video-preview:-1"},"canonical":"https:\/\/andersadlercreutz.fi\/blog\/budget\/adlercreutz-om-budgetrian-manga-atgarder-som-starker-tillvaxten\/","og_locale":"sv_SE","og_type":"article","og_title":"Adlercreutz om budgetrian: m\u00e5nga \u00e5tg\u00e4rder som st\u00e4rker tillv\u00e4xten - Anders Adlercreutz","og_description":"Regeringens budgetria avslutades p\u00e5 tisdag kv\u00e4ll. Svenska folkpartiets partiordf\u00f6rande, undervisningsminister Anders Adlercreutz \u00e4r n\u00f6jd med slutresultatet trots m\u00e5nga sv\u00e5ra beslut. \u2013 Nu verkst\u00e4lls de anpassnings\u00e5tg\u00e4rder som regeringen kom \u00f6verens om i v\u00e5rens ramria. Trots att det ekonomiska l\u00e4get \u00e4r utmanande \u00e4r jag n\u00f6jd \u00f6ver att vi kunnat undvika nya nedsk\u00e4rningar och ocks\u00e5 lyckats justera en [&hellip;]","og_url":"https:\/\/andersadlercreutz.fi\/blog\/budget\/adlercreutz-om-budgetrian-manga-atgarder-som-starker-tillvaxten\/","og_site_name":"Anders Adlercreutz","article_published_time":"2024-09-03T18:00:20+00:00","article_modified_time":"2024-09-06T10:38:33+00:00","og_image":[{"width":1252,"height":718,"url":"https:\/\/andersadlercreutz.fi\/blog\/wp-content\/uploads\/2024\/09\/Anders-i-rian-1.jpg","type":"image\/jpeg"}],"author":"Anders","twitter_card":"summary_large_image","twitter_misc":{"Skriven av":"Anders","Ber\u00e4knad l\u00e4stid":"3 minuter"},"schema":{"@context":"https:\/\/schema.org","@graph":[{"@type":"WebPage","@id":"https:\/\/andersadlercreutz.fi\/blog\/budget\/adlercreutz-om-budgetrian-manga-atgarder-som-starker-tillvaxten\/","url":"https:\/\/andersadlercreutz.fi\/blog\/budget\/adlercreutz-om-budgetrian-manga-atgarder-som-starker-tillvaxten\/","name":"Adlercreutz om budgetrian: m\u00e5nga \u00e5tg\u00e4rder som st\u00e4rker tillv\u00e4xten - Anders Adlercreutz","isPartOf":{"@id":"https:\/\/andersadlercreutz.fi\/blog\/#website"},"datePublished":"2024-09-03T18:00:20+00:00","dateModified":"2024-09-06T10:38:33+00:00","author":{"@id":"https:\/\/andersadlercreutz.fi\/blog\/#\/schema\/person\/47d4b72eded862b484f74bb4b3a2354f"},"breadcrumb":{"@id":"https:\/\/andersadlercreutz.fi\/blog\/budget\/adlercreutz-om-budgetrian-manga-atgarder-som-starker-tillvaxten\/#breadcrumb"},"inLanguage":"sv-SE","potentialAction":[{"@type":"ReadAction","target":["https:\/\/andersadlercreutz.fi\/blog\/budget\/adlercreutz-om-budgetrian-manga-atgarder-som-starker-tillvaxten\/"]}]},{"@type":"BreadcrumbList","@id":"https:\/\/andersadlercreutz.fi\/blog\/budget\/adlercreutz-om-budgetrian-manga-atgarder-som-starker-tillvaxten\/#breadcrumb","itemListElement":[{"@type":"ListItem","position":1,"name":"Home","item":"https:\/\/andersadlercreutz.fi\/blog\/blogg\/?lang=sv"},{"@type":"ListItem","position":2,"name":"Adlercreutz om budgetrian: m\u00e5nga \u00e5tg\u00e4rder som st\u00e4rker tillv\u00e4xten"}]},{"@type":"WebSite","@id":"https:\/\/andersadlercreutz.fi\/blog\/#website","url":"https:\/\/andersadlercreutz.fi\/blog\/","name":"Anders Adlercreutz","description":"Du. Jag. Vi. Kest&auml;v&auml;sti optimisti","potentialAction":[{"@type":"SearchAction","target":{"@type":"EntryPoint","urlTemplate":"https:\/\/andersadlercreutz.fi\/blog\/?s={search_term_string}"},"query-input":"required name=search_term_string"}],"inLanguage":"sv-SE"},{"@type":"Person","@id":"https:\/\/andersadlercreutz.fi\/blog\/#\/schema\/person\/47d4b72eded862b484f74bb4b3a2354f","name":"Anders","image":{"@type":"ImageObject","inLanguage":"sv-SE","@id":"https:\/\/andersadlercreutz.fi\/blog\/#\/schema\/person\/image\/","url":"https:\/\/secure.gravatar.com\/avatar\/a144c9bda7a581ff6fabba169027e620?s=96&d=mm&r=g","contentUrl":"https:\/\/secure.gravatar.com\/avatar\/a144c9bda7a581ff6fabba169027e620?s=96&d=mm&r=g","caption":"Anders"},"url":"https:\/\/andersadlercreutz.fi\/blog\/author\/admin\/"}]}},"jetpack_featured_media_url":"https:\/\/i0.wp.com\/andersadlercreutz.fi\/blog\/wp-content\/uploads\/2024\/09\/Anders-i-rian-1.jpg?fit=1252%2C718&ssl=1","jetpack_shortlink":"https:\/\/wp.me\/p4T6Dh-2zc","jetpack_sharing_enabled":true,"_links":{"self":[{"href":"https:\/\/andersadlercreutz.fi\/blog\/wp-json\/wp\/v2\/posts\/9870"}],"collection":[{"href":"https:\/\/andersadlercreutz.fi\/blog\/wp-json\/wp\/v2\/posts"}],"about":[{"href":"https:\/\/andersadlercreutz.fi\/blog\/wp-json\/wp\/v2\/types\/post"}],"author":[{"embeddable":true,"href":"https:\/\/andersadlercreutz.fi\/blog\/wp-json\/wp\/v2\/users\/1"}],"replies":[{"embeddable":true,"href":"https:\/\/andersadlercreutz.fi\/blog\/wp-json\/wp\/v2\/comments?post=9870"}],"version-history":[{"count":2,"href":"https:\/\/andersadlercreutz.fi\/blog\/wp-json\/wp\/v2\/posts\/9870\/revisions"}],"predecessor-version":[{"id":9872,"href":"https:\/\/andersadlercreutz.fi\/blog\/wp-json\/wp\/v2\/posts\/9870\/revisions\/9872"}],"wp:featuredmedia":[{"embeddable":true,"href":"https:\/\/andersadlercreutz.fi\/blog\/wp-json\/wp\/v2\/media\/9869"}],"wp:attachment":[{"href":"https:\/\/andersadlercreutz.fi\/blog\/wp-json\/wp\/v2\/media?parent=9870"}],"wp:term":[{"taxonomy":"category","embeddable":true,"href":"https:\/\/andersadlercreutz.fi\/blog\/wp-json\/wp\/v2\/categories?post=9870"},{"taxonomy":"post_tag","embeddable":true,"href":"https:\/\/andersadlercreutz.fi\/blog\/wp-json\/wp\/v2\/tags?post=9870"}],"curies":[{"name":"wp","href":"https:\/\/api.w.org\/{rel}","templated":true}]}}