{"id":9881,"date":"2024-09-17T11:07:53","date_gmt":"2024-09-17T08:07:53","guid":{"rendered":"https:\/\/andersadlercreutz.fi\/blog\/?p=9881"},"modified":"2024-09-17T11:07:53","modified_gmt":"2024-09-17T08:07:53","slug":"adlercreutz-efter-finlands-och-sveriges-regeringsmote-relationen-starkare-an-nagonsin","status":"publish","type":"post","link":"https:\/\/andersadlercreutz.fi\/blog\/lehdistotiedote-sv\/adlercreutz-efter-finlands-och-sveriges-regeringsmote-relationen-starkare-an-nagonsin\/","title":{"rendered":"Adlercreutz efter Finlands och Sveriges regeringsm\u00f6te: Relationen starkare \u00e4n n\u00e5gonsin"},"content":{"rendered":"<p><span style=\"font-weight: 400;\">M\u00e5ndagen den 16 september m\u00f6ttes Finlands och Sveriges regeringar i Stockholm, det f\u00f6rsta gemensamma m\u00f6tet sedan 2009. Undervisningsminister och minister f\u00f6r nordiskt samarbete, SFP:s partiordf\u00f6rande Anders Adlercreutz \u00e4r n\u00f6jd med m\u00f6tet och ser positivt p\u00e5 v\u00e5ra m\u00f6jligheter att ytterligare f\u00f6rdjupa det politiska samarbetet.\u00a0<\/span><\/p>\n<p><span style=\"font-weight: 400;\">&#8211; Vi hade en mycket lyckad dag tillsammans med Sveriges regering. I diskussionerna ber\u00f6rdes teman som s\u00e4kerhet, st\u00f6det till Ukraina, beredskap och resiliens, den gr\u00f6na omst\u00e4llningen, forskning och innovation, barn, unga och kultur. Vi har mycket gemensamt med Sverige och vi har alla f\u00f6ruts\u00e4ttningar att ut\u00f6ka v\u00e5rt samarbete ytterligare, s\u00e4ger Adlercreutz.<\/span><\/p>\n<p><span style=\"font-weight: 400;\">P\u00e5 eftermiddagen bes\u00f6kte Adlercreutz Askebyskolans \u00e5rskurs 4 i Rinkeby tillsammans med Sveriges skolminister Lotta Edholm och kulturminister Parisa Liljestrand. Klassen deltar i <\/span><i><span style=\"font-weight: 400;\">Den stora l\u00e4sutmaningen<\/span><\/i><span style=\"font-weight: 400;\">, en t\u00e4vling d\u00e4r fj\u00e4rdeklassare t\u00e4vlar sinsemellan om vem som l\u00e4ser flest minuter.<\/span><\/p>\n<p><span style=\"font-weight: 400;\">&#8211; Fr\u00e4mjandet av l\u00e4sning \u00e4r en av m\u00e5nga saker som regeringarna i b\u00e5da v\u00e5ra l\u00e4nder prioriterar. L\u00e4sning \u00e4r en grundkunskap som utg\u00f6r basen f\u00f6r inl\u00e4rning, och m\u00e5let ska vara att l\u00e4sning \u00e4r en vardagsvana f\u00f6r alla barn och unga. Det var fint att f\u00e5 bekanta sig med <\/span><i><span style=\"font-weight: 400;\">Den stora l\u00e4sutmaningen<\/span><\/i><span style=\"font-weight: 400;\"> och h\u00f6ra hur t\u00e4vlingen \u00f6kat intresset f\u00f6r l\u00e4sning och skapat l\u00e4sgl\u00e4dje hos eleverna. Jag hade m\u00e5nga fina pratstunder med barnen.<\/span><\/p>\n<p><span style=\"font-weight: 400;\">&#8211; Samtidigt \u00e4r det f\u00f6rst\u00e5s viktigt att vi vuxna ocks\u00e5 t\u00e4nker p\u00e5 hur v\u00e5rt eget exempel p\u00e5verkar v\u00e5ra barn. Om vi visar att det \u00e4r roligt att l\u00e4sa smittar det av sig.<\/span><\/p>\n<p><span style=\"font-weight: 400;\">Till\u00e4ggsuppgifter: Specialmedarbetare Crista Gr\u00f6nroos, 050 441 4257<\/span><\/p>\n","protected":false},"excerpt":{"rendered":"<p>M\u00e5ndagen den 16 september m\u00f6ttes Finlands och Sveriges regeringar i Stockholm, det f\u00f6rsta gemensamma m\u00f6tet sedan 2009. Undervisningsminister och minister f\u00f6r nordiskt samarbete, SFP:s partiordf\u00f6rande Anders Adlercreutz \u00e4r n\u00f6jd med m\u00f6tet och ser positivt p\u00e5 v\u00e5ra m\u00f6jligheter att ytterligare f\u00f6rdjupa det politiska samarbetet.\u00a0 &#8211; Vi hade en mycket lyckad dag tillsammans med Sveriges regering. I [&hellip;]<\/p>\n","protected":false},"author":1,"featured_media":9878,"comment_status":"open","ping_status":"open","sticky":false,"template":"","format":"standard","meta":{"jetpack_post_was_ever_published":false,"_jetpack_newsletter_access":"","jetpack_publicize_message":"","jetpack_is_tweetstorm":false,"jetpack_publicize_feature_enabled":true,"jetpack_social_post_already_shared":true,"jetpack_social_options":{"image_generator_settings":{"template":"highway","enabled":false}}},"categories":[86,72,114],"tags":[],"jetpack_publicize_connections":[],"yoast_head":"<!-- This site is optimized with the Yoast SEO plugin v20.12 - https:\/\/yoast.com\/wordpress\/plugins\/seo\/ -->\n<title>Adlercreutz efter Finlands och Sveriges regeringsm\u00f6te: Relationen starkare \u00e4n n\u00e5gonsin - Anders Adlercreutz<\/title>\n<meta name=\"robots\" content=\"index, follow, max-snippet:-1, max-image-preview:large, max-video-preview:-1\" \/>\n<link rel=\"canonical\" href=\"https:\/\/andersadlercreutz.fi\/blog\/lehdistotiedote-sv\/adlercreutz-efter-finlands-och-sveriges-regeringsmote-relationen-starkare-an-nagonsin\/\" \/>\n<meta property=\"og:locale\" content=\"sv_SE\" \/>\n<meta property=\"og:type\" content=\"article\" \/>\n<meta property=\"og:title\" content=\"Adlercreutz efter Finlands och Sveriges regeringsm\u00f6te: Relationen starkare \u00e4n n\u00e5gonsin - Anders Adlercreutz\" \/>\n<meta property=\"og:description\" content=\"M\u00e5ndagen den 16 september m\u00f6ttes Finlands och Sveriges regeringar i Stockholm, det f\u00f6rsta gemensamma m\u00f6tet sedan 2009. Undervisningsminister och minister f\u00f6r nordiskt samarbete, SFP:s partiordf\u00f6rande Anders Adlercreutz \u00e4r n\u00f6jd med m\u00f6tet och ser positivt p\u00e5 v\u00e5ra m\u00f6jligheter att ytterligare f\u00f6rdjupa det politiska samarbetet.\u00a0 &#8211; Vi hade en mycket lyckad dag tillsammans med Sveriges regering. I [&hellip;]\" \/>\n<meta property=\"og:url\" content=\"https:\/\/andersadlercreutz.fi\/blog\/lehdistotiedote-sv\/adlercreutz-efter-finlands-och-sveriges-regeringsmote-relationen-starkare-an-nagonsin\/\" \/>\n<meta property=\"og:site_name\" content=\"Anders Adlercreutz\" \/>\n<meta property=\"article:published_time\" content=\"2024-09-17T08:07:53+00:00\" \/>\n<meta property=\"og:image\" content=\"https:\/\/andersadlercreutz.fi\/blog\/wp-content\/uploads\/2024\/09\/Anders-staende-inne-1500x891-1.jpg\" \/>\n\t<meta property=\"og:image:width\" content=\"1500\" \/>\n\t<meta property=\"og:image:height\" content=\"722\" \/>\n\t<meta property=\"og:image:type\" content=\"image\/jpeg\" \/>\n<meta name=\"author\" content=\"Anders\" \/>\n<meta name=\"twitter:card\" content=\"summary_large_image\" \/>\n<meta name=\"twitter:label1\" content=\"Skriven av\" \/>\n\t<meta name=\"twitter:data1\" content=\"Anders\" \/>\n\t<meta name=\"twitter:label2\" content=\"Ber\u00e4knad l\u00e4stid\" \/>\n\t<meta name=\"twitter:data2\" content=\"2 minuter\" \/>\n<script type=\"application\/ld+json\" class=\"yoast-schema-graph\">{\"@context\":\"https:\/\/schema.org\",\"@graph\":[{\"@type\":\"WebPage\",\"@id\":\"https:\/\/andersadlercreutz.fi\/blog\/lehdistotiedote-sv\/adlercreutz-efter-finlands-och-sveriges-regeringsmote-relationen-starkare-an-nagonsin\/\",\"url\":\"https:\/\/andersadlercreutz.fi\/blog\/lehdistotiedote-sv\/adlercreutz-efter-finlands-och-sveriges-regeringsmote-relationen-starkare-an-nagonsin\/\",\"name\":\"Adlercreutz efter Finlands och Sveriges regeringsm\u00f6te: Relationen starkare \u00e4n n\u00e5gonsin - Anders Adlercreutz\",\"isPartOf\":{\"@id\":\"https:\/\/andersadlercreutz.fi\/blog\/#website\"},\"datePublished\":\"2024-09-17T08:07:53+00:00\",\"dateModified\":\"2024-09-17T08:07:53+00:00\",\"author\":{\"@id\":\"https:\/\/andersadlercreutz.fi\/blog\/#\/schema\/person\/47d4b72eded862b484f74bb4b3a2354f\"},\"breadcrumb\":{\"@id\":\"https:\/\/andersadlercreutz.fi\/blog\/lehdistotiedote-sv\/adlercreutz-efter-finlands-och-sveriges-regeringsmote-relationen-starkare-an-nagonsin\/#breadcrumb\"},\"inLanguage\":\"sv-SE\",\"potentialAction\":[{\"@type\":\"ReadAction\",\"target\":[\"https:\/\/andersadlercreutz.fi\/blog\/lehdistotiedote-sv\/adlercreutz-efter-finlands-och-sveriges-regeringsmote-relationen-starkare-an-nagonsin\/\"]}]},{\"@type\":\"BreadcrumbList\",\"@id\":\"https:\/\/andersadlercreutz.fi\/blog\/lehdistotiedote-sv\/adlercreutz-efter-finlands-och-sveriges-regeringsmote-relationen-starkare-an-nagonsin\/#breadcrumb\",\"itemListElement\":[{\"@type\":\"ListItem\",\"position\":1,\"name\":\"Home\",\"item\":\"https:\/\/andersadlercreutz.fi\/blog\/blogg\/?lang=sv\"},{\"@type\":\"ListItem\",\"position\":2,\"name\":\"Adlercreutz efter Finlands och Sveriges regeringsm\u00f6te: Relationen starkare \u00e4n n\u00e5gonsin\"}]},{\"@type\":\"WebSite\",\"@id\":\"https:\/\/andersadlercreutz.fi\/blog\/#website\",\"url\":\"https:\/\/andersadlercreutz.fi\/blog\/\",\"name\":\"Anders Adlercreutz\",\"description\":\"Du. Jag. Vi. Kest&auml;v&auml;sti optimisti\",\"potentialAction\":[{\"@type\":\"SearchAction\",\"target\":{\"@type\":\"EntryPoint\",\"urlTemplate\":\"https:\/\/andersadlercreutz.fi\/blog\/?s={search_term_string}\"},\"query-input\":\"required name=search_term_string\"}],\"inLanguage\":\"sv-SE\"},{\"@type\":\"Person\",\"@id\":\"https:\/\/andersadlercreutz.fi\/blog\/#\/schema\/person\/47d4b72eded862b484f74bb4b3a2354f\",\"name\":\"Anders\",\"image\":{\"@type\":\"ImageObject\",\"inLanguage\":\"sv-SE\",\"@id\":\"https:\/\/andersadlercreutz.fi\/blog\/#\/schema\/person\/image\/\",\"url\":\"https:\/\/secure.gravatar.com\/avatar\/a144c9bda7a581ff6fabba169027e620?s=96&d=mm&r=g\",\"contentUrl\":\"https:\/\/secure.gravatar.com\/avatar\/a144c9bda7a581ff6fabba169027e620?s=96&d=mm&r=g\",\"caption\":\"Anders\"},\"url\":\"https:\/\/andersadlercreutz.fi\/blog\/author\/admin\/\"}]}<\/script>\n<!-- \/ Yoast SEO plugin. -->","yoast_head_json":{"title":"Adlercreutz efter Finlands och Sveriges regeringsm\u00f6te: Relationen starkare \u00e4n n\u00e5gonsin - Anders Adlercreutz","robots":{"index":"index","follow":"follow","max-snippet":"max-snippet:-1","max-image-preview":"max-image-preview:large","max-video-preview":"max-video-preview:-1"},"canonical":"https:\/\/andersadlercreutz.fi\/blog\/lehdistotiedote-sv\/adlercreutz-efter-finlands-och-sveriges-regeringsmote-relationen-starkare-an-nagonsin\/","og_locale":"sv_SE","og_type":"article","og_title":"Adlercreutz efter Finlands och Sveriges regeringsm\u00f6te: Relationen starkare \u00e4n n\u00e5gonsin - Anders Adlercreutz","og_description":"M\u00e5ndagen den 16 september m\u00f6ttes Finlands och Sveriges regeringar i Stockholm, det f\u00f6rsta gemensamma m\u00f6tet sedan 2009. Undervisningsminister och minister f\u00f6r nordiskt samarbete, SFP:s partiordf\u00f6rande Anders Adlercreutz \u00e4r n\u00f6jd med m\u00f6tet och ser positivt p\u00e5 v\u00e5ra m\u00f6jligheter att ytterligare f\u00f6rdjupa det politiska samarbetet.\u00a0 &#8211; Vi hade en mycket lyckad dag tillsammans med Sveriges regering. I [&hellip;]","og_url":"https:\/\/andersadlercreutz.fi\/blog\/lehdistotiedote-sv\/adlercreutz-efter-finlands-och-sveriges-regeringsmote-relationen-starkare-an-nagonsin\/","og_site_name":"Anders Adlercreutz","article_published_time":"2024-09-17T08:07:53+00:00","og_image":[{"width":1500,"height":722,"url":"https:\/\/andersadlercreutz.fi\/blog\/wp-content\/uploads\/2024\/09\/Anders-staende-inne-1500x891-1.jpg","type":"image\/jpeg"}],"author":"Anders","twitter_card":"summary_large_image","twitter_misc":{"Skriven av":"Anders","Ber\u00e4knad l\u00e4stid":"2 minuter"},"schema":{"@context":"https:\/\/schema.org","@graph":[{"@type":"WebPage","@id":"https:\/\/andersadlercreutz.fi\/blog\/lehdistotiedote-sv\/adlercreutz-efter-finlands-och-sveriges-regeringsmote-relationen-starkare-an-nagonsin\/","url":"https:\/\/andersadlercreutz.fi\/blog\/lehdistotiedote-sv\/adlercreutz-efter-finlands-och-sveriges-regeringsmote-relationen-starkare-an-nagonsin\/","name":"Adlercreutz efter Finlands och Sveriges regeringsm\u00f6te: Relationen starkare \u00e4n n\u00e5gonsin - Anders Adlercreutz","isPartOf":{"@id":"https:\/\/andersadlercreutz.fi\/blog\/#website"},"datePublished":"2024-09-17T08:07:53+00:00","dateModified":"2024-09-17T08:07:53+00:00","author":{"@id":"https:\/\/andersadlercreutz.fi\/blog\/#\/schema\/person\/47d4b72eded862b484f74bb4b3a2354f"},"breadcrumb":{"@id":"https:\/\/andersadlercreutz.fi\/blog\/lehdistotiedote-sv\/adlercreutz-efter-finlands-och-sveriges-regeringsmote-relationen-starkare-an-nagonsin\/#breadcrumb"},"inLanguage":"sv-SE","potentialAction":[{"@type":"ReadAction","target":["https:\/\/andersadlercreutz.fi\/blog\/lehdistotiedote-sv\/adlercreutz-efter-finlands-och-sveriges-regeringsmote-relationen-starkare-an-nagonsin\/"]}]},{"@type":"BreadcrumbList","@id":"https:\/\/andersadlercreutz.fi\/blog\/lehdistotiedote-sv\/adlercreutz-efter-finlands-och-sveriges-regeringsmote-relationen-starkare-an-nagonsin\/#breadcrumb","itemListElement":[{"@type":"ListItem","position":1,"name":"Home","item":"https:\/\/andersadlercreutz.fi\/blog\/blogg\/?lang=sv"},{"@type":"ListItem","position":2,"name":"Adlercreutz efter Finlands och Sveriges regeringsm\u00f6te: Relationen starkare \u00e4n n\u00e5gonsin"}]},{"@type":"WebSite","@id":"https:\/\/andersadlercreutz.fi\/blog\/#website","url":"https:\/\/andersadlercreutz.fi\/blog\/","name":"Anders Adlercreutz","description":"Du. Jag. Vi. Kest&auml;v&auml;sti optimisti","potentialAction":[{"@type":"SearchAction","target":{"@type":"EntryPoint","urlTemplate":"https:\/\/andersadlercreutz.fi\/blog\/?s={search_term_string}"},"query-input":"required name=search_term_string"}],"inLanguage":"sv-SE"},{"@type":"Person","@id":"https:\/\/andersadlercreutz.fi\/blog\/#\/schema\/person\/47d4b72eded862b484f74bb4b3a2354f","name":"Anders","image":{"@type":"ImageObject","inLanguage":"sv-SE","@id":"https:\/\/andersadlercreutz.fi\/blog\/#\/schema\/person\/image\/","url":"https:\/\/secure.gravatar.com\/avatar\/a144c9bda7a581ff6fabba169027e620?s=96&d=mm&r=g","contentUrl":"https:\/\/secure.gravatar.com\/avatar\/a144c9bda7a581ff6fabba169027e620?s=96&d=mm&r=g","caption":"Anders"},"url":"https:\/\/andersadlercreutz.fi\/blog\/author\/admin\/"}]}},"jetpack_featured_media_url":"https:\/\/i0.wp.com\/andersadlercreutz.fi\/blog\/wp-content\/uploads\/2024\/09\/Anders-staende-inne-1500x891-1.jpg?fit=1500%2C722&ssl=1","jetpack_shortlink":"https:\/\/wp.me\/p4T6Dh-2zn","jetpack_sharing_enabled":true,"_links":{"self":[{"href":"https:\/\/andersadlercreutz.fi\/blog\/wp-json\/wp\/v2\/posts\/9881"}],"collection":[{"href":"https:\/\/andersadlercreutz.fi\/blog\/wp-json\/wp\/v2\/posts"}],"about":[{"href":"https:\/\/andersadlercreutz.fi\/blog\/wp-json\/wp\/v2\/types\/post"}],"author":[{"embeddable":true,"href":"https:\/\/andersadlercreutz.fi\/blog\/wp-json\/wp\/v2\/users\/1"}],"replies":[{"embeddable":true,"href":"https:\/\/andersadlercreutz.fi\/blog\/wp-json\/wp\/v2\/comments?post=9881"}],"version-history":[{"count":2,"href":"https:\/\/andersadlercreutz.fi\/blog\/wp-json\/wp\/v2\/posts\/9881\/revisions"}],"predecessor-version":[{"id":9883,"href":"https:\/\/andersadlercreutz.fi\/blog\/wp-json\/wp\/v2\/posts\/9881\/revisions\/9883"}],"wp:featuredmedia":[{"embeddable":true,"href":"https:\/\/andersadlercreutz.fi\/blog\/wp-json\/wp\/v2\/media\/9878"}],"wp:attachment":[{"href":"https:\/\/andersadlercreutz.fi\/blog\/wp-json\/wp\/v2\/media?parent=9881"}],"wp:term":[{"taxonomy":"category","embeddable":true,"href":"https:\/\/andersadlercreutz.fi\/blog\/wp-json\/wp\/v2\/categories?post=9881"},{"taxonomy":"post_tag","embeddable":true,"href":"https:\/\/andersadlercreutz.fi\/blog\/wp-json\/wp\/v2\/tags?post=9881"}],"curies":[{"name":"wp","href":"https:\/\/api.w.org\/{rel}","templated":true}]}}