{"id":9901,"date":"2024-09-23T16:24:31","date_gmt":"2024-09-23T13:24:31","guid":{"rendered":"https:\/\/andersadlercreutz.fi\/blog\/?p=9901"},"modified":"2024-09-24T16:26:07","modified_gmt":"2024-09-24T13:26:07","slug":"undervisningsminister-adlercreutz-alla-elever-ska-fa-det-stod-de-behover","status":"publish","type":"post","link":"https:\/\/andersadlercreutz.fi\/blog\/pressmeddelande\/undervisningsminister-adlercreutz-alla-elever-ska-fa-det-stod-de-behover\/","title":{"rendered":"Undervisningsminister Adlercreutz: alla elever ska f\u00e5 det st\u00f6d de beh\u00f6ver"},"content":{"rendered":"<div class=\"excerpt\">\n<div class=\"excerpt\">\n<p>I dag har reformen av st\u00f6det f\u00f6r l\u00e4rande inom f\u00f6rskoleundervisningen och den grundl\u00e4ggande utbildningen skickats till riksdagen.<\/p>\n<\/div>\n<div class=\"resizable\">\n<p>\u2013 Det h\u00e4r \u00e4r regeringens st\u00f6rsta enskilda satsning p\u00e5 skolan och jag \u00e4r glad att den h\u00e4r viktiga reformen nu g\u00e5r vidare till riksdagen. Vi kommer att satsa n\u00e4stan 100 miljoner euro per \u00e5r f\u00f6r att st\u00e4rka st\u00f6det i l\u00e4randet. Det handlar om att varje elev ska f\u00e5 det st\u00f6d hen beh\u00f6ver med l\u00e5g tr\u00f6skel och i r\u00e4tt tid, s\u00e4ger undervisningsminister, SFPs ordf\u00f6rande\u00a0Anders Adlercreutz.<\/p>\n<p>Alla elever ska ha r\u00e4tt till gruppspecifika st\u00f6dformer, som ska ges flexibelt och enligt behov i mindre grupper. H\u00e4r ing\u00e5r allm\u00e4n st\u00f6dundervisning och st\u00f6dundervisning i undervisningsspr\u00e5ket samt undervisning som ges av en speciall\u00e4rare i samband med annan undervisning. Om en elev har behov av ytterligare st\u00f6d s\u00e5 ska hen f\u00e5 elevspecifika st\u00f6d\u00e5tg\u00e4rder som \u00e4r regelbundna och baserar sig p\u00e5 elevens individuella behov. \u00c4ven den administrativa b\u00f6rdan ska minskas.<\/p>\n<p>\u2013 Jag har f\u00e5tt respons av m\u00e5nga l\u00e4rare att de anv\u00e4nder f\u00f6r mycket tid p\u00e5 pappersarbete. Ist\u00e4llet vill de s\u00e4tta sin tid p\u00e5 att undervisa. Det h\u00e4r vill vi komma \u00e5t. En av den h\u00e4r reformens centrala m\u00e5ls\u00e4ttningar \u00e4r att minska p\u00e5 byr\u00e5kratin, utan att \u00e4ventyra elevernas r\u00e4ttsskydd. D\u00e4rf\u00f6r minskar vi antalet dokument som beh\u00f6vs f\u00f6r att f\u00e5 st\u00f6d fr\u00e5n fem till tv\u00e5, s\u00e4ger Adlercreutz.<\/p>\n<p>I lagf\u00f6rslaget f\u00f6resl\u00e5s \u00e4ven att det i en vanlig klass ska f\u00e5 finnas h\u00f6gst fem elever som f\u00e5r undervisning av en speciall\u00e4rare eller specialklassl\u00e4rare i liten grupp. Det h\u00e4r g\u00f6rs f\u00f6r att \u00f6ka arbetsron i klassen och f\u00f6rb\u00e4ttra kvaliteten p\u00e5 undervisningen.<\/p>\n<p>\u2013 Med den h\u00e4r helheten hj\u00e4lper vi l\u00e4rarna i sitt arbete och st\u00e4rker l\u00e4randet l\u00e4ngs med hela skolstigen, avslutar Adlercreutz.<\/p>\n<\/div>\n<p>&nbsp;<\/p>\n<\/div>\n","protected":false},"excerpt":{"rendered":"<p>I dag har reformen av st\u00f6det f\u00f6r l\u00e4rande inom f\u00f6rskoleundervisningen och den grundl\u00e4ggande utbildningen skickats till riksdagen. \u2013 Det h\u00e4r \u00e4r regeringens st\u00f6rsta enskilda satsning p\u00e5 skolan och jag \u00e4r glad att den h\u00e4r viktiga reformen nu g\u00e5r vidare till riksdagen. Vi kommer att satsa n\u00e4stan 100 miljoner euro per \u00e5r f\u00f6r att st\u00e4rka st\u00f6det [&hellip;]<\/p>\n","protected":false},"author":1,"featured_media":9898,"comment_status":"open","ping_status":"open","sticky":false,"template":"","format":"standard","meta":{"jetpack_post_was_ever_published":false,"_jetpack_newsletter_access":"","jetpack_publicize_message":"","jetpack_is_tweetstorm":false,"jetpack_publicize_feature_enabled":true,"jetpack_social_post_already_shared":true,"jetpack_social_options":{"image_generator_settings":{"template":"highway","enabled":false}}},"categories":[86,72],"tags":[],"jetpack_publicize_connections":[],"yoast_head":"<!-- This site is optimized with the Yoast SEO plugin v20.12 - https:\/\/yoast.com\/wordpress\/plugins\/seo\/ -->\n<title>Undervisningsminister Adlercreutz: alla elever ska f\u00e5 det st\u00f6d de beh\u00f6ver - Anders Adlercreutz<\/title>\n<meta name=\"robots\" content=\"index, follow, max-snippet:-1, max-image-preview:large, max-video-preview:-1\" \/>\n<link rel=\"canonical\" href=\"https:\/\/andersadlercreutz.fi\/blog\/pressmeddelande\/undervisningsminister-adlercreutz-alla-elever-ska-fa-det-stod-de-behover\/\" \/>\n<meta property=\"og:locale\" content=\"sv_SE\" \/>\n<meta property=\"og:type\" content=\"article\" \/>\n<meta property=\"og:title\" content=\"Undervisningsminister Adlercreutz: alla elever ska f\u00e5 det st\u00f6d de beh\u00f6ver - Anders Adlercreutz\" \/>\n<meta property=\"og:description\" content=\"I dag har reformen av st\u00f6det f\u00f6r l\u00e4rande inom f\u00f6rskoleundervisningen och den grundl\u00e4ggande utbildningen skickats till riksdagen. \u2013 Det h\u00e4r \u00e4r regeringens st\u00f6rsta enskilda satsning p\u00e5 skolan och jag \u00e4r glad att den h\u00e4r viktiga reformen nu g\u00e5r vidare till riksdagen. Vi kommer att satsa n\u00e4stan 100 miljoner euro per \u00e5r f\u00f6r att st\u00e4rka st\u00f6det [&hellip;]\" \/>\n<meta property=\"og:url\" content=\"https:\/\/andersadlercreutz.fi\/blog\/pressmeddelande\/undervisningsminister-adlercreutz-alla-elever-ska-fa-det-stod-de-behover\/\" \/>\n<meta property=\"og:site_name\" content=\"Anders Adlercreutz\" \/>\n<meta property=\"article:published_time\" content=\"2024-09-23T13:24:31+00:00\" \/>\n<meta property=\"article:modified_time\" content=\"2024-09-24T13:26:07+00:00\" \/>\n<meta property=\"og:image\" content=\"https:\/\/andersadlercreutz.fi\/blog\/wp-content\/uploads\/2024\/09\/Anders_proppen-om-stodet-for-inlarning.jpg\" \/>\n\t<meta property=\"og:image:width\" content=\"2048\" \/>\n\t<meta property=\"og:image:height\" content=\"1092\" \/>\n\t<meta property=\"og:image:type\" content=\"image\/jpeg\" \/>\n<meta name=\"author\" content=\"Anders\" \/>\n<meta name=\"twitter:card\" content=\"summary_large_image\" \/>\n<meta name=\"twitter:label1\" content=\"Skriven av\" \/>\n\t<meta name=\"twitter:data1\" content=\"Anders\" \/>\n\t<meta name=\"twitter:label2\" content=\"Ber\u00e4knad l\u00e4stid\" \/>\n\t<meta name=\"twitter:data2\" content=\"2 minuter\" \/>\n<script type=\"application\/ld+json\" class=\"yoast-schema-graph\">{\"@context\":\"https:\/\/schema.org\",\"@graph\":[{\"@type\":\"WebPage\",\"@id\":\"https:\/\/andersadlercreutz.fi\/blog\/pressmeddelande\/undervisningsminister-adlercreutz-alla-elever-ska-fa-det-stod-de-behover\/\",\"url\":\"https:\/\/andersadlercreutz.fi\/blog\/pressmeddelande\/undervisningsminister-adlercreutz-alla-elever-ska-fa-det-stod-de-behover\/\",\"name\":\"Undervisningsminister Adlercreutz: alla elever ska f\u00e5 det st\u00f6d de beh\u00f6ver - Anders Adlercreutz\",\"isPartOf\":{\"@id\":\"https:\/\/andersadlercreutz.fi\/blog\/#website\"},\"datePublished\":\"2024-09-23T13:24:31+00:00\",\"dateModified\":\"2024-09-24T13:26:07+00:00\",\"author\":{\"@id\":\"https:\/\/andersadlercreutz.fi\/blog\/#\/schema\/person\/47d4b72eded862b484f74bb4b3a2354f\"},\"breadcrumb\":{\"@id\":\"https:\/\/andersadlercreutz.fi\/blog\/pressmeddelande\/undervisningsminister-adlercreutz-alla-elever-ska-fa-det-stod-de-behover\/#breadcrumb\"},\"inLanguage\":\"sv-SE\",\"potentialAction\":[{\"@type\":\"ReadAction\",\"target\":[\"https:\/\/andersadlercreutz.fi\/blog\/pressmeddelande\/undervisningsminister-adlercreutz-alla-elever-ska-fa-det-stod-de-behover\/\"]}]},{\"@type\":\"BreadcrumbList\",\"@id\":\"https:\/\/andersadlercreutz.fi\/blog\/pressmeddelande\/undervisningsminister-adlercreutz-alla-elever-ska-fa-det-stod-de-behover\/#breadcrumb\",\"itemListElement\":[{\"@type\":\"ListItem\",\"position\":1,\"name\":\"Home\",\"item\":\"https:\/\/andersadlercreutz.fi\/blog\/blogg\/?lang=sv\"},{\"@type\":\"ListItem\",\"position\":2,\"name\":\"Undervisningsminister Adlercreutz: alla elever ska f\u00e5 det st\u00f6d de beh\u00f6ver\"}]},{\"@type\":\"WebSite\",\"@id\":\"https:\/\/andersadlercreutz.fi\/blog\/#website\",\"url\":\"https:\/\/andersadlercreutz.fi\/blog\/\",\"name\":\"Anders Adlercreutz\",\"description\":\"Du. Jag. Vi. Kest&auml;v&auml;sti optimisti\",\"potentialAction\":[{\"@type\":\"SearchAction\",\"target\":{\"@type\":\"EntryPoint\",\"urlTemplate\":\"https:\/\/andersadlercreutz.fi\/blog\/?s={search_term_string}\"},\"query-input\":\"required name=search_term_string\"}],\"inLanguage\":\"sv-SE\"},{\"@type\":\"Person\",\"@id\":\"https:\/\/andersadlercreutz.fi\/blog\/#\/schema\/person\/47d4b72eded862b484f74bb4b3a2354f\",\"name\":\"Anders\",\"image\":{\"@type\":\"ImageObject\",\"inLanguage\":\"sv-SE\",\"@id\":\"https:\/\/andersadlercreutz.fi\/blog\/#\/schema\/person\/image\/\",\"url\":\"https:\/\/secure.gravatar.com\/avatar\/a144c9bda7a581ff6fabba169027e620?s=96&d=mm&r=g\",\"contentUrl\":\"https:\/\/secure.gravatar.com\/avatar\/a144c9bda7a581ff6fabba169027e620?s=96&d=mm&r=g\",\"caption\":\"Anders\"},\"url\":\"https:\/\/andersadlercreutz.fi\/blog\/author\/admin\/\"}]}<\/script>\n<!-- \/ Yoast SEO plugin. -->","yoast_head_json":{"title":"Undervisningsminister Adlercreutz: alla elever ska f\u00e5 det st\u00f6d de beh\u00f6ver - Anders Adlercreutz","robots":{"index":"index","follow":"follow","max-snippet":"max-snippet:-1","max-image-preview":"max-image-preview:large","max-video-preview":"max-video-preview:-1"},"canonical":"https:\/\/andersadlercreutz.fi\/blog\/pressmeddelande\/undervisningsminister-adlercreutz-alla-elever-ska-fa-det-stod-de-behover\/","og_locale":"sv_SE","og_type":"article","og_title":"Undervisningsminister Adlercreutz: alla elever ska f\u00e5 det st\u00f6d de beh\u00f6ver - Anders Adlercreutz","og_description":"I dag har reformen av st\u00f6det f\u00f6r l\u00e4rande inom f\u00f6rskoleundervisningen och den grundl\u00e4ggande utbildningen skickats till riksdagen. \u2013 Det h\u00e4r \u00e4r regeringens st\u00f6rsta enskilda satsning p\u00e5 skolan och jag \u00e4r glad att den h\u00e4r viktiga reformen nu g\u00e5r vidare till riksdagen. Vi kommer att satsa n\u00e4stan 100 miljoner euro per \u00e5r f\u00f6r att st\u00e4rka st\u00f6det [&hellip;]","og_url":"https:\/\/andersadlercreutz.fi\/blog\/pressmeddelande\/undervisningsminister-adlercreutz-alla-elever-ska-fa-det-stod-de-behover\/","og_site_name":"Anders Adlercreutz","article_published_time":"2024-09-23T13:24:31+00:00","article_modified_time":"2024-09-24T13:26:07+00:00","og_image":[{"width":2048,"height":1092,"url":"https:\/\/andersadlercreutz.fi\/blog\/wp-content\/uploads\/2024\/09\/Anders_proppen-om-stodet-for-inlarning.jpg","type":"image\/jpeg"}],"author":"Anders","twitter_card":"summary_large_image","twitter_misc":{"Skriven av":"Anders","Ber\u00e4knad l\u00e4stid":"2 minuter"},"schema":{"@context":"https:\/\/schema.org","@graph":[{"@type":"WebPage","@id":"https:\/\/andersadlercreutz.fi\/blog\/pressmeddelande\/undervisningsminister-adlercreutz-alla-elever-ska-fa-det-stod-de-behover\/","url":"https:\/\/andersadlercreutz.fi\/blog\/pressmeddelande\/undervisningsminister-adlercreutz-alla-elever-ska-fa-det-stod-de-behover\/","name":"Undervisningsminister Adlercreutz: alla elever ska f\u00e5 det st\u00f6d de beh\u00f6ver - Anders Adlercreutz","isPartOf":{"@id":"https:\/\/andersadlercreutz.fi\/blog\/#website"},"datePublished":"2024-09-23T13:24:31+00:00","dateModified":"2024-09-24T13:26:07+00:00","author":{"@id":"https:\/\/andersadlercreutz.fi\/blog\/#\/schema\/person\/47d4b72eded862b484f74bb4b3a2354f"},"breadcrumb":{"@id":"https:\/\/andersadlercreutz.fi\/blog\/pressmeddelande\/undervisningsminister-adlercreutz-alla-elever-ska-fa-det-stod-de-behover\/#breadcrumb"},"inLanguage":"sv-SE","potentialAction":[{"@type":"ReadAction","target":["https:\/\/andersadlercreutz.fi\/blog\/pressmeddelande\/undervisningsminister-adlercreutz-alla-elever-ska-fa-det-stod-de-behover\/"]}]},{"@type":"BreadcrumbList","@id":"https:\/\/andersadlercreutz.fi\/blog\/pressmeddelande\/undervisningsminister-adlercreutz-alla-elever-ska-fa-det-stod-de-behover\/#breadcrumb","itemListElement":[{"@type":"ListItem","position":1,"name":"Home","item":"https:\/\/andersadlercreutz.fi\/blog\/blogg\/?lang=sv"},{"@type":"ListItem","position":2,"name":"Undervisningsminister Adlercreutz: alla elever ska f\u00e5 det st\u00f6d de beh\u00f6ver"}]},{"@type":"WebSite","@id":"https:\/\/andersadlercreutz.fi\/blog\/#website","url":"https:\/\/andersadlercreutz.fi\/blog\/","name":"Anders Adlercreutz","description":"Du. Jag. Vi. Kest&auml;v&auml;sti optimisti","potentialAction":[{"@type":"SearchAction","target":{"@type":"EntryPoint","urlTemplate":"https:\/\/andersadlercreutz.fi\/blog\/?s={search_term_string}"},"query-input":"required name=search_term_string"}],"inLanguage":"sv-SE"},{"@type":"Person","@id":"https:\/\/andersadlercreutz.fi\/blog\/#\/schema\/person\/47d4b72eded862b484f74bb4b3a2354f","name":"Anders","image":{"@type":"ImageObject","inLanguage":"sv-SE","@id":"https:\/\/andersadlercreutz.fi\/blog\/#\/schema\/person\/image\/","url":"https:\/\/secure.gravatar.com\/avatar\/a144c9bda7a581ff6fabba169027e620?s=96&d=mm&r=g","contentUrl":"https:\/\/secure.gravatar.com\/avatar\/a144c9bda7a581ff6fabba169027e620?s=96&d=mm&r=g","caption":"Anders"},"url":"https:\/\/andersadlercreutz.fi\/blog\/author\/admin\/"}]}},"jetpack_featured_media_url":"https:\/\/i0.wp.com\/andersadlercreutz.fi\/blog\/wp-content\/uploads\/2024\/09\/Anders_proppen-om-stodet-for-inlarning.jpg?fit=2048%2C1092&ssl=1","jetpack_shortlink":"https:\/\/wp.me\/p4T6Dh-2zH","jetpack_sharing_enabled":true,"_links":{"self":[{"href":"https:\/\/andersadlercreutz.fi\/blog\/wp-json\/wp\/v2\/posts\/9901"}],"collection":[{"href":"https:\/\/andersadlercreutz.fi\/blog\/wp-json\/wp\/v2\/posts"}],"about":[{"href":"https:\/\/andersadlercreutz.fi\/blog\/wp-json\/wp\/v2\/types\/post"}],"author":[{"embeddable":true,"href":"https:\/\/andersadlercreutz.fi\/blog\/wp-json\/wp\/v2\/users\/1"}],"replies":[{"embeddable":true,"href":"https:\/\/andersadlercreutz.fi\/blog\/wp-json\/wp\/v2\/comments?post=9901"}],"version-history":[{"count":2,"href":"https:\/\/andersadlercreutz.fi\/blog\/wp-json\/wp\/v2\/posts\/9901\/revisions"}],"predecessor-version":[{"id":9903,"href":"https:\/\/andersadlercreutz.fi\/blog\/wp-json\/wp\/v2\/posts\/9901\/revisions\/9903"}],"wp:featuredmedia":[{"embeddable":true,"href":"https:\/\/andersadlercreutz.fi\/blog\/wp-json\/wp\/v2\/media\/9898"}],"wp:attachment":[{"href":"https:\/\/andersadlercreutz.fi\/blog\/wp-json\/wp\/v2\/media?parent=9901"}],"wp:term":[{"taxonomy":"category","embeddable":true,"href":"https:\/\/andersadlercreutz.fi\/blog\/wp-json\/wp\/v2\/categories?post=9901"},{"taxonomy":"post_tag","embeddable":true,"href":"https:\/\/andersadlercreutz.fi\/blog\/wp-json\/wp\/v2\/tags?post=9901"}],"curies":[{"name":"wp","href":"https:\/\/api.w.org\/{rel}","templated":true}]}}