{"id":9916,"date":"2024-09-26T13:08:58","date_gmt":"2024-09-26T10:08:58","guid":{"rendered":"https:\/\/andersadlercreutz.fi\/blog\/?p=9916"},"modified":"2024-09-26T13:10:29","modified_gmt":"2024-09-26T10:10:29","slug":"koulu-voi-korjata-politiikan-virheita","status":"publish","type":"post","link":"https:\/\/andersadlercreutz.fi\/blog\/1koulutus\/koulu-voi-korjata-politiikan-virheita\/?lang=fi","title":{"rendered":"Koulu voi korjata politiikan virheit\u00e4"},"content":{"rendered":"<p><span class=\"c_alkukorostus\">\u201dEn tied\u00e4,<\/span>\u00a0onko aiemmilla opetusministereill\u00e4 ollut tapana tehd\u00e4 kautensa alussa t\u00e4llaisia julistuksia. Min\u00e4 ajattelen, ett\u00e4 se on hyv\u00e4 tapa avata keskustelua ja omaa l\u00e4hestymistapaani t\u00e4h\u00e4n ty\u00f6h\u00f6n.<\/p>\n<p>Teesini pohjautuvat omiin kokemuksiini viiden lapsen is\u00e4n\u00e4 ja Hem och skola -j\u00e4rjest\u00f6n eli ruotsinkielisen vanhempainliiton puheenjohtajana.<\/p>\n<p><span class=\"capitalized c_alkukorostus\">Ensimm\u00e4isess\u00e4\u00a0<\/span>teesiss\u00e4 pohdin kognitiivisten kykyjen kehittymist\u00e4 ja \u00e4lylaitteiden sek\u00e4 digitalisaation vaikutusta siihen. Emme voi ummistaa silmi\u00e4mme digitalisaatiolta, mutta se ei voi olla my\u00f6sk\u00e4\u00e4n itseisarvo.<\/p>\n<p>Meid\u00e4n t\u00e4ytyy ymm\u00e4rt\u00e4\u00e4 mit\u00e4 tapahtuu, kun kone laskee ja nollat muuttuvat ykk\u00f6siksi. Samaan aikaan tarvitsemme k\u00e4dentaitoja kuten piirt\u00e4mist\u00e4 ja muovaamista.<\/p>\n<p>Suomessa pit\u00e4\u00e4 olla jatkossakin koulu, jossa n\u00e4hd\u00e4\u00e4n taito- ja taideaineiden merkitys matemaattis-luonnontieteellisten aineiden ja teknologian rinnalla.<\/p>\n<p><span class=\"capitalized\"><span class=\"c_alkukorostus\">Koulujen<\/span>\u00a0segregaatio<\/span>\u00a0on estett\u00e4v\u00e4, otsikoin kolmannen teesini. Eriytymisen ehk\u00e4isy ei ole pelk\u00e4st\u00e4\u00e4n koulun asia. Koulussa voidaan silti korjata muilla politiikan alueilla tehtyjen toimien kielteisi\u00e4 vaikutuksia.<\/p>\n<p>Arkkitehtina n\u00e4en, ett\u00e4 asuntopolitiikka on lis\u00e4nnyt segregaatiota. Suomi on aiemmin erottunut esimerkiksi Ruotsista asuinalueiden sekoittumisella. Samalla alueella on ollut vuokra- ja omistusasuntoja, perheasuntoja ja yksi\u00f6it\u00e4.<\/p>\n<p>Se on ollut segregaatiolta suojaava tekij\u00e4, mutta nyt siit\u00e4 on alettu lipsua. On luotettu, ett\u00e4 markkinat kertovat, mit\u00e4 pit\u00e4\u00e4 rakentaa, ja unohdettu asuntopolitiikan ohjaava vaikutus.<\/p>\n<p>Koulussa ongelmat k\u00e4rjistyv\u00e4t, jos tukea ei ole saatavilla. Siksi hallitus uudistaa oppimisen tuen ja panostaa siihen sata miljoonaa euroa.<\/p>\n<p>Nykyisess\u00e4 j\u00e4rjestelm\u00e4ss\u00e4 on tarjottu ratkaisuna supistettua oppim\u00e4\u00e4r\u00e4\u00e4. Osalla oppilaista se on sulkenut tien toiselle asteelle ja aiheuttanut oppilaiden v\u00e4list\u00e4 eriytymist\u00e4.<\/p>\n<p>Nyt lis\u00e4\u00e4mme erityisopettajien koulutusta ja mitoitamme, montako erityisen tuen oppilasta yhdell\u00e4 opettajalla voi olla. On itsest\u00e4\u00e4n selv\u00e4\u00e4, ett\u00e4 tukea saa silloin paremmin.<\/p>\n<p><span class=\"capitalized\"><span class=\"c_alkukorostus\">Maailman<\/span>\u00a0paras<\/span>\u00a0koulu. Se on selke\u00e4 ja helposti ymm\u00e4rrett\u00e4v\u00e4 tavoite, jollaisia on mielest\u00e4ni hyv\u00e4 asettaa.<\/p>\n<p>Viides teesini kuuluu, ett\u00e4 meill\u00e4 on erinomaiset edellytykset olla maailman parhaita. Koulu on ylpeydenaihe, vahva osa suomalaista br\u00e4ndi\u00e4 ja t\u00e4rke\u00e4 osa pienen maan menestymisen edellytyksi\u00e4.<\/p>\n<p>Keskeinen voimavaramme ovat \u00e4\u00e4rimm\u00e4isen hyv\u00e4t opettajat. Meill\u00e4 on laadukas opettajankoulutus ja hyv\u00e4 asenne sen kehitt\u00e4miseen.<\/p>\n<p>Opettajien osaamisesta ja motivaatiosta on pidett\u00e4v\u00e4 huolta. Sen on oltava politiikan tekemisen keski\u00f6ss\u00e4.<\/p>\n<p><span class=\"capitalized\"><span class=\"c_alkukorostus\">El\u00e4mme<\/span>\u00a0tiukoissa<\/span>\u00a0taloudellisissa raameissa, ja siihen minunkin on tyytyminen.<\/p>\n<p>T\u00e4ss\u00e4 tilanteessa en vertaisi koulutusbudjettia esimerkiksi muihin Pohjoismaihin. Kannattaa mieluummin katsoa, miten koulu toimii ja pystyy t\u00e4ytt\u00e4m\u00e4\u00e4n teht\u00e4v\u00e4ns\u00e4. Toki jos koulutukseen tarjottaisiin puolitoista miljardia lis\u00e4\u00e4, ottaisin sen vastaan.<\/p>\n<p>Syksyn budjettiriihess\u00e4 jouduimme tekem\u00e4\u00e4n sopeutuksia my\u00f6s koulutukseen, mist\u00e4 en tietenk\u00e4\u00e4n opetusministerin\u00e4 ole iloinen. T\u00e4ll\u00e4 hallituskaudella panostamme voimakkaasti peruskoulutukseen. Peruskoulu on prioriteetti, jonka pyrimme ensisijaisesti turvaamaan.<\/p>\n","protected":false},"excerpt":{"rendered":"<p>\u201dEn tied\u00e4,\u00a0onko aiemmilla opetusministereill\u00e4 ollut tapana tehd\u00e4 kautensa alussa t\u00e4llaisia julistuksia. Min\u00e4 ajattelen, ett\u00e4 se on hyv\u00e4 tapa avata keskustelua ja omaa l\u00e4hestymistapaani t\u00e4h\u00e4n ty\u00f6h\u00f6n. Teesini pohjautuvat omiin kokemuksiini viiden lapsen is\u00e4n\u00e4 ja Hem och skola -j\u00e4rjest\u00f6n eli ruotsinkielisen vanhempainliiton puheenjohtajana. Ensimm\u00e4isess\u00e4\u00a0teesiss\u00e4 pohdin kognitiivisten kykyjen kehittymist\u00e4 ja \u00e4lylaitteiden sek\u00e4 digitalisaation vaikutusta siihen. Emme voi ummistaa [&hellip;]<\/p>\n","protected":false},"author":1,"featured_media":9922,"comment_status":"open","ping_status":"open","sticky":false,"template":"","format":"standard","meta":{"jetpack_post_was_ever_published":false,"_jetpack_newsletter_access":"","jetpack_publicize_message":"","jetpack_is_tweetstorm":false,"jetpack_publicize_feature_enabled":true,"jetpack_social_post_already_shared":true,"jetpack_social_options":{"image_generator_settings":{"template":"highway","enabled":false}}},"categories":[21,18,6],"tags":[],"jetpack_publicize_connections":[],"yoast_head":"<!-- This site is optimized with the Yoast SEO plugin v20.12 - https:\/\/yoast.com\/wordpress\/plugins\/seo\/ -->\n<title>Koulu voi korjata politiikan virheit\u00e4 - Anders Adlercreutz<\/title>\n<meta name=\"robots\" content=\"index, follow, max-snippet:-1, max-image-preview:large, max-video-preview:-1\" \/>\n<link rel=\"canonical\" href=\"https:\/\/andersadlercreutz.fi\/blog\/1koulutus\/koulu-voi-korjata-politiikan-virheita\/\" \/>\n<meta property=\"og:locale\" content=\"sv_SE\" \/>\n<meta property=\"og:type\" content=\"article\" \/>\n<meta property=\"og:title\" content=\"Koulu voi korjata politiikan virheit\u00e4 - Anders Adlercreutz\" \/>\n<meta property=\"og:description\" content=\"\u201dEn tied\u00e4,\u00a0onko aiemmilla opetusministereill\u00e4 ollut tapana tehd\u00e4 kautensa alussa t\u00e4llaisia julistuksia. Min\u00e4 ajattelen, ett\u00e4 se on hyv\u00e4 tapa avata keskustelua ja omaa l\u00e4hestymistapaani t\u00e4h\u00e4n ty\u00f6h\u00f6n. Teesini pohjautuvat omiin kokemuksiini viiden lapsen is\u00e4n\u00e4 ja Hem och skola -j\u00e4rjest\u00f6n eli ruotsinkielisen vanhempainliiton puheenjohtajana. Ensimm\u00e4isess\u00e4\u00a0teesiss\u00e4 pohdin kognitiivisten kykyjen kehittymist\u00e4 ja \u00e4lylaitteiden sek\u00e4 digitalisaation vaikutusta siihen. Emme voi ummistaa [&hellip;]\" \/>\n<meta property=\"og:url\" content=\"https:\/\/andersadlercreutz.fi\/blog\/1koulutus\/koulu-voi-korjata-politiikan-virheita\/?lang=fi\" \/>\n<meta property=\"og:site_name\" content=\"Anders Adlercreutz\" \/>\n<meta property=\"article:published_time\" content=\"2024-09-26T10:08:58+00:00\" \/>\n<meta property=\"article:modified_time\" content=\"2024-09-26T10:10:29+00:00\" \/>\n<meta property=\"og:image\" content=\"https:\/\/andersadlercreutz.fi\/blog\/wp-content\/uploads\/2024\/09\/Anders_kaapo2023-1.jpeg\" \/>\n\t<meta property=\"og:image:width\" content=\"1280\" \/>\n\t<meta property=\"og:image:height\" content=\"626\" \/>\n\t<meta property=\"og:image:type\" content=\"image\/jpeg\" \/>\n<meta name=\"author\" content=\"Anders\" \/>\n<meta name=\"twitter:card\" content=\"summary_large_image\" \/>\n<meta name=\"twitter:label1\" content=\"Skriven av\" \/>\n\t<meta name=\"twitter:data1\" content=\"Anders\" \/>\n\t<meta name=\"twitter:label2\" content=\"Ber\u00e4knad l\u00e4stid\" \/>\n\t<meta name=\"twitter:data2\" content=\"2 minuter\" \/>\n<script type=\"application\/ld+json\" class=\"yoast-schema-graph\">{\"@context\":\"https:\/\/schema.org\",\"@graph\":[{\"@type\":\"WebPage\",\"@id\":\"https:\/\/andersadlercreutz.fi\/blog\/1koulutus\/koulu-voi-korjata-politiikan-virheita\/?lang=fi\",\"url\":\"https:\/\/andersadlercreutz.fi\/blog\/1koulutus\/koulu-voi-korjata-politiikan-virheita\/?lang=fi\",\"name\":\"Koulu voi korjata politiikan virheit\u00e4 - Anders Adlercreutz\",\"isPartOf\":{\"@id\":\"https:\/\/andersadlercreutz.fi\/blog\/#website\"},\"datePublished\":\"2024-09-26T10:08:58+00:00\",\"dateModified\":\"2024-09-26T10:10:29+00:00\",\"author\":{\"@id\":\"https:\/\/andersadlercreutz.fi\/blog\/#\/schema\/person\/47d4b72eded862b484f74bb4b3a2354f\"},\"breadcrumb\":{\"@id\":\"https:\/\/andersadlercreutz.fi\/blog\/1koulutus\/koulu-voi-korjata-politiikan-virheita\/?lang=fi#breadcrumb\"},\"inLanguage\":\"sv-SE\",\"potentialAction\":[{\"@type\":\"ReadAction\",\"target\":[\"https:\/\/andersadlercreutz.fi\/blog\/1koulutus\/koulu-voi-korjata-politiikan-virheita\/?lang=fi\"]}]},{\"@type\":\"BreadcrumbList\",\"@id\":\"https:\/\/andersadlercreutz.fi\/blog\/1koulutus\/koulu-voi-korjata-politiikan-virheita\/?lang=fi#breadcrumb\",\"itemListElement\":[{\"@type\":\"ListItem\",\"position\":1,\"name\":\"Home\",\"item\":\"https:\/\/andersadlercreutz.fi\/blog\/blogg\/?lang=sv\"},{\"@type\":\"ListItem\",\"position\":2,\"name\":\"Koulu voi korjata politiikan virheit\u00e4\"}]},{\"@type\":\"WebSite\",\"@id\":\"https:\/\/andersadlercreutz.fi\/blog\/#website\",\"url\":\"https:\/\/andersadlercreutz.fi\/blog\/\",\"name\":\"Anders Adlercreutz\",\"description\":\"Du. Jag. Vi. Kest&auml;v&auml;sti optimisti\",\"potentialAction\":[{\"@type\":\"SearchAction\",\"target\":{\"@type\":\"EntryPoint\",\"urlTemplate\":\"https:\/\/andersadlercreutz.fi\/blog\/?s={search_term_string}\"},\"query-input\":\"required name=search_term_string\"}],\"inLanguage\":\"sv-SE\"},{\"@type\":\"Person\",\"@id\":\"https:\/\/andersadlercreutz.fi\/blog\/#\/schema\/person\/47d4b72eded862b484f74bb4b3a2354f\",\"name\":\"Anders\",\"image\":{\"@type\":\"ImageObject\",\"inLanguage\":\"sv-SE\",\"@id\":\"https:\/\/andersadlercreutz.fi\/blog\/#\/schema\/person\/image\/\",\"url\":\"https:\/\/secure.gravatar.com\/avatar\/a144c9bda7a581ff6fabba169027e620?s=96&d=mm&r=g\",\"contentUrl\":\"https:\/\/secure.gravatar.com\/avatar\/a144c9bda7a581ff6fabba169027e620?s=96&d=mm&r=g\",\"caption\":\"Anders\"},\"url\":\"https:\/\/andersadlercreutz.fi\/blog\/author\/admin\/\"}]}<\/script>\n<!-- \/ Yoast SEO plugin. -->","yoast_head_json":{"title":"Koulu voi korjata politiikan virheit\u00e4 - Anders Adlercreutz","robots":{"index":"index","follow":"follow","max-snippet":"max-snippet:-1","max-image-preview":"max-image-preview:large","max-video-preview":"max-video-preview:-1"},"canonical":"https:\/\/andersadlercreutz.fi\/blog\/1koulutus\/koulu-voi-korjata-politiikan-virheita\/","og_locale":"sv_SE","og_type":"article","og_title":"Koulu voi korjata politiikan virheit\u00e4 - Anders Adlercreutz","og_description":"\u201dEn tied\u00e4,\u00a0onko aiemmilla opetusministereill\u00e4 ollut tapana tehd\u00e4 kautensa alussa t\u00e4llaisia julistuksia. Min\u00e4 ajattelen, ett\u00e4 se on hyv\u00e4 tapa avata keskustelua ja omaa l\u00e4hestymistapaani t\u00e4h\u00e4n ty\u00f6h\u00f6n. Teesini pohjautuvat omiin kokemuksiini viiden lapsen is\u00e4n\u00e4 ja Hem och skola -j\u00e4rjest\u00f6n eli ruotsinkielisen vanhempainliiton puheenjohtajana. Ensimm\u00e4isess\u00e4\u00a0teesiss\u00e4 pohdin kognitiivisten kykyjen kehittymist\u00e4 ja \u00e4lylaitteiden sek\u00e4 digitalisaation vaikutusta siihen. Emme voi ummistaa [&hellip;]","og_url":"https:\/\/andersadlercreutz.fi\/blog\/1koulutus\/koulu-voi-korjata-politiikan-virheita\/?lang=fi","og_site_name":"Anders Adlercreutz","article_published_time":"2024-09-26T10:08:58+00:00","article_modified_time":"2024-09-26T10:10:29+00:00","og_image":[{"width":1280,"height":626,"url":"https:\/\/andersadlercreutz.fi\/blog\/wp-content\/uploads\/2024\/09\/Anders_kaapo2023-1.jpeg","type":"image\/jpeg"}],"author":"Anders","twitter_card":"summary_large_image","twitter_misc":{"Skriven av":"Anders","Ber\u00e4knad l\u00e4stid":"2 minuter"},"schema":{"@context":"https:\/\/schema.org","@graph":[{"@type":"WebPage","@id":"https:\/\/andersadlercreutz.fi\/blog\/1koulutus\/koulu-voi-korjata-politiikan-virheita\/?lang=fi","url":"https:\/\/andersadlercreutz.fi\/blog\/1koulutus\/koulu-voi-korjata-politiikan-virheita\/?lang=fi","name":"Koulu voi korjata politiikan virheit\u00e4 - Anders Adlercreutz","isPartOf":{"@id":"https:\/\/andersadlercreutz.fi\/blog\/#website"},"datePublished":"2024-09-26T10:08:58+00:00","dateModified":"2024-09-26T10:10:29+00:00","author":{"@id":"https:\/\/andersadlercreutz.fi\/blog\/#\/schema\/person\/47d4b72eded862b484f74bb4b3a2354f"},"breadcrumb":{"@id":"https:\/\/andersadlercreutz.fi\/blog\/1koulutus\/koulu-voi-korjata-politiikan-virheita\/?lang=fi#breadcrumb"},"inLanguage":"sv-SE","potentialAction":[{"@type":"ReadAction","target":["https:\/\/andersadlercreutz.fi\/blog\/1koulutus\/koulu-voi-korjata-politiikan-virheita\/?lang=fi"]}]},{"@type":"BreadcrumbList","@id":"https:\/\/andersadlercreutz.fi\/blog\/1koulutus\/koulu-voi-korjata-politiikan-virheita\/?lang=fi#breadcrumb","itemListElement":[{"@type":"ListItem","position":1,"name":"Home","item":"https:\/\/andersadlercreutz.fi\/blog\/blogg\/?lang=sv"},{"@type":"ListItem","position":2,"name":"Koulu voi korjata politiikan virheit\u00e4"}]},{"@type":"WebSite","@id":"https:\/\/andersadlercreutz.fi\/blog\/#website","url":"https:\/\/andersadlercreutz.fi\/blog\/","name":"Anders Adlercreutz","description":"Du. Jag. Vi. Kest&auml;v&auml;sti optimisti","potentialAction":[{"@type":"SearchAction","target":{"@type":"EntryPoint","urlTemplate":"https:\/\/andersadlercreutz.fi\/blog\/?s={search_term_string}"},"query-input":"required name=search_term_string"}],"inLanguage":"sv-SE"},{"@type":"Person","@id":"https:\/\/andersadlercreutz.fi\/blog\/#\/schema\/person\/47d4b72eded862b484f74bb4b3a2354f","name":"Anders","image":{"@type":"ImageObject","inLanguage":"sv-SE","@id":"https:\/\/andersadlercreutz.fi\/blog\/#\/schema\/person\/image\/","url":"https:\/\/secure.gravatar.com\/avatar\/a144c9bda7a581ff6fabba169027e620?s=96&d=mm&r=g","contentUrl":"https:\/\/secure.gravatar.com\/avatar\/a144c9bda7a581ff6fabba169027e620?s=96&d=mm&r=g","caption":"Anders"},"url":"https:\/\/andersadlercreutz.fi\/blog\/author\/admin\/"}]}},"jetpack_featured_media_url":"https:\/\/i0.wp.com\/andersadlercreutz.fi\/blog\/wp-content\/uploads\/2024\/09\/Anders_kaapo2023-1.jpeg?fit=1280%2C626&ssl=1","jetpack_shortlink":"https:\/\/wp.me\/p4T6Dh-2zW","jetpack_sharing_enabled":true,"_links":{"self":[{"href":"https:\/\/andersadlercreutz.fi\/blog\/wp-json\/wp\/v2\/posts\/9916"}],"collection":[{"href":"https:\/\/andersadlercreutz.fi\/blog\/wp-json\/wp\/v2\/posts"}],"about":[{"href":"https:\/\/andersadlercreutz.fi\/blog\/wp-json\/wp\/v2\/types\/post"}],"author":[{"embeddable":true,"href":"https:\/\/andersadlercreutz.fi\/blog\/wp-json\/wp\/v2\/users\/1"}],"replies":[{"embeddable":true,"href":"https:\/\/andersadlercreutz.fi\/blog\/wp-json\/wp\/v2\/comments?post=9916"}],"version-history":[{"count":2,"href":"https:\/\/andersadlercreutz.fi\/blog\/wp-json\/wp\/v2\/posts\/9916\/revisions"}],"predecessor-version":[{"id":9921,"href":"https:\/\/andersadlercreutz.fi\/blog\/wp-json\/wp\/v2\/posts\/9916\/revisions\/9921"}],"wp:featuredmedia":[{"embeddable":true,"href":"https:\/\/andersadlercreutz.fi\/blog\/wp-json\/wp\/v2\/media\/9922"}],"wp:attachment":[{"href":"https:\/\/andersadlercreutz.fi\/blog\/wp-json\/wp\/v2\/media?parent=9916"}],"wp:term":[{"taxonomy":"category","embeddable":true,"href":"https:\/\/andersadlercreutz.fi\/blog\/wp-json\/wp\/v2\/categories?post=9916"},{"taxonomy":"post_tag","embeddable":true,"href":"https:\/\/andersadlercreutz.fi\/blog\/wp-json\/wp\/v2\/tags?post=9916"}],"curies":[{"name":"wp","href":"https:\/\/api.w.org\/{rel}","templated":true}]}}