{"id":9948,"date":"2024-09-21T14:01:38","date_gmt":"2024-09-21T11:01:38","guid":{"rendered":"https:\/\/andersadlercreutz.fi\/blog\/?p=9948"},"modified":"2024-10-21T14:05:08","modified_gmt":"2024-10-21T11:05:08","slug":"adlercreutz-pitkajanteinen-talouspolitiikka-on-hyvinvoinnin-tae","status":"publish","type":"post","link":"https:\/\/andersadlercreutz.fi\/blog\/hallitus\/adlercreutz-pitkajanteinen-talouspolitiikka-on-hyvinvoinnin-tae\/?lang=fi","title":{"rendered":"Adlercreutz: pitk\u00e4j\u00e4nteinen talouspolitiikka on hyvinvoinnin tae"},"content":{"rendered":"<div class=\"excerpt\">\n<p>Suomen ruotsalaisen kansanpuolueen puoluevaltuusto kokoontui lauantaina 21. syyskuuta Helsingiss\u00e4. RKP:n puheenjohtaja, opetusministeri Anders Adlercreutz korosti puheessaan pitk\u00e4n aikav\u00e4lin kasvun ja ty\u00f6llisyyden edist\u00e4misen t\u00e4rkeytt\u00e4.<\/p>\n<\/div>\n<div class=\"resizable\">\n<p>\u2013 Suomen taloustilanne on haastava ja siksi tarvitsemme sek\u00e4 sopeutustoimia ett\u00e4 rakenneuudistuksia. Ehdottoman ratkaisevaa on my\u00f6s edist\u00e4\u00e4 toimenpiteit\u00e4, jotka luovat talouskasvua. Ty\u00f6 kasvuedellytysten luomiseksi vie kuitenkin aikaa \u2013 se ei tule nappia painamalla. Siksi meid\u00e4n on t\u00e4st\u00e4 eteenp\u00e4in keskitytt\u00e4v\u00e4 t\u00e4h\u00e4n: Suomen saamiseen takaisin kasvu-uralle, Adlercreutz sanoo.<\/p>\n<p>\u2013 T\u00e4ss\u00e4 meill\u00e4 on suuria mahdollisuuksia, ei v\u00e4hiten esimerkiksi vihre\u00e4ss\u00e4 siirtym\u00e4ss\u00e4, ja monia hyvi\u00e4 edellytyksi\u00e4 kasvulle. Keskustelussa on keskitytt\u00e4v\u00e4 my\u00f6s n\u00e4ihin \u2013 meid\u00e4n ei tule aliarvioida my\u00f6nteisten asioiden huomioimisen voimaa.<\/p>\n<p>Rakenteellisia haasteita ei ole helppo ratkaista, mutta hallitus on tehnyt monia uudistuksia, jotka viev\u00e4t meit\u00e4 oikeaan suuntaan, esimerkiksi liittyen ty\u00f6markkinoihin, investointien lupaprosesseihin ja byrokratian v\u00e4hent\u00e4miseen. Lis\u00e4ksi investoidaan tutkimukseen ja kehitykseen sek\u00e4 vihre\u00e4\u00e4n siirtym\u00e4\u00e4n. Adlercreutz korostaa, ett\u00e4 t\u00e4m\u00e4n ty\u00f6n on oltava pitk\u00e4j\u00e4nteist\u00e4.<\/p>\n<p>\u2013 Seuraavan hallituksen on jatkettava ty\u00f6t\u00e4 talouden saamiseksi takaisin raiteilleen, hallituskokoonpanosta riippumatta. Vain siten voimme yll\u00e4pit\u00e4\u00e4 hyvinvointiyhteiskuntamme edellytyksi\u00e4. Pitk\u00e4j\u00e4nteisyys on t\u00e4ss\u00e4 avainsana \u2013 ja se on my\u00f6s RKP:n vahvuus. Me priorisoimme hyvinvointiamme pitk\u00e4ll\u00e4 aikav\u00e4lill\u00e4, emme pikavoittoja tai helppoja ratkaisuja monimutkaisiin ongelmiin. N\u00e4in kannamme vastuuta koko Suomen menestymisen edellytyksist\u00e4, Adlercreutz sanoo.<\/p>\n<\/div>\n","protected":false},"excerpt":{"rendered":"<p>Suomen ruotsalaisen kansanpuolueen puoluevaltuusto kokoontui lauantaina 21. syyskuuta Helsingiss\u00e4. RKP:n puheenjohtaja, opetusministeri Anders Adlercreutz korosti puheessaan pitk\u00e4n aikav\u00e4lin kasvun ja ty\u00f6llisyyden edist\u00e4misen t\u00e4rkeytt\u00e4. \u2013 Suomen taloustilanne on haastava ja siksi tarvitsemme sek\u00e4 sopeutustoimia ett\u00e4 rakenneuudistuksia. Ehdottoman ratkaisevaa on my\u00f6s edist\u00e4\u00e4 toimenpiteit\u00e4, jotka luovat talouskasvua. Ty\u00f6 kasvuedellytysten luomiseksi vie kuitenkin aikaa \u2013 se ei tule nappia [&hellip;]<\/p>\n","protected":false},"author":1,"featured_media":9949,"comment_status":"open","ping_status":"open","sticky":false,"template":"","format":"standard","meta":{"jetpack_post_was_ever_published":false,"_jetpack_newsletter_access":"","jetpack_publicize_message":"","jetpack_is_tweetstorm":false,"jetpack_publicize_feature_enabled":true,"jetpack_social_post_already_shared":true,"jetpack_social_options":{"image_generator_settings":{"template":"highway","enabled":false}}},"categories":[113,71,87],"tags":[],"jetpack_publicize_connections":[],"yoast_head":"<!-- This site is optimized with the Yoast SEO plugin v20.12 - https:\/\/yoast.com\/wordpress\/plugins\/seo\/ -->\n<title>Adlercreutz: pitk\u00e4j\u00e4nteinen talouspolitiikka on hyvinvoinnin tae - Anders Adlercreutz<\/title>\n<meta name=\"robots\" content=\"index, follow, max-snippet:-1, max-image-preview:large, max-video-preview:-1\" \/>\n<link rel=\"canonical\" href=\"https:\/\/andersadlercreutz.fi\/blog\/hallitus\/adlercreutz-pitkajanteinen-talouspolitiikka-on-hyvinvoinnin-tae\/\" \/>\n<meta property=\"og:locale\" content=\"sv_SE\" \/>\n<meta property=\"og:type\" content=\"article\" \/>\n<meta property=\"og:title\" content=\"Adlercreutz: pitk\u00e4j\u00e4nteinen talouspolitiikka on hyvinvoinnin tae - Anders Adlercreutz\" \/>\n<meta property=\"og:description\" content=\"Suomen ruotsalaisen kansanpuolueen puoluevaltuusto kokoontui lauantaina 21. syyskuuta Helsingiss\u00e4. RKP:n puheenjohtaja, opetusministeri Anders Adlercreutz korosti puheessaan pitk\u00e4n aikav\u00e4lin kasvun ja ty\u00f6llisyyden edist\u00e4misen t\u00e4rkeytt\u00e4. \u2013 Suomen taloustilanne on haastava ja siksi tarvitsemme sek\u00e4 sopeutustoimia ett\u00e4 rakenneuudistuksia. Ehdottoman ratkaisevaa on my\u00f6s edist\u00e4\u00e4 toimenpiteit\u00e4, jotka luovat talouskasvua. Ty\u00f6 kasvuedellytysten luomiseksi vie kuitenkin aikaa \u2013 se ei tule nappia [&hellip;]\" \/>\n<meta property=\"og:url\" content=\"https:\/\/andersadlercreutz.fi\/blog\/hallitus\/adlercreutz-pitkajanteinen-talouspolitiikka-on-hyvinvoinnin-tae\/?lang=fi\" \/>\n<meta property=\"og:site_name\" content=\"Anders Adlercreutz\" \/>\n<meta property=\"article:published_time\" content=\"2024-09-21T11:01:38+00:00\" \/>\n<meta property=\"article:modified_time\" content=\"2024-10-21T11:05:08+00:00\" \/>\n<meta property=\"og:image\" content=\"https:\/\/andersadlercreutz.fi\/blog\/wp-content\/uploads\/2024\/10\/Anders_pfmg.jpg\" \/>\n\t<meta property=\"og:image:width\" content=\"768\" \/>\n\t<meta property=\"og:image:height\" content=\"371\" \/>\n\t<meta property=\"og:image:type\" content=\"image\/jpeg\" \/>\n<meta name=\"author\" content=\"Anders\" \/>\n<meta name=\"twitter:card\" content=\"summary_large_image\" \/>\n<meta name=\"twitter:label1\" content=\"Skriven av\" \/>\n\t<meta name=\"twitter:data1\" content=\"Anders\" \/>\n\t<meta name=\"twitter:label2\" content=\"Ber\u00e4knad l\u00e4stid\" \/>\n\t<meta name=\"twitter:data2\" content=\"1 minut\" \/>\n<script type=\"application\/ld+json\" class=\"yoast-schema-graph\">{\"@context\":\"https:\/\/schema.org\",\"@graph\":[{\"@type\":\"WebPage\",\"@id\":\"https:\/\/andersadlercreutz.fi\/blog\/hallitus\/adlercreutz-pitkajanteinen-talouspolitiikka-on-hyvinvoinnin-tae\/?lang=fi\",\"url\":\"https:\/\/andersadlercreutz.fi\/blog\/hallitus\/adlercreutz-pitkajanteinen-talouspolitiikka-on-hyvinvoinnin-tae\/?lang=fi\",\"name\":\"Adlercreutz: pitk\u00e4j\u00e4nteinen talouspolitiikka on hyvinvoinnin tae - Anders Adlercreutz\",\"isPartOf\":{\"@id\":\"https:\/\/andersadlercreutz.fi\/blog\/#website\"},\"datePublished\":\"2024-09-21T11:01:38+00:00\",\"dateModified\":\"2024-10-21T11:05:08+00:00\",\"author\":{\"@id\":\"https:\/\/andersadlercreutz.fi\/blog\/#\/schema\/person\/47d4b72eded862b484f74bb4b3a2354f\"},\"breadcrumb\":{\"@id\":\"https:\/\/andersadlercreutz.fi\/blog\/hallitus\/adlercreutz-pitkajanteinen-talouspolitiikka-on-hyvinvoinnin-tae\/?lang=fi#breadcrumb\"},\"inLanguage\":\"sv-SE\",\"potentialAction\":[{\"@type\":\"ReadAction\",\"target\":[\"https:\/\/andersadlercreutz.fi\/blog\/hallitus\/adlercreutz-pitkajanteinen-talouspolitiikka-on-hyvinvoinnin-tae\/?lang=fi\"]}]},{\"@type\":\"BreadcrumbList\",\"@id\":\"https:\/\/andersadlercreutz.fi\/blog\/hallitus\/adlercreutz-pitkajanteinen-talouspolitiikka-on-hyvinvoinnin-tae\/?lang=fi#breadcrumb\",\"itemListElement\":[{\"@type\":\"ListItem\",\"position\":1,\"name\":\"Home\",\"item\":\"https:\/\/andersadlercreutz.fi\/blog\/blogg\/?lang=sv\"},{\"@type\":\"ListItem\",\"position\":2,\"name\":\"Adlercreutz: pitk\u00e4j\u00e4nteinen talouspolitiikka on hyvinvoinnin tae\"}]},{\"@type\":\"WebSite\",\"@id\":\"https:\/\/andersadlercreutz.fi\/blog\/#website\",\"url\":\"https:\/\/andersadlercreutz.fi\/blog\/\",\"name\":\"Anders Adlercreutz\",\"description\":\"Du. Jag. Vi. Kest&auml;v&auml;sti optimisti\",\"potentialAction\":[{\"@type\":\"SearchAction\",\"target\":{\"@type\":\"EntryPoint\",\"urlTemplate\":\"https:\/\/andersadlercreutz.fi\/blog\/?s={search_term_string}\"},\"query-input\":\"required name=search_term_string\"}],\"inLanguage\":\"sv-SE\"},{\"@type\":\"Person\",\"@id\":\"https:\/\/andersadlercreutz.fi\/blog\/#\/schema\/person\/47d4b72eded862b484f74bb4b3a2354f\",\"name\":\"Anders\",\"image\":{\"@type\":\"ImageObject\",\"inLanguage\":\"sv-SE\",\"@id\":\"https:\/\/andersadlercreutz.fi\/blog\/#\/schema\/person\/image\/\",\"url\":\"https:\/\/secure.gravatar.com\/avatar\/a144c9bda7a581ff6fabba169027e620?s=96&d=mm&r=g\",\"contentUrl\":\"https:\/\/secure.gravatar.com\/avatar\/a144c9bda7a581ff6fabba169027e620?s=96&d=mm&r=g\",\"caption\":\"Anders\"},\"url\":\"https:\/\/andersadlercreutz.fi\/blog\/author\/admin\/\"}]}<\/script>\n<!-- \/ Yoast SEO plugin. -->","yoast_head_json":{"title":"Adlercreutz: pitk\u00e4j\u00e4nteinen talouspolitiikka on hyvinvoinnin tae - Anders Adlercreutz","robots":{"index":"index","follow":"follow","max-snippet":"max-snippet:-1","max-image-preview":"max-image-preview:large","max-video-preview":"max-video-preview:-1"},"canonical":"https:\/\/andersadlercreutz.fi\/blog\/hallitus\/adlercreutz-pitkajanteinen-talouspolitiikka-on-hyvinvoinnin-tae\/","og_locale":"sv_SE","og_type":"article","og_title":"Adlercreutz: pitk\u00e4j\u00e4nteinen talouspolitiikka on hyvinvoinnin tae - Anders Adlercreutz","og_description":"Suomen ruotsalaisen kansanpuolueen puoluevaltuusto kokoontui lauantaina 21. syyskuuta Helsingiss\u00e4. RKP:n puheenjohtaja, opetusministeri Anders Adlercreutz korosti puheessaan pitk\u00e4n aikav\u00e4lin kasvun ja ty\u00f6llisyyden edist\u00e4misen t\u00e4rkeytt\u00e4. \u2013 Suomen taloustilanne on haastava ja siksi tarvitsemme sek\u00e4 sopeutustoimia ett\u00e4 rakenneuudistuksia. Ehdottoman ratkaisevaa on my\u00f6s edist\u00e4\u00e4 toimenpiteit\u00e4, jotka luovat talouskasvua. Ty\u00f6 kasvuedellytysten luomiseksi vie kuitenkin aikaa \u2013 se ei tule nappia [&hellip;]","og_url":"https:\/\/andersadlercreutz.fi\/blog\/hallitus\/adlercreutz-pitkajanteinen-talouspolitiikka-on-hyvinvoinnin-tae\/?lang=fi","og_site_name":"Anders Adlercreutz","article_published_time":"2024-09-21T11:01:38+00:00","article_modified_time":"2024-10-21T11:05:08+00:00","og_image":[{"width":768,"height":371,"url":"https:\/\/andersadlercreutz.fi\/blog\/wp-content\/uploads\/2024\/10\/Anders_pfmg.jpg","type":"image\/jpeg"}],"author":"Anders","twitter_card":"summary_large_image","twitter_misc":{"Skriven av":"Anders","Ber\u00e4knad l\u00e4stid":"1 minut"},"schema":{"@context":"https:\/\/schema.org","@graph":[{"@type":"WebPage","@id":"https:\/\/andersadlercreutz.fi\/blog\/hallitus\/adlercreutz-pitkajanteinen-talouspolitiikka-on-hyvinvoinnin-tae\/?lang=fi","url":"https:\/\/andersadlercreutz.fi\/blog\/hallitus\/adlercreutz-pitkajanteinen-talouspolitiikka-on-hyvinvoinnin-tae\/?lang=fi","name":"Adlercreutz: pitk\u00e4j\u00e4nteinen talouspolitiikka on hyvinvoinnin tae - Anders Adlercreutz","isPartOf":{"@id":"https:\/\/andersadlercreutz.fi\/blog\/#website"},"datePublished":"2024-09-21T11:01:38+00:00","dateModified":"2024-10-21T11:05:08+00:00","author":{"@id":"https:\/\/andersadlercreutz.fi\/blog\/#\/schema\/person\/47d4b72eded862b484f74bb4b3a2354f"},"breadcrumb":{"@id":"https:\/\/andersadlercreutz.fi\/blog\/hallitus\/adlercreutz-pitkajanteinen-talouspolitiikka-on-hyvinvoinnin-tae\/?lang=fi#breadcrumb"},"inLanguage":"sv-SE","potentialAction":[{"@type":"ReadAction","target":["https:\/\/andersadlercreutz.fi\/blog\/hallitus\/adlercreutz-pitkajanteinen-talouspolitiikka-on-hyvinvoinnin-tae\/?lang=fi"]}]},{"@type":"BreadcrumbList","@id":"https:\/\/andersadlercreutz.fi\/blog\/hallitus\/adlercreutz-pitkajanteinen-talouspolitiikka-on-hyvinvoinnin-tae\/?lang=fi#breadcrumb","itemListElement":[{"@type":"ListItem","position":1,"name":"Home","item":"https:\/\/andersadlercreutz.fi\/blog\/blogg\/?lang=sv"},{"@type":"ListItem","position":2,"name":"Adlercreutz: pitk\u00e4j\u00e4nteinen talouspolitiikka on hyvinvoinnin tae"}]},{"@type":"WebSite","@id":"https:\/\/andersadlercreutz.fi\/blog\/#website","url":"https:\/\/andersadlercreutz.fi\/blog\/","name":"Anders Adlercreutz","description":"Du. Jag. Vi. Kest&auml;v&auml;sti optimisti","potentialAction":[{"@type":"SearchAction","target":{"@type":"EntryPoint","urlTemplate":"https:\/\/andersadlercreutz.fi\/blog\/?s={search_term_string}"},"query-input":"required name=search_term_string"}],"inLanguage":"sv-SE"},{"@type":"Person","@id":"https:\/\/andersadlercreutz.fi\/blog\/#\/schema\/person\/47d4b72eded862b484f74bb4b3a2354f","name":"Anders","image":{"@type":"ImageObject","inLanguage":"sv-SE","@id":"https:\/\/andersadlercreutz.fi\/blog\/#\/schema\/person\/image\/","url":"https:\/\/secure.gravatar.com\/avatar\/a144c9bda7a581ff6fabba169027e620?s=96&d=mm&r=g","contentUrl":"https:\/\/secure.gravatar.com\/avatar\/a144c9bda7a581ff6fabba169027e620?s=96&d=mm&r=g","caption":"Anders"},"url":"https:\/\/andersadlercreutz.fi\/blog\/author\/admin\/"}]}},"jetpack_featured_media_url":"https:\/\/i0.wp.com\/andersadlercreutz.fi\/blog\/wp-content\/uploads\/2024\/10\/Anders_pfmg.jpg?fit=768%2C371&ssl=1","jetpack_shortlink":"https:\/\/wp.me\/p4T6Dh-2As","jetpack_sharing_enabled":true,"_links":{"self":[{"href":"https:\/\/andersadlercreutz.fi\/blog\/wp-json\/wp\/v2\/posts\/9948"}],"collection":[{"href":"https:\/\/andersadlercreutz.fi\/blog\/wp-json\/wp\/v2\/posts"}],"about":[{"href":"https:\/\/andersadlercreutz.fi\/blog\/wp-json\/wp\/v2\/types\/post"}],"author":[{"embeddable":true,"href":"https:\/\/andersadlercreutz.fi\/blog\/wp-json\/wp\/v2\/users\/1"}],"replies":[{"embeddable":true,"href":"https:\/\/andersadlercreutz.fi\/blog\/wp-json\/wp\/v2\/comments?post=9948"}],"version-history":[{"count":2,"href":"https:\/\/andersadlercreutz.fi\/blog\/wp-json\/wp\/v2\/posts\/9948\/revisions"}],"predecessor-version":[{"id":9953,"href":"https:\/\/andersadlercreutz.fi\/blog\/wp-json\/wp\/v2\/posts\/9948\/revisions\/9953"}],"wp:featuredmedia":[{"embeddable":true,"href":"https:\/\/andersadlercreutz.fi\/blog\/wp-json\/wp\/v2\/media\/9949"}],"wp:attachment":[{"href":"https:\/\/andersadlercreutz.fi\/blog\/wp-json\/wp\/v2\/media?parent=9948"}],"wp:term":[{"taxonomy":"category","embeddable":true,"href":"https:\/\/andersadlercreutz.fi\/blog\/wp-json\/wp\/v2\/categories?post=9948"},{"taxonomy":"post_tag","embeddable":true,"href":"https:\/\/andersadlercreutz.fi\/blog\/wp-json\/wp\/v2\/tags?post=9948"}],"curies":[{"name":"wp","href":"https:\/\/api.w.org\/{rel}","templated":true}]}}