{"id":9954,"date":"2024-09-21T14:05:19","date_gmt":"2024-09-21T11:05:19","guid":{"rendered":"https:\/\/andersadlercreutz.fi\/blog\/?p=9954"},"modified":"2024-10-21T14:07:34","modified_gmt":"2024-10-21T11:07:34","slug":"adlercreutz-langsiktig-ekonomisk-politik-garanterar-valfarden-pa-sikt","status":"publish","type":"post","link":"https:\/\/andersadlercreutz.fi\/blog\/lehdistotiedote-sv\/adlercreutz-langsiktig-ekonomisk-politik-garanterar-valfarden-pa-sikt\/","title":{"rendered":"Adlercreutz: L\u00e5ngsiktig ekonomisk politik garanterar v\u00e4lf\u00e4rden p\u00e5 sikt"},"content":{"rendered":"<div class=\"excerpt\">\n<p>Svenska folkpartiets partifullm\u00e4ktige samlades till sitt konstituerande m\u00f6te l\u00f6rdagen 21 september i Helsingfors. SFP:s partiordf\u00f6rande, undervisningsminister Anders Adlercreutz lyfte i sitt tal fram vikten av att fr\u00e4mja tillv\u00e4xt och syssels\u00e4ttning p\u00e5 l\u00e5ng sikt.<\/p>\n<\/div>\n<div class=\"resizable\">\n<p>\u2013 Finlands ekonomiska situation utmanar oss och d\u00e4rf\u00f6r \u00e4r det n\u00f6dv\u00e4ndigt b\u00e5de med anpassnings\u00e5tg\u00e4rder och strukturella reformer. Helt avg\u00f6rande \u00e4r det ocks\u00e5 att ta fram \u00e5tg\u00e4rder som fr\u00e4mjar v\u00e5r tillv\u00e4xt. Arbetet f\u00f6r att skapa f\u00f6ruts\u00e4ttningar f\u00f6r detta tar tid \u2013 de kommer inte med en knapptryckning. D\u00e4rf\u00f6r ska fokus fram\u00f6ver ligga p\u00e5 att f\u00e5 ig\u00e5ng tillv\u00e4xten i v\u00e5rt land, s\u00e4ger Adlercreutz.<\/p>\n<p>\u2013 Vi har stora m\u00f6jligheter, inte minst inom den gr\u00f6na omst\u00e4llningen, och m\u00e5nga f\u00f6ruts\u00e4ttningar att v\u00e4xa. Diskussionen beh\u00f6ver fokusera ocks\u00e5 p\u00e5 dessa \u2013 vi ska inte underskatta kraften i att se de positiva m\u00f6jligheterna.<\/p>\n<p>De strukturella problemen \u00e4r inte l\u00e4tta att l\u00f6sa, men regeringen har gjort m\u00e5nga reformer som f\u00f6r oss i r\u00e4tt riktning, bland annat vad g\u00e4ller arbetsmarknaden, tillst\u00e5ndsprocesser f\u00f6r investeringar och minskad byr\u00e5krati. Dessutom g\u00f6rs satsningar p\u00e5 forskning och utveckling och p\u00e5 den gr\u00f6na omst\u00e4llningen. Adlercreutz betonar att det h\u00e4r arbetet beh\u00f6ver vara l\u00e5ngsiktigt.<\/p>\n<p>\u2013 N\u00e4sta regering m\u00e5ste forts\u00e4tta arbetet med att f\u00e5 ekonomin p\u00e5 r\u00e4tt kurs, oberoende av regeringskonstellation. Det \u00e4r bara s\u00e5 kan vi uppr\u00e4tth\u00e5lla f\u00f6ruts\u00e4ttningarna f\u00f6r v\u00e5rt v\u00e4lf\u00e4rdssamh\u00e4lle. L\u00e5ngsiktighet \u00e4r nyckelordet h\u00e4r \u2013 och det \u00e4r ocks\u00e5 SFP:s styrka. Vi prioriterar v\u00e5r v\u00e4lf\u00e4rd p\u00e5 l\u00e5ng sikt, inte snabba segrar eller l\u00e4tta l\u00f6sningar p\u00e5 komplexa problem. Det \u00e4r s\u00e5 vi b\u00e4r ansvar f\u00f6r hela Finlands framg\u00e5ng, s\u00e4ger Adlercreutz.<\/p>\n<\/div>\n","protected":false},"excerpt":{"rendered":"<p>Svenska folkpartiets partifullm\u00e4ktige samlades till sitt konstituerande m\u00f6te l\u00f6rdagen 21 september i Helsingfors. SFP:s partiordf\u00f6rande, undervisningsminister Anders Adlercreutz lyfte i sitt tal fram vikten av att fr\u00e4mja tillv\u00e4xt och syssels\u00e4ttning p\u00e5 l\u00e5ng sikt. \u2013 Finlands ekonomiska situation utmanar oss och d\u00e4rf\u00f6r \u00e4r det n\u00f6dv\u00e4ndigt b\u00e5de med anpassnings\u00e5tg\u00e4rder och strukturella reformer. Helt avg\u00f6rande \u00e4r det ocks\u00e5 [&hellip;]<\/p>\n","protected":false},"author":1,"featured_media":9951,"comment_status":"open","ping_status":"open","sticky":false,"template":"","format":"standard","meta":{"jetpack_post_was_ever_published":false,"_jetpack_newsletter_access":"","jetpack_publicize_message":"","jetpack_is_tweetstorm":false,"jetpack_publicize_feature_enabled":true,"jetpack_social_post_already_shared":true,"jetpack_social_options":{"image_generator_settings":{"template":"highway","enabled":false}}},"categories":[86,72,114,88],"tags":[],"jetpack_publicize_connections":[],"yoast_head":"<!-- This site is optimized with the Yoast SEO plugin v20.12 - https:\/\/yoast.com\/wordpress\/plugins\/seo\/ -->\n<title>Adlercreutz: L\u00e5ngsiktig ekonomisk politik garanterar v\u00e4lf\u00e4rden p\u00e5 sikt - Anders Adlercreutz<\/title>\n<meta name=\"robots\" content=\"index, follow, max-snippet:-1, max-image-preview:large, max-video-preview:-1\" \/>\n<link rel=\"canonical\" href=\"https:\/\/andersadlercreutz.fi\/blog\/lehdistotiedote-sv\/adlercreutz-langsiktig-ekonomisk-politik-garanterar-valfarden-pa-sikt\/\" \/>\n<meta property=\"og:locale\" content=\"sv_SE\" \/>\n<meta property=\"og:type\" content=\"article\" \/>\n<meta property=\"og:title\" content=\"Adlercreutz: L\u00e5ngsiktig ekonomisk politik garanterar v\u00e4lf\u00e4rden p\u00e5 sikt - Anders Adlercreutz\" \/>\n<meta property=\"og:description\" content=\"Svenska folkpartiets partifullm\u00e4ktige samlades till sitt konstituerande m\u00f6te l\u00f6rdagen 21 september i Helsingfors. SFP:s partiordf\u00f6rande, undervisningsminister Anders Adlercreutz lyfte i sitt tal fram vikten av att fr\u00e4mja tillv\u00e4xt och syssels\u00e4ttning p\u00e5 l\u00e5ng sikt. \u2013 Finlands ekonomiska situation utmanar oss och d\u00e4rf\u00f6r \u00e4r det n\u00f6dv\u00e4ndigt b\u00e5de med anpassnings\u00e5tg\u00e4rder och strukturella reformer. Helt avg\u00f6rande \u00e4r det ocks\u00e5 [&hellip;]\" \/>\n<meta property=\"og:url\" content=\"https:\/\/andersadlercreutz.fi\/blog\/lehdistotiedote-sv\/adlercreutz-langsiktig-ekonomisk-politik-garanterar-valfarden-pa-sikt\/\" \/>\n<meta property=\"og:site_name\" content=\"Anders Adlercreutz\" \/>\n<meta property=\"article:published_time\" content=\"2024-09-21T11:05:19+00:00\" \/>\n<meta property=\"article:modified_time\" content=\"2024-10-21T11:07:34+00:00\" \/>\n<meta property=\"og:image\" content=\"https:\/\/andersadlercreutz.fi\/blog\/wp-content\/uploads\/2024\/10\/Anders_pfmg.jpg\" \/>\n\t<meta property=\"og:image:width\" content=\"768\" \/>\n\t<meta property=\"og:image:height\" content=\"371\" \/>\n\t<meta property=\"og:image:type\" content=\"image\/jpeg\" \/>\n<meta name=\"author\" content=\"Anders\" \/>\n<meta name=\"twitter:card\" content=\"summary_large_image\" \/>\n<meta name=\"twitter:label1\" content=\"Skriven av\" \/>\n\t<meta name=\"twitter:data1\" content=\"Anders\" \/>\n\t<meta name=\"twitter:label2\" content=\"Ber\u00e4knad l\u00e4stid\" \/>\n\t<meta name=\"twitter:data2\" content=\"2 minuter\" \/>\n<script type=\"application\/ld+json\" class=\"yoast-schema-graph\">{\"@context\":\"https:\/\/schema.org\",\"@graph\":[{\"@type\":\"WebPage\",\"@id\":\"https:\/\/andersadlercreutz.fi\/blog\/lehdistotiedote-sv\/adlercreutz-langsiktig-ekonomisk-politik-garanterar-valfarden-pa-sikt\/\",\"url\":\"https:\/\/andersadlercreutz.fi\/blog\/lehdistotiedote-sv\/adlercreutz-langsiktig-ekonomisk-politik-garanterar-valfarden-pa-sikt\/\",\"name\":\"Adlercreutz: L\u00e5ngsiktig ekonomisk politik garanterar v\u00e4lf\u00e4rden p\u00e5 sikt - Anders Adlercreutz\",\"isPartOf\":{\"@id\":\"https:\/\/andersadlercreutz.fi\/blog\/#website\"},\"datePublished\":\"2024-09-21T11:05:19+00:00\",\"dateModified\":\"2024-10-21T11:07:34+00:00\",\"author\":{\"@id\":\"https:\/\/andersadlercreutz.fi\/blog\/#\/schema\/person\/47d4b72eded862b484f74bb4b3a2354f\"},\"breadcrumb\":{\"@id\":\"https:\/\/andersadlercreutz.fi\/blog\/lehdistotiedote-sv\/adlercreutz-langsiktig-ekonomisk-politik-garanterar-valfarden-pa-sikt\/#breadcrumb\"},\"inLanguage\":\"sv-SE\",\"potentialAction\":[{\"@type\":\"ReadAction\",\"target\":[\"https:\/\/andersadlercreutz.fi\/blog\/lehdistotiedote-sv\/adlercreutz-langsiktig-ekonomisk-politik-garanterar-valfarden-pa-sikt\/\"]}]},{\"@type\":\"BreadcrumbList\",\"@id\":\"https:\/\/andersadlercreutz.fi\/blog\/lehdistotiedote-sv\/adlercreutz-langsiktig-ekonomisk-politik-garanterar-valfarden-pa-sikt\/#breadcrumb\",\"itemListElement\":[{\"@type\":\"ListItem\",\"position\":1,\"name\":\"Home\",\"item\":\"https:\/\/andersadlercreutz.fi\/blog\/blogg\/?lang=sv\"},{\"@type\":\"ListItem\",\"position\":2,\"name\":\"Adlercreutz: L\u00e5ngsiktig ekonomisk politik garanterar v\u00e4lf\u00e4rden p\u00e5 sikt\"}]},{\"@type\":\"WebSite\",\"@id\":\"https:\/\/andersadlercreutz.fi\/blog\/#website\",\"url\":\"https:\/\/andersadlercreutz.fi\/blog\/\",\"name\":\"Anders Adlercreutz\",\"description\":\"Du. Jag. Vi. Kest&auml;v&auml;sti optimisti\",\"potentialAction\":[{\"@type\":\"SearchAction\",\"target\":{\"@type\":\"EntryPoint\",\"urlTemplate\":\"https:\/\/andersadlercreutz.fi\/blog\/?s={search_term_string}\"},\"query-input\":\"required name=search_term_string\"}],\"inLanguage\":\"sv-SE\"},{\"@type\":\"Person\",\"@id\":\"https:\/\/andersadlercreutz.fi\/blog\/#\/schema\/person\/47d4b72eded862b484f74bb4b3a2354f\",\"name\":\"Anders\",\"image\":{\"@type\":\"ImageObject\",\"inLanguage\":\"sv-SE\",\"@id\":\"https:\/\/andersadlercreutz.fi\/blog\/#\/schema\/person\/image\/\",\"url\":\"https:\/\/secure.gravatar.com\/avatar\/a144c9bda7a581ff6fabba169027e620?s=96&d=mm&r=g\",\"contentUrl\":\"https:\/\/secure.gravatar.com\/avatar\/a144c9bda7a581ff6fabba169027e620?s=96&d=mm&r=g\",\"caption\":\"Anders\"},\"url\":\"https:\/\/andersadlercreutz.fi\/blog\/author\/admin\/\"}]}<\/script>\n<!-- \/ Yoast SEO plugin. -->","yoast_head_json":{"title":"Adlercreutz: L\u00e5ngsiktig ekonomisk politik garanterar v\u00e4lf\u00e4rden p\u00e5 sikt - Anders Adlercreutz","robots":{"index":"index","follow":"follow","max-snippet":"max-snippet:-1","max-image-preview":"max-image-preview:large","max-video-preview":"max-video-preview:-1"},"canonical":"https:\/\/andersadlercreutz.fi\/blog\/lehdistotiedote-sv\/adlercreutz-langsiktig-ekonomisk-politik-garanterar-valfarden-pa-sikt\/","og_locale":"sv_SE","og_type":"article","og_title":"Adlercreutz: L\u00e5ngsiktig ekonomisk politik garanterar v\u00e4lf\u00e4rden p\u00e5 sikt - Anders Adlercreutz","og_description":"Svenska folkpartiets partifullm\u00e4ktige samlades till sitt konstituerande m\u00f6te l\u00f6rdagen 21 september i Helsingfors. SFP:s partiordf\u00f6rande, undervisningsminister Anders Adlercreutz lyfte i sitt tal fram vikten av att fr\u00e4mja tillv\u00e4xt och syssels\u00e4ttning p\u00e5 l\u00e5ng sikt. \u2013 Finlands ekonomiska situation utmanar oss och d\u00e4rf\u00f6r \u00e4r det n\u00f6dv\u00e4ndigt b\u00e5de med anpassnings\u00e5tg\u00e4rder och strukturella reformer. Helt avg\u00f6rande \u00e4r det ocks\u00e5 [&hellip;]","og_url":"https:\/\/andersadlercreutz.fi\/blog\/lehdistotiedote-sv\/adlercreutz-langsiktig-ekonomisk-politik-garanterar-valfarden-pa-sikt\/","og_site_name":"Anders Adlercreutz","article_published_time":"2024-09-21T11:05:19+00:00","article_modified_time":"2024-10-21T11:07:34+00:00","og_image":[{"width":768,"height":371,"url":"https:\/\/andersadlercreutz.fi\/blog\/wp-content\/uploads\/2024\/10\/Anders_pfmg.jpg","type":"image\/jpeg"}],"author":"Anders","twitter_card":"summary_large_image","twitter_misc":{"Skriven av":"Anders","Ber\u00e4knad l\u00e4stid":"2 minuter"},"schema":{"@context":"https:\/\/schema.org","@graph":[{"@type":"WebPage","@id":"https:\/\/andersadlercreutz.fi\/blog\/lehdistotiedote-sv\/adlercreutz-langsiktig-ekonomisk-politik-garanterar-valfarden-pa-sikt\/","url":"https:\/\/andersadlercreutz.fi\/blog\/lehdistotiedote-sv\/adlercreutz-langsiktig-ekonomisk-politik-garanterar-valfarden-pa-sikt\/","name":"Adlercreutz: L\u00e5ngsiktig ekonomisk politik garanterar v\u00e4lf\u00e4rden p\u00e5 sikt - Anders Adlercreutz","isPartOf":{"@id":"https:\/\/andersadlercreutz.fi\/blog\/#website"},"datePublished":"2024-09-21T11:05:19+00:00","dateModified":"2024-10-21T11:07:34+00:00","author":{"@id":"https:\/\/andersadlercreutz.fi\/blog\/#\/schema\/person\/47d4b72eded862b484f74bb4b3a2354f"},"breadcrumb":{"@id":"https:\/\/andersadlercreutz.fi\/blog\/lehdistotiedote-sv\/adlercreutz-langsiktig-ekonomisk-politik-garanterar-valfarden-pa-sikt\/#breadcrumb"},"inLanguage":"sv-SE","potentialAction":[{"@type":"ReadAction","target":["https:\/\/andersadlercreutz.fi\/blog\/lehdistotiedote-sv\/adlercreutz-langsiktig-ekonomisk-politik-garanterar-valfarden-pa-sikt\/"]}]},{"@type":"BreadcrumbList","@id":"https:\/\/andersadlercreutz.fi\/blog\/lehdistotiedote-sv\/adlercreutz-langsiktig-ekonomisk-politik-garanterar-valfarden-pa-sikt\/#breadcrumb","itemListElement":[{"@type":"ListItem","position":1,"name":"Home","item":"https:\/\/andersadlercreutz.fi\/blog\/blogg\/?lang=sv"},{"@type":"ListItem","position":2,"name":"Adlercreutz: L\u00e5ngsiktig ekonomisk politik garanterar v\u00e4lf\u00e4rden p\u00e5 sikt"}]},{"@type":"WebSite","@id":"https:\/\/andersadlercreutz.fi\/blog\/#website","url":"https:\/\/andersadlercreutz.fi\/blog\/","name":"Anders Adlercreutz","description":"Du. Jag. Vi. Kest&auml;v&auml;sti optimisti","potentialAction":[{"@type":"SearchAction","target":{"@type":"EntryPoint","urlTemplate":"https:\/\/andersadlercreutz.fi\/blog\/?s={search_term_string}"},"query-input":"required name=search_term_string"}],"inLanguage":"sv-SE"},{"@type":"Person","@id":"https:\/\/andersadlercreutz.fi\/blog\/#\/schema\/person\/47d4b72eded862b484f74bb4b3a2354f","name":"Anders","image":{"@type":"ImageObject","inLanguage":"sv-SE","@id":"https:\/\/andersadlercreutz.fi\/blog\/#\/schema\/person\/image\/","url":"https:\/\/secure.gravatar.com\/avatar\/a144c9bda7a581ff6fabba169027e620?s=96&d=mm&r=g","contentUrl":"https:\/\/secure.gravatar.com\/avatar\/a144c9bda7a581ff6fabba169027e620?s=96&d=mm&r=g","caption":"Anders"},"url":"https:\/\/andersadlercreutz.fi\/blog\/author\/admin\/"}]}},"jetpack_featured_media_url":"https:\/\/i0.wp.com\/andersadlercreutz.fi\/blog\/wp-content\/uploads\/2024\/10\/Anders_pfmg.jpg?fit=768%2C371&ssl=1","jetpack_shortlink":"https:\/\/wp.me\/p4T6Dh-2Ay","jetpack_sharing_enabled":true,"_links":{"self":[{"href":"https:\/\/andersadlercreutz.fi\/blog\/wp-json\/wp\/v2\/posts\/9954"}],"collection":[{"href":"https:\/\/andersadlercreutz.fi\/blog\/wp-json\/wp\/v2\/posts"}],"about":[{"href":"https:\/\/andersadlercreutz.fi\/blog\/wp-json\/wp\/v2\/types\/post"}],"author":[{"embeddable":true,"href":"https:\/\/andersadlercreutz.fi\/blog\/wp-json\/wp\/v2\/users\/1"}],"replies":[{"embeddable":true,"href":"https:\/\/andersadlercreutz.fi\/blog\/wp-json\/wp\/v2\/comments?post=9954"}],"version-history":[{"count":2,"href":"https:\/\/andersadlercreutz.fi\/blog\/wp-json\/wp\/v2\/posts\/9954\/revisions"}],"predecessor-version":[{"id":9956,"href":"https:\/\/andersadlercreutz.fi\/blog\/wp-json\/wp\/v2\/posts\/9954\/revisions\/9956"}],"wp:featuredmedia":[{"embeddable":true,"href":"https:\/\/andersadlercreutz.fi\/blog\/wp-json\/wp\/v2\/media\/9951"}],"wp:attachment":[{"href":"https:\/\/andersadlercreutz.fi\/blog\/wp-json\/wp\/v2\/media?parent=9954"}],"wp:term":[{"taxonomy":"category","embeddable":true,"href":"https:\/\/andersadlercreutz.fi\/blog\/wp-json\/wp\/v2\/categories?post=9954"},{"taxonomy":"post_tag","embeddable":true,"href":"https:\/\/andersadlercreutz.fi\/blog\/wp-json\/wp\/v2\/tags?post=9954"}],"curies":[{"name":"wp","href":"https:\/\/api.w.org\/{rel}","templated":true}]}}