{"id":9966,"date":"2024-10-18T14:15:20","date_gmt":"2024-10-18T11:15:20","guid":{"rendered":"https:\/\/andersadlercreutz.fi\/blog\/?p=9966"},"modified":"2024-10-21T14:16:18","modified_gmt":"2024-10-21T11:16:18","slug":"adlercreutz-andra-stadiet-reformeras","status":"publish","type":"post","link":"https:\/\/andersadlercreutz.fi\/blog\/1-utbildning\/adlercreutz-andra-stadiet-reformeras\/","title":{"rendered":"Adlercreutz: Andra stadiet reformeras"},"content":{"rendered":"<div class=\"excerpt\">\n<p>En av den h\u00e4r periodens viktigaste reformer p\u00e5 undervisningsministeriet har nu g\u00e5tt vidare till riksdagen. Statsr\u00e5det har gett tv\u00e5 lagf\u00f6rslag g\u00e4llande andra stadiets utbildning. Svenska folkpartiets ordf\u00f6rande, undervisningsminister Anders Adlercreutz gl\u00e4ds \u00e5t att andra stadiets utbildningar nu \u00e4nnu b\u00e4ttre kan motsvara behoven som finns.<\/p>\n<\/div>\n<div class=\"resizable\">\n<p>V\u00e5rt samh\u00e4lle beh\u00f6ver kunnig och motiverad arbetskraft. Nu g\u00f6rs \u00e4ndringar i finansieringsmodellen f\u00f6r yrkesutbildningen.<\/p>\n<p>\u2013 V\u00e5r utbildning ska skapa de b\u00e4sta m\u00f6jliga f\u00f6ruts\u00e4ttningarna f\u00f6r alla att delta i arbetslivet. De reformer som nu g\u00f6rs m\u00f6jligg\u00f6r p\u00e5 ett b\u00e4ttre s\u00e4tt att man kan slutf\u00f6ra sina studier, b\u00f6rja jobba eller smidigt \u00f6verg\u00e5 till fortsatta studier, s\u00e4ger Adlercreutz.<\/p>\n<p>Inom yrkesutbildningen inleds \u00e4ven ett \u00e5tta\u00e5rigt f\u00f6rs\u00f6k med syfte att skapa flexibilitet f\u00f6r anordnarna s\u00e5 att de snabbare ska kunna svara mot det lokala eller regionala behovet av utbildad arbetskraft. Till f\u00f6rs\u00f6ket som inleds i\u00a0 januari 2026 v\u00e4ljs maximalt 40 utbildningsanordnare.<\/p>\n<p>\u2013 Vi vill att utbildningsutbudet b\u00e4ttre ska svara mot arbetsmarknadens behov. De som deltar i f\u00f6rs\u00f6ket f\u00e5r friare h\u00e4nder att ordna de flesta yrkesinriktade examina. N\u00e4r f\u00f6retagens behov p\u00e5 det h\u00e4r s\u00e4ttet b\u00e4ttre kan tillgodoses skapas tillv\u00e4xt, syssels\u00e4ttning och v\u00e4lst\u00e5nd. Vid behov kan utbildning ocks\u00e5 ordnas p\u00e5 engelska, s\u00e4ger Anders Adlercreutz<\/p>\n<p>St\u00f6det f\u00f6r l\u00e4rande \u00e4ndras ocks\u00e5 inom s\u00e5v\u00e4l yrkes- som gymnasieutbildningen. St\u00f6dkedjan f\u00f6renhetligas fr\u00e5n sm\u00e5barnspedagogiken till andra stadiet<\/p>\n<p>\u2013 Vi f\u00f6rnyar b\u00e5de strukturen och finansieringen och riktar mera medel till st\u00f6det. Att f\u00e5 r\u00e4tt st\u00f6d i r\u00e4tt tid \u00e4r v\u00e4sentligt f\u00f6r att alla unga ska hitta en v\u00e4g fram\u00e5t, understryker Adlercreutz.<\/p>\n<p>N\u00e4r det g\u00e4ller gymasieutbildningen g\u00f6rs f\u00f6r\u00e4ndringar s\u00e5 att ocks\u00e5 andra f\u00e4rdigheter \u00e4n de rent akademiska uppm\u00e4rksammas. Vidare m\u00f6jligg\u00f6rs\u00a0 att man kan avl\u00e4gga studentexamen p\u00e5 engelska, enligt strikt avgr\u00e4nsade kriterier. Finansieringsgrunderna revideras ocks\u00e5 inom gymnasieutbildningen.<\/p>\n<p>\u2013 Vi genomf\u00f6r allts\u00e5 flera l\u00e4nge efterl\u00e4ngtade reformer. Alla \u00e4mnen \u00e4r viktiga, oberoende av om det \u00e4r fr\u00e5ga om l\u00e4s-, konst- eller f\u00e4rdighets\u00e4mnen. H\u00e4danefter ska man ocks\u00e5 kunna avl\u00e4gga ett studentprov i ett konst- och f\u00e4rdighets\u00e4mne inom bildkonst, gymnastik och musik, s\u00e4ger Adlercreutz.<\/p>\n<\/div>\n","protected":false},"excerpt":{"rendered":"<p>En av den h\u00e4r periodens viktigaste reformer p\u00e5 undervisningsministeriet har nu g\u00e5tt vidare till riksdagen. Statsr\u00e5det har gett tv\u00e5 lagf\u00f6rslag g\u00e4llande andra stadiets utbildning. Svenska folkpartiets ordf\u00f6rande, undervisningsminister Anders Adlercreutz gl\u00e4ds \u00e5t att andra stadiets utbildningar nu \u00e4nnu b\u00e4ttre kan motsvara behoven som finns. V\u00e5rt samh\u00e4lle beh\u00f6ver kunnig och motiverad arbetskraft. Nu g\u00f6rs \u00e4ndringar i [&hellip;]<\/p>\n","protected":false},"author":1,"featured_media":9878,"comment_status":"open","ping_status":"open","sticky":false,"template":"","format":"standard","meta":{"jetpack_post_was_ever_published":false,"_jetpack_newsletter_access":"","jetpack_publicize_message":"","jetpack_is_tweetstorm":false,"jetpack_publicize_feature_enabled":true,"jetpack_social_post_already_shared":true,"jetpack_social_options":{"image_generator_settings":{"template":"highway","enabled":false}}},"categories":[27,86,72,114],"tags":[],"jetpack_publicize_connections":[],"yoast_head":"<!-- This site is optimized with the Yoast SEO plugin v20.12 - https:\/\/yoast.com\/wordpress\/plugins\/seo\/ -->\n<title>Adlercreutz: Andra stadiet reformeras - Anders Adlercreutz<\/title>\n<meta name=\"robots\" content=\"index, follow, max-snippet:-1, max-image-preview:large, max-video-preview:-1\" \/>\n<link rel=\"canonical\" href=\"https:\/\/andersadlercreutz.fi\/blog\/1-utbildning\/adlercreutz-andra-stadiet-reformeras\/\" \/>\n<meta property=\"og:locale\" content=\"sv_SE\" \/>\n<meta property=\"og:type\" content=\"article\" \/>\n<meta property=\"og:title\" content=\"Adlercreutz: Andra stadiet reformeras - Anders Adlercreutz\" \/>\n<meta property=\"og:description\" content=\"En av den h\u00e4r periodens viktigaste reformer p\u00e5 undervisningsministeriet har nu g\u00e5tt vidare till riksdagen. Statsr\u00e5det har gett tv\u00e5 lagf\u00f6rslag g\u00e4llande andra stadiets utbildning. Svenska folkpartiets ordf\u00f6rande, undervisningsminister Anders Adlercreutz gl\u00e4ds \u00e5t att andra stadiets utbildningar nu \u00e4nnu b\u00e4ttre kan motsvara behoven som finns. V\u00e5rt samh\u00e4lle beh\u00f6ver kunnig och motiverad arbetskraft. Nu g\u00f6rs \u00e4ndringar i [&hellip;]\" \/>\n<meta property=\"og:url\" content=\"https:\/\/andersadlercreutz.fi\/blog\/1-utbildning\/adlercreutz-andra-stadiet-reformeras\/\" \/>\n<meta property=\"og:site_name\" content=\"Anders Adlercreutz\" \/>\n<meta property=\"article:published_time\" content=\"2024-10-18T11:15:20+00:00\" \/>\n<meta property=\"article:modified_time\" content=\"2024-10-21T11:16:18+00:00\" \/>\n<meta property=\"og:image\" content=\"https:\/\/andersadlercreutz.fi\/blog\/wp-content\/uploads\/2024\/09\/Anders-staende-inne-1500x891-1.jpg\" \/>\n\t<meta property=\"og:image:width\" content=\"1500\" \/>\n\t<meta property=\"og:image:height\" content=\"722\" \/>\n\t<meta property=\"og:image:type\" content=\"image\/jpeg\" \/>\n<meta name=\"author\" content=\"Anders\" \/>\n<meta name=\"twitter:card\" content=\"summary_large_image\" \/>\n<meta name=\"twitter:label1\" content=\"Skriven av\" \/>\n\t<meta name=\"twitter:data1\" content=\"Anders\" \/>\n\t<meta name=\"twitter:label2\" content=\"Ber\u00e4knad l\u00e4stid\" \/>\n\t<meta name=\"twitter:data2\" content=\"2 minuter\" \/>\n<script type=\"application\/ld+json\" class=\"yoast-schema-graph\">{\"@context\":\"https:\/\/schema.org\",\"@graph\":[{\"@type\":\"WebPage\",\"@id\":\"https:\/\/andersadlercreutz.fi\/blog\/1-utbildning\/adlercreutz-andra-stadiet-reformeras\/\",\"url\":\"https:\/\/andersadlercreutz.fi\/blog\/1-utbildning\/adlercreutz-andra-stadiet-reformeras\/\",\"name\":\"Adlercreutz: Andra stadiet reformeras - Anders Adlercreutz\",\"isPartOf\":{\"@id\":\"https:\/\/andersadlercreutz.fi\/blog\/#website\"},\"datePublished\":\"2024-10-18T11:15:20+00:00\",\"dateModified\":\"2024-10-21T11:16:18+00:00\",\"author\":{\"@id\":\"https:\/\/andersadlercreutz.fi\/blog\/#\/schema\/person\/47d4b72eded862b484f74bb4b3a2354f\"},\"breadcrumb\":{\"@id\":\"https:\/\/andersadlercreutz.fi\/blog\/1-utbildning\/adlercreutz-andra-stadiet-reformeras\/#breadcrumb\"},\"inLanguage\":\"sv-SE\",\"potentialAction\":[{\"@type\":\"ReadAction\",\"target\":[\"https:\/\/andersadlercreutz.fi\/blog\/1-utbildning\/adlercreutz-andra-stadiet-reformeras\/\"]}]},{\"@type\":\"BreadcrumbList\",\"@id\":\"https:\/\/andersadlercreutz.fi\/blog\/1-utbildning\/adlercreutz-andra-stadiet-reformeras\/#breadcrumb\",\"itemListElement\":[{\"@type\":\"ListItem\",\"position\":1,\"name\":\"Home\",\"item\":\"https:\/\/andersadlercreutz.fi\/blog\/blogg\/?lang=sv\"},{\"@type\":\"ListItem\",\"position\":2,\"name\":\"Adlercreutz: Andra stadiet reformeras\"}]},{\"@type\":\"WebSite\",\"@id\":\"https:\/\/andersadlercreutz.fi\/blog\/#website\",\"url\":\"https:\/\/andersadlercreutz.fi\/blog\/\",\"name\":\"Anders Adlercreutz\",\"description\":\"Du. Jag. Vi. Kest&auml;v&auml;sti optimisti\",\"potentialAction\":[{\"@type\":\"SearchAction\",\"target\":{\"@type\":\"EntryPoint\",\"urlTemplate\":\"https:\/\/andersadlercreutz.fi\/blog\/?s={search_term_string}\"},\"query-input\":\"required name=search_term_string\"}],\"inLanguage\":\"sv-SE\"},{\"@type\":\"Person\",\"@id\":\"https:\/\/andersadlercreutz.fi\/blog\/#\/schema\/person\/47d4b72eded862b484f74bb4b3a2354f\",\"name\":\"Anders\",\"image\":{\"@type\":\"ImageObject\",\"inLanguage\":\"sv-SE\",\"@id\":\"https:\/\/andersadlercreutz.fi\/blog\/#\/schema\/person\/image\/\",\"url\":\"https:\/\/secure.gravatar.com\/avatar\/a144c9bda7a581ff6fabba169027e620?s=96&d=mm&r=g\",\"contentUrl\":\"https:\/\/secure.gravatar.com\/avatar\/a144c9bda7a581ff6fabba169027e620?s=96&d=mm&r=g\",\"caption\":\"Anders\"},\"url\":\"https:\/\/andersadlercreutz.fi\/blog\/author\/admin\/\"}]}<\/script>\n<!-- \/ Yoast SEO plugin. -->","yoast_head_json":{"title":"Adlercreutz: Andra stadiet reformeras - Anders Adlercreutz","robots":{"index":"index","follow":"follow","max-snippet":"max-snippet:-1","max-image-preview":"max-image-preview:large","max-video-preview":"max-video-preview:-1"},"canonical":"https:\/\/andersadlercreutz.fi\/blog\/1-utbildning\/adlercreutz-andra-stadiet-reformeras\/","og_locale":"sv_SE","og_type":"article","og_title":"Adlercreutz: Andra stadiet reformeras - Anders Adlercreutz","og_description":"En av den h\u00e4r periodens viktigaste reformer p\u00e5 undervisningsministeriet har nu g\u00e5tt vidare till riksdagen. Statsr\u00e5det har gett tv\u00e5 lagf\u00f6rslag g\u00e4llande andra stadiets utbildning. Svenska folkpartiets ordf\u00f6rande, undervisningsminister Anders Adlercreutz gl\u00e4ds \u00e5t att andra stadiets utbildningar nu \u00e4nnu b\u00e4ttre kan motsvara behoven som finns. V\u00e5rt samh\u00e4lle beh\u00f6ver kunnig och motiverad arbetskraft. Nu g\u00f6rs \u00e4ndringar i [&hellip;]","og_url":"https:\/\/andersadlercreutz.fi\/blog\/1-utbildning\/adlercreutz-andra-stadiet-reformeras\/","og_site_name":"Anders Adlercreutz","article_published_time":"2024-10-18T11:15:20+00:00","article_modified_time":"2024-10-21T11:16:18+00:00","og_image":[{"width":1500,"height":722,"url":"https:\/\/andersadlercreutz.fi\/blog\/wp-content\/uploads\/2024\/09\/Anders-staende-inne-1500x891-1.jpg","type":"image\/jpeg"}],"author":"Anders","twitter_card":"summary_large_image","twitter_misc":{"Skriven av":"Anders","Ber\u00e4knad l\u00e4stid":"2 minuter"},"schema":{"@context":"https:\/\/schema.org","@graph":[{"@type":"WebPage","@id":"https:\/\/andersadlercreutz.fi\/blog\/1-utbildning\/adlercreutz-andra-stadiet-reformeras\/","url":"https:\/\/andersadlercreutz.fi\/blog\/1-utbildning\/adlercreutz-andra-stadiet-reformeras\/","name":"Adlercreutz: Andra stadiet reformeras - Anders Adlercreutz","isPartOf":{"@id":"https:\/\/andersadlercreutz.fi\/blog\/#website"},"datePublished":"2024-10-18T11:15:20+00:00","dateModified":"2024-10-21T11:16:18+00:00","author":{"@id":"https:\/\/andersadlercreutz.fi\/blog\/#\/schema\/person\/47d4b72eded862b484f74bb4b3a2354f"},"breadcrumb":{"@id":"https:\/\/andersadlercreutz.fi\/blog\/1-utbildning\/adlercreutz-andra-stadiet-reformeras\/#breadcrumb"},"inLanguage":"sv-SE","potentialAction":[{"@type":"ReadAction","target":["https:\/\/andersadlercreutz.fi\/blog\/1-utbildning\/adlercreutz-andra-stadiet-reformeras\/"]}]},{"@type":"BreadcrumbList","@id":"https:\/\/andersadlercreutz.fi\/blog\/1-utbildning\/adlercreutz-andra-stadiet-reformeras\/#breadcrumb","itemListElement":[{"@type":"ListItem","position":1,"name":"Home","item":"https:\/\/andersadlercreutz.fi\/blog\/blogg\/?lang=sv"},{"@type":"ListItem","position":2,"name":"Adlercreutz: Andra stadiet reformeras"}]},{"@type":"WebSite","@id":"https:\/\/andersadlercreutz.fi\/blog\/#website","url":"https:\/\/andersadlercreutz.fi\/blog\/","name":"Anders Adlercreutz","description":"Du. Jag. Vi. Kest&auml;v&auml;sti optimisti","potentialAction":[{"@type":"SearchAction","target":{"@type":"EntryPoint","urlTemplate":"https:\/\/andersadlercreutz.fi\/blog\/?s={search_term_string}"},"query-input":"required name=search_term_string"}],"inLanguage":"sv-SE"},{"@type":"Person","@id":"https:\/\/andersadlercreutz.fi\/blog\/#\/schema\/person\/47d4b72eded862b484f74bb4b3a2354f","name":"Anders","image":{"@type":"ImageObject","inLanguage":"sv-SE","@id":"https:\/\/andersadlercreutz.fi\/blog\/#\/schema\/person\/image\/","url":"https:\/\/secure.gravatar.com\/avatar\/a144c9bda7a581ff6fabba169027e620?s=96&d=mm&r=g","contentUrl":"https:\/\/secure.gravatar.com\/avatar\/a144c9bda7a581ff6fabba169027e620?s=96&d=mm&r=g","caption":"Anders"},"url":"https:\/\/andersadlercreutz.fi\/blog\/author\/admin\/"}]}},"jetpack_featured_media_url":"https:\/\/i0.wp.com\/andersadlercreutz.fi\/blog\/wp-content\/uploads\/2024\/09\/Anders-staende-inne-1500x891-1.jpg?fit=1500%2C722&ssl=1","jetpack_shortlink":"https:\/\/wp.me\/p4T6Dh-2AK","jetpack_sharing_enabled":true,"_links":{"self":[{"href":"https:\/\/andersadlercreutz.fi\/blog\/wp-json\/wp\/v2\/posts\/9966"}],"collection":[{"href":"https:\/\/andersadlercreutz.fi\/blog\/wp-json\/wp\/v2\/posts"}],"about":[{"href":"https:\/\/andersadlercreutz.fi\/blog\/wp-json\/wp\/v2\/types\/post"}],"author":[{"embeddable":true,"href":"https:\/\/andersadlercreutz.fi\/blog\/wp-json\/wp\/v2\/users\/1"}],"replies":[{"embeddable":true,"href":"https:\/\/andersadlercreutz.fi\/blog\/wp-json\/wp\/v2\/comments?post=9966"}],"version-history":[{"count":2,"href":"https:\/\/andersadlercreutz.fi\/blog\/wp-json\/wp\/v2\/posts\/9966\/revisions"}],"predecessor-version":[{"id":9970,"href":"https:\/\/andersadlercreutz.fi\/blog\/wp-json\/wp\/v2\/posts\/9966\/revisions\/9970"}],"wp:featuredmedia":[{"embeddable":true,"href":"https:\/\/andersadlercreutz.fi\/blog\/wp-json\/wp\/v2\/media\/9878"}],"wp:attachment":[{"href":"https:\/\/andersadlercreutz.fi\/blog\/wp-json\/wp\/v2\/media?parent=9966"}],"wp:term":[{"taxonomy":"category","embeddable":true,"href":"https:\/\/andersadlercreutz.fi\/blog\/wp-json\/wp\/v2\/categories?post=9966"},{"taxonomy":"post_tag","embeddable":true,"href":"https:\/\/andersadlercreutz.fi\/blog\/wp-json\/wp\/v2\/tags?post=9966"}],"curies":[{"name":"wp","href":"https:\/\/api.w.org\/{rel}","templated":true}]}}